{"id":52447,"date":"2025-09-30T10:26:07","date_gmt":"2025-09-30T16:26:07","guid":{"rendered":"https:\/\/radiozapatista.org\/?p=52447"},"modified":"2025-09-30T11:33:31","modified_gmt":"2025-09-30T17:33:31","slug":"5o-aniversario-de-resistencia-y-rebeldia-en-la-toma-del-inpi-festival-de-arte-resistencia-y-rebeldia","status":"publish","type":"post","link":"https:\/\/radiozapatista.org\/?p=52447","title":{"rendered":"5\u00ba ANIVERSARIO DE RESISTENCIA Y REBELD\u00cdA EN LA TOMA DEL INPI\u201d \u201cFestival de Arte, Resistencia y Rebeld\u00eda\u201d"},"content":{"rendered":"\n<p>Ciudad de M\u00e9xico, septiembre de 2025<\/p>\n\n\n\n<p>Al Comit\u00e9 Clandestino Revolucionario Ind\u00edgena-Comandancia General del EZLN<br>Al Ej\u00e9rcito Zapatista de Liberaci\u00f3n Nacional, EZLN<br>A la Nueva Estructura de la Autonom\u00eda Zapatista<br>A la Comisi\u00f3n Sexta del EZLN<br>Al Congreso Nacional Ind\u00edgena, CNI<br>Al Concejo Ind\u00edgena de Gobierno, CIG<br>A Ma. de Jes\u00fas Patricio Mart\u00ednez, Vocera del CNI-CIG<br>A los Pueblos, Tribus, Naciones, Comunidades y Barrios Originarios que nunca fueron conquistados<br>A la Sexta Nacional e Internacional<br>A las Redes de Resistencia y Rebeld\u00eda<br>A la Europa Insumisa, Digna y Rebelde<br>A Quienes firmaron la Declaraci\u00f3n por la Vida<br>A Quienes luchan y resisten en todo el mundo contra el Genocidio al Pueblo Palestino<br>A los medios libres, independientes, alternativos o como se llamen\u2026<br>Al Pueblo de M\u00e9xico y del mundo.<\/p>\n\n\n\n<p>Herman@s Tod@s<\/p>\n\n\n\n<blockquote class=\"wp-block-quote is-layout-flow wp-block-quote-is-layout-flow\">\n<p>La Cuarta Guerra Mundial est\u00e1 destruyendo a la humanidad en la medida en que la globalizaci\u00f3n es una universalizaci\u00f3n del mercado, y todo lo humano que se oponga a la l\u00f3gica del mercado es un enemigo y debe ser destruido. En este sentido todos somos el enemigo a vencer: ind\u00edgenas, no ind\u00edgenas, observadores de los derechos humanos, maestros, intelectuales, artistas. Cualquiera que se crea libre y no lo est\u00e1\u2026<\/p>\n<\/blockquote>\n\n\n\n<p class=\"has-text-align-right\">\u00abLa Cuarta Guerra Mundial\u00bb SubComandante Insurgente Marcos<br>La Realidad, Chiapas, 20 de noviembre de 1999<\/p>\n\n\n\n<p><strong>12 DE OCTUBRE<br>D\u00cdA DE LA RESISTENCIA Y LA DIGNIDAD IND\u00cdGENA<\/strong><\/p>\n\n\n\n<p>Nosotr@s hombres, mujeres, ni\u00f1@s y ancian@s integrantes de la Comunidad Ind\u00edgena Otom\u00ed, residentes en la CDMX, no tenemos nada que celebrar que no sean\u2026<\/p>\n\n\n\n<p>\u201c533 A\u00d1OS DE RESISTENCIA Y DIGNIDAD DE NUESTROS PUEBLOS\u201d<br>\u201c29 A\u00d1OS DE LA FUNDACI\u00d3N DEL CONGRESO NACIONAL IND\u00cdGENA, CNI\u201d<br>\u201c5 A\u00d1OS DE LA TOMA DEL MAL LLAMADO INSTITUTO NACIONAL DE LOS PUEBLOS IND\u00cdGENAS, INPI\u201d<\/p>\n\n\n\n<p>Compa\u00f1er@s Tod@s<\/p>\n\n\n\n<p>Desde Casa de los Pueblos y Comunidades Ind\u00edgenas \u201cSamir Flores Soberanes\u201d y a 5 a\u00f1os de la Toma del mal llamado Instituto Nacional de los Pueblos Ind\u00edgenas, INPI, nosotr@s hombres, mujeres, ni\u00f1@s y ancian@s integrantes de la Comunidad Ind\u00edgena Otom\u00ed, residentes en la CDMX, denunciamos, que con otros dicursos, con otros programas de gobierno, con otros nombres, con otros rostros, con otra \u201cprocuraci\u00f3n de justicia\u201d, la \u201cTranformaci\u00f3n\u201d, sigue imponiendo colonizaci\u00f3n, esclavitud, desapariciones forzadas, asesinatos, desplazamientos, militarizaci\u00f3n y despojo del agua, la vida y el territorio. 5 a\u00f1os tambi\u00e9n, de que los traidores de los Pueblos, Adelfo Regino Montes y Hugo Aguilar Ort\u00edz, no despachan en lo que fueron sus oficinas.<\/p>\n\n\n\n<p>533 a\u00f1os de Resistencia y Dignidad Ind\u00edgena han pasado, y ellos siguen celebrando el \u201cEncuentro de dos Mundos\u201do la \u201cConquista de Am\u00e9rica\u201d, no reconocen que esta fecha, representa para los pueblos, el mayor genocidio en la historia de la humanidad y el exterminio de nuestras formas de gbobierno, lenguas, cultutas, tradiciones. Por tanto, nosotros reafirmamos, que la guerra capitalista que se impone sobre nuestros pueblos originarios y comunidades ind\u00edgenas, es el verdadero rostro de la mal llamada Cuarta Tranformaci\u00f3n, la misma que avanza sobre las cuatro ruedas del capitalismo, Explotando, Despojando, Reprimiendo y Despreciando la lucha y la resistencia de nuestros pueblos.<\/p>\n\n\n\n<!--more-->\n\n\n\n<p>A 29 a\u00f1os de la fundaci\u00f3n del Congreso Nacional Ind\u00edgena, CNI-CIG, los pueblos que luchamos y resistimos, savemos, que la Cuarta Transformaci\u00f3n, es una Pir\u00e1mide m\u00e1s, que sotiene al Sistema Capitalista y Patriarcal, el mismo sistema que despoja a nuestros pueblos de sus tierras y territorios; institucionaliza la impunidad y la simulaci\u00f3n, la hace pol\u00edtica de gobierno. Sin embargo, como garante de su tranformaci\u00f3n, nombraron a una Suprema Corte de Justicia de la Naci\u00f3n, a modo, para seguir imponiendo, mega proyectos de muerte como el Tren Maya y el Corredor Interoce\u00e1nico y el Proyecto Integral Morelos; as\u00ed mismo, los mal llamados \u201cPlanes de Justicia\u201d y sus \u201creformas constitucionales\u201d, no sirvene para nada, pero eso si, los presentan como los instrumentos \u201cpara atender las hist\u00f3ricas necesidades y leg\u00edtimas demandas de las comunidades ind\u00edgenas y afromexicana\u201d. Pura burla, pues la escencia fundamental de la tranformaci\u00f3n de cuarta, es buscar por todos los medios posibles, el exterminio de los pueblos originarios destruyendo su autonom\u00eda y autodeterminaci\u00f3n, como es el caso de nuetros hermanos zapatistas.<\/p>\n\n\n\n<p>En medio de esta guerra capitalista, nosotr@s, integrantes de la Comunidad Ind\u00edgena Otom\u00ed, hace m\u00e1s de 30 a\u00f1os decidimos alzar la voz y exigir algo muy simple y que la Constutuci\u00f3n establece, el derecho al trabajo, tierra, techo, alimentaci\u00f3n, salud, educaci\u00f3n, independencia, libertad, democracia, justicia y paz. Hoy, nuevamente alzamos la voz, pero en esta ocasi\u00f3n para exigirle a Usted, Se\u00f1ora President\u201cA\u201d y a su Gobierno Federal; al Ej\u00e9rcito M\u00e9xicano; a la Guardia Nacional; a la Marina, a la polic\u00eda estatal y municipal; a la contraindurgencia y al Crimen organizado y desorganizado, \u201cQUE SAQUEN LAS MANOS Y A SUS MILITARES Y POLIC\u00cdAS DE TERRITORIO ZAPATISTA. QUE RESPETEN LA AUTONOM\u00cdA Y AUTODETERMINACI\u00d3N DE LOS PUEBLOS. QUE RESPETEN LAS TIERRAS RECUPERADAS PORQUE AH\u00cd, SE TRABAJA EN COLECTIVO Y SE CONTRUYE \u201cEL COM\u00daN\u201d, EL MISMO QUE BROTAR\u00c1 COMO SEMILLAS, SIN IMPORTAR CALENDARIOS Y GEOGRAF\u00cdAS.<\/p>\n\n\n\n<p>Por todo lo anterior, nosotr@s, la Comunidad Ind\u00edgena Otom\u00ed residente en la CDMX, reiteramos que\u2026,<\/p>\n\n\n\n<p>\u00a1\u00a1No nos Vendemos!!, \u00a1\u00a1No Claudicamos!! y \u00a1\u00a1No traicionamos.!!<\/p>\n\n\n\n<p>Llamamos a las dignas rabias, a los dolores que surgen de nuestras entra\u00f1as, a l@s olvidad@s, a l@s despalzad@s, a l@s pres@s de conciencia, a las mujeres que de pors\u00ed, luchan y resisten, a los Pueblos Originarios y Comunidades Ind\u00edgenas del CNI-CIG y del M\u00e9xico de abajo, a las organizaciones sociales, civiles y pol\u00edticas, a las muy diversas coletividades, a las Madres y Padres de Ayotzinapa, a las v\u00edctimas de l@s miles de desaparecid@s, a las Madres Buscadoras, a todas la Resistencia y Rebeld\u00edas que luchan contra el Genocidio y por una Paletina Libre, a las mercaditas, a los artistas, m\u00fasicos, a la@s otroas, para que nos acompa\u00f1en y participen del\u2026<\/p>\n\n\n\n<p class=\"has-text-align-center\">5\u00ba ANIVERSARIO DE RESISTENCIA Y REBELD\u00cdA EN LA TOMA DEL INPI\u201d<br>\u201cFestival de Arte, Resistencia y Rebeld\u00eda\u201d<\/p>\n\n\n\n<p class=\"has-text-align-center\">\u201c533 A\u00d1OS DE RESISTENCIA Y DIGNIDAD DE NUESTROS PUEBLOS\u201d<br>\u201c29 A\u00d1OS DE LA FUNDACI\u00d3N DEL CONGRESO NACIONAL IND\u00cdGENA, CNI\u201d<\/p>\n\n\n\n<p class=\"has-text-align-center\">11 y 12 de Octubre, 11:00 Hrs. Casa de los Pueblos y Comunidades Ind\u00edgenas \u201cSamir Flores Soberanes\u201d<br>Av. M\u00e9xico Coyoac\u00e1n 343, Col. Xoco. Benito Ju\u00e1rez<\/p>\n\n\n\n<h4 class=\"wp-block-heading\">11 DE OCTUBRE, ACTIVIDADES<\/h4>\n\n\n\n<p>CONVERSATORIOS, TALLERES Y BAILE<\/p>\n\n\n\n<p>11:00 Hrs. Bienvenida y Anuncio de las actividades, en el marco del 5\u00ba Aniversario de la Toma INPI<\/p>\n\n\n\n<p>11:30 Hrs. Conversatorio.<\/p>\n\n\n\n<p>La IV Guerra Mundial y sus Constantes, frente a la Resistencia de los Pueblos Originarios y la Construcci\u00f3n de \u201cEl Com\u00fan\u201d<\/p>\n\n\n\n<p>\u2013 La conquista de territorios y su reorganizaci\u00f3n.<\/p>\n\n\n\n<p>\u2013 La destrucci\u00f3n del enemigo.<\/p>\n\n\n\n<p>\u2013 La administraci\u00f3n de la Conquista<\/p>\n\n\n\n<p>\u2013 C\u00f3mo Resistimos y nos Organizamos en la Construcci\u00f3n de \u201cEl Com\u00fan\u201d<\/p>\n\n\n\n<p>12:45 Hrs. Conversatorio.<\/p>\n\n\n\n<p>Gentrificaci\u00f3n contra el Derecho a la Ciudad y la Lucha Anticapitalista.<\/p>\n\n\n\n<p>\u2013 Derecho a una Vivienda Digna y Decorosa, Art. 4\u00ba Constitucional<\/p>\n\n\n\n<p>\u2013 Transformci\u00f3n y Simulaci\u00f3n frente a las 13 demandas zapatistas<\/p>\n\n\n\n<p>\u2013 Como resistimos y nos organizamos frente al deposjo de la Pir\u00e1mide<\/p>\n\n\n\n<p>14:00 Hrs. Conversatorio-Taller<\/p>\n\n\n\n<p>\u2013 Gr\u00e1fica, Herramientas para la Resistencia<\/p>\n\n\n\n<p>Imparte, Ocupa Gr\u00e1fica (Roit, Chxein, Rafa)<\/p>\n\n\n\n<p>15:00 Hrs. COMIDA<\/p>\n\n\n\n<p>16:00 Hrs. Presentaci\u00f3n<\/p>\n\n\n\n<p>Fanzine de la Resistencia y la Rebeld\u00eda,<\/p>\n\n\n\n<p>\u2013 Presentaci\u00f3n del Trabajo Colectivo desde la Casa de los Pueblos y Comunidades Ind\u00edgenas \u201cSamir Flores Soberanes\u201d. Editorial, Construyendo \u201cEl Com\u00fan\u201d<\/p>\n\n\n\n<p>17:00 Hrs. Conversatorio, Palestina Libre!!!<\/p>\n\n\n\n<p>Documental, The Wanted. \u201cLas 14 vacas Fugitivas\u201d<\/p>\n\n\n\n<p>Expo-Fotograf\u00eda Colectiva, por Palestina, (foro abierto, s\u00famate y participa)<\/p>\n\n\n\n<p>Proyecci\u00f3n de Pel\u00edcula<\/p>\n\n\n\n<p>18:00 Hrs. Proyecci\u00f3n del Documental<\/p>\n\n\n\n<p>El Origen de la Lluvia.<\/p>\n\n\n\n<p>Resistencia en la Defensa del Agua en la regi\u00f3n Cholulteca, Puebla<\/p>\n\n\n\n<p>19:30 Hrs. M\u00fasica y Alegre Rebeld\u00eda.<\/p>\n\n\n\n<p>\u2013 Toque Bulanga<\/p>\n\n\n\n<p>\u2013 Huapango Veracruzano<\/p>\n\n\n\n<p>\u2013 Amenic<\/p>\n\n\n\n<p>\u2013 Mexikan<\/p>\n\n\n\n<h4 class=\"wp-block-heading\">12 DE OCTUBRE, ACTIVIDADES,<\/h4>\n\n\n\n<p>ACTO POL\u00cdTICO-CULTURAL<\/p>\n\n\n\n<p>11:00 Hrs. Instalaci\u00f3n del Precidium e invitad@s<\/p>\n\n\n\n<p>11:30 Hrs.<\/p>\n\n\n\n<p>Presentaci\u00f3n de Invitad@s y Bienvenida por parte de la Comunidad Otom\u00ed al 5\u00ba Aniversario de la TomaINPI<\/p>\n\n\n\n<p>Lectura del Comunicado de la Comunidad Otom\u00ed, a 5 a\u00f1os de la Toma del INPI<\/p>\n\n\n\n<p>Palabras del Congreso Nacional Ind\u00edgena, CNI-CIG<\/p>\n\n\n\n<p>Mensaje de nuestr@s invitad@s<\/p>\n\n\n\n<p>Mensaje de Invitados Internacionales<\/p>\n\n\n\n<p>13:00 Hrs.<\/p>\n\n\n\n<p>Actividades de \u201cArte, Resistencia y Rebeld\u00eda contra la Guerra\u201d<\/p>\n\n\n\n<p>\u2013 Obra de Teatro, \u201cLa Historia de los Buenos y los Malos\u201d<\/p>\n\n\n\n<p>\u2013 Ni\u00f1@s, Escuelita Aut\u00f3noma Otom\u00ed<\/p>\n\n\n\n<p>Primer Acto: Salen del Pueblo<\/p>\n\n\n\n<p>Segundo Acto: Llegan a la CDMX y los desalojan<\/p>\n\n\n\n<p>Tercer acto: Toman el INPI<\/p>\n\n\n\n<p>15:00 Hrs. COMIDA<\/p>\n\n\n\n<p>&nbsp;Mazatzintli, M\u00fasica M\u00e9xicana<\/p>\n\n\n\n<p>16:00 Hrs. Participaci\u00f3n Cultural de la Comunidad Otom\u00ed<\/p>\n\n\n\n<p>&nbsp;17:30 Hrs. SORPRESA de la RESISTENCIA y la REBELD\u00cdA OTOM\u00cd<\/p>\n\n\n\n<p>18:00 Hrs. M\u00daSICA Y ALEGRE REBELD\u00cdA<\/p>\n\n\n\n<p>\u2013 Sembrando Son<\/p>\n\n\n\n<p>\u2013 La Mixante\u00f1a de Santa Cecilia<\/p>\n\n\n\n<p>\u2013 \u201cFlores\u201d, Canta Autor, M\u00fasica Rebelde<\/p>\n\n\n\n<p>\u2013 Hunaac-Cel<\/p>\n\n\n\n<p>\u2013 DestaK2-Musical<\/p>\n\n\n\n<p>Sin su paso compa\u00f1ero, su abrazo solidario y su pu\u00f1o combativo, no habriamos llegado a este 5\u00ba Aniversatio de la Toma INPI. Queremos compartir con ustedes alimentos y disfrutar junt@s de m\u00fasica, poes\u00eda, danza, teatro, baile y mucha alegre rebeld\u00eda, tambi\u00e9n habr\u00e1 venta de artesan\u00edas, libros, carteles, caf\u00e9, miel, playeras, libros, grabados, rifas, etc., pues habr\u00e1 un Bazar de las Resistencias y Rebeld\u00edas. No faltes, apuntate y participa\u2026<\/p>\n\n\n\n<p>La cita es este 11 y 12 de octubre a las 11:00 Hrs. Casa de los Pueblos y Comunidades Ind\u00edgenas \u201cSamir Flores Soberanes\u201d. Avenida M\u00e9xico-Coyoac\u00e1n 343, Col. Xoco. Benito Ju\u00e1rez.<\/p>\n\n\n\n<p class=\"has-text-align-center\">ATENTAMENTE<\/p>\n\n\n\n<p class=\"has-text-align-center\">Que viva \u201cEL COM\u00daN\u201d<br>Que viva la nueva Estructura de la Autonom\u00eda Zapatista<br>Alto a la Guerra en contra de los Pueblos Zapatistas<br>Por la Reconstituci\u00f3n Integral de nuestros Pueblos<br>Zapata Vive, la Lucha Sigue<br>Samir Vive la Lucha Sigue<br>Galeano Vive, la Lucha Sigue<br>Viva nuestra Comandanta Ramona<br>Hasta que la Dignidad y la Justicia se hagan costumbre<br>Vivos los Llevaron, Vivos los Queremos<br>Viva el CNI, Viva el CIG, Viva el EZLN<br>Viva la Asamblea Nacional por el Agua, la Vida y el Territorio<br>Agua, Tierra y Libertad<\/p>\n\n\n\n<p class=\"has-text-align-center\">Comunidad Ind\u00edgena Otom\u00ed residente en la CDMX<\/p>\n","protected":false},"excerpt":{"rendered":"<p>Ciudad de M\u00e9xico, septiembre de 2025 Al Comit\u00e9 Clandestino Revolucionario Ind\u00edgena-Comandancia General del EZLNAl Ej\u00e9rcito Zapatista de Liberaci\u00f3n Nacional, EZLNA la Nueva Estructura de la Autonom\u00eda ZapatistaA la Comisi\u00f3n Sexta del EZLNAl Congreso Nacional Ind\u00edgena, CNIAl Concejo Ind\u00edgena de Gobierno, CIGA Ma. de Jes\u00fas Patricio Mart\u00ednez, Vocera del CNI-CIGA los Pueblos, Tribus, Naciones, Comunidades y [&hellip;]<\/p>\n","protected":false},"author":21,"featured_media":52448,"comment_status":"open","ping_status":"closed","sticky":false,"template":"","format":"standard","meta":{"footnotes":""},"categories":[957,51,826,958,954,959,935],"tags":[58,53,567,147,545,87,148,27,483],"class_list":["post-52447","post","type-post","status-publish","format-standard","has-post-thumbnail","hentry","category-autonomia","category-autor","category-medios-libres-2","category-megaproyectos","category-mexico","category-migracion","category-temas","tag-derechos-humanos","tag-justicia","tag-megaproyectos","tag-militarizacion","tag-pueblos-indigenas","tag-represion","tag-resistencia","tag-solidaridad","tag-tierra-y-territorio"],"_links":{"self":[{"href":"https:\/\/radiozapatista.org\/index.php?rest_route=\/wp\/v2\/posts\/52447","targetHints":{"allow":["GET"]}}],"collection":[{"href":"https:\/\/radiozapatista.org\/index.php?rest_route=\/wp\/v2\/posts"}],"about":[{"href":"https:\/\/radiozapatista.org\/index.php?rest_route=\/wp\/v2\/types\/post"}],"author":[{"embeddable":true,"href":"https:\/\/radiozapatista.org\/index.php?rest_route=\/wp\/v2\/users\/21"}],"replies":[{"embeddable":true,"href":"https:\/\/radiozapatista.org\/index.php?rest_route=%2Fwp%2Fv2%2Fcomments&post=52447"}],"version-history":[{"count":2,"href":"https:\/\/radiozapatista.org\/index.php?rest_route=\/wp\/v2\/posts\/52447\/revisions"}],"predecessor-version":[{"id":52451,"href":"https:\/\/radiozapatista.org\/index.php?rest_route=\/wp\/v2\/posts\/52447\/revisions\/52451"}],"wp:featuredmedia":[{"embeddable":true,"href":"https:\/\/radiozapatista.org\/index.php?rest_route=\/wp\/v2\/media\/52448"}],"wp:attachment":[{"href":"https:\/\/radiozapatista.org\/index.php?rest_route=%2Fwp%2Fv2%2Fmedia&parent=52447"}],"wp:term":[{"taxonomy":"category","embeddable":true,"href":"https:\/\/radiozapatista.org\/index.php?rest_route=%2Fwp%2Fv2%2Fcategories&post=52447"},{"taxonomy":"post_tag","embeddable":true,"href":"https:\/\/radiozapatista.org\/index.php?rest_route=%2Fwp%2Fv2%2Ftags&post=52447"}],"curies":[{"name":"wp","href":"https:\/\/api.w.org\/{rel}","templated":true}]}}