{"id":52444,"date":"2025-09-30T10:12:28","date_gmt":"2025-09-30T16:12:28","guid":{"rendered":"https:\/\/radiozapatista.org\/?p=52444"},"modified":"2025-09-30T10:12:29","modified_gmt":"2025-09-30T16:12:29","slug":"la-via-campesina-denuncia-criminalizacion-y-brutal-represion-contra-pueblos-indigenas-campesinos-y-sectores-sociales-en-ecuador","status":"publish","type":"post","link":"https:\/\/radiozapatista.org\/?p=52444","title":{"rendered":"La V\u00eda Campesina denuncia criminalizaci\u00f3n y brutal represi\u00f3n contra pueblos ind\u00edgenas, campesinos y sectores sociales en Ecuador"},"content":{"rendered":"\n<p>(Bagnolet, 30 de septiembre) A una semana del inicio del <strong>Paro Nacional convocado por el movimiento ind\u00edgena, junto con otros sectores sociales organizados de Ecuador: <\/strong>trabajadores, estudiantes, mujeres y sindicatos, en respuesta a las medidas de ajuste econ\u00f3mico. <strong>Como La V\u00eda Campesina nos unimos a la voz de lucha y denuncia que busca alertar sobre los graves impactos del neoliberalismo en la vida de la poblaci\u00f3n, <\/strong>contra los acuerdos antidemocr\u00e1ticos del Fondo Monetario Internacional (FMI). Exigimos el cese a la represi\u00f3n, a la criminalizaci\u00f3n y a los proyectos extractivos que atentan contra la vida de las personas y de la naturaleza.<\/p>\n\n\n\n<p><strong>Ratificamos que en el Ecuador, el derecho a la resistencia est\u00e1 consagrado en el Art\u00edculo 98 de la Constituci\u00f3n de 2008.<\/strong> Denunciamos las maniobras pol\u00edticas de Daniel Noboa de llamar a una Consulta Popular y convocar a una Asamblea Constituyente <strong>para consolidar un r\u00e9gimen autoritario y perpetuar un modelo que atropella los derechos leg\u00edtimos de los pueblos. <\/strong>El referendo busca permitir la instalaci\u00f3n de bases militares extranjeras y eliminar la obligaci\u00f3n del Estado de asignar recursos a las organizaciones pol\u00edticas.<\/p>\n\n\n\n<p>Adem\u00e1s, la Constituci\u00f3n vigente, de 2008, <strong>no solo reconoce los derechos colectivos de los pueblos y nacionalidades ind\u00edgenas, sino que otorga el derecho a tomar decisiones sobre sus territorios para evitar los impactos de las industrias extractivas y conservar su cultura,<\/strong> a la vez, es la primera constituci\u00f3n en el mundo en reconocer los derechos de la naturaleza. Acabar con la actual constituci\u00f3n, significa cero Reforma Agraria para el campesinado y eliminar todos los derechos colectivos, la Soberan\u00eda Alimentaria y la Econom\u00eda Popular y solidaria. E<strong>l objetivo es apoderase de todos los bienes naturales, tierra, agua, minerales y la biodiversidad y entregar a los poderes capitalistas empresariales tanto a nivel nacional como transnacional.<\/strong><\/p>\n\n\n\n<p>Aunque el detonante de las actuales movilizaciones fue el retiro del subsidio del di\u00e9sel, <strong>las organizaciones han indicado que este hecho encarece el transporte, la producci\u00f3n campesina y los alimentos, profundizando la pobreza y la desigualdad, fomentando el hambre en el campo y en las ciudades<\/strong>. Mientras, el gobierno evade las verdaderas soluciones a la inseguridad, el desempleo y el costo de vida aumenta para los sectores populares y empobrecidos. Asimismo, se prev\u00e9&nbsp;el incremento del gas de uso dom\u00e9stico, y la privatizaci\u00f3n del Instituto de Seguridad Social y Seguro Campesino.<\/p>\n\n\n\n<p>Durante estos 7 d\u00edas, <strong>la respuesta del Gobierno ha sido el uso desmedido de la fuerza estatal, no solo para criminalizar la protesta, sino tambi\u00e9n para infundir terror en la poblaci\u00f3n<\/strong>. Llamamos a la comunidad internacional a estar atentos ante el tenso clima pol\u00edtico que vive el pa\u00eds, es urgente que cese la represi\u00f3n y la criminalizaci\u00f3n.\u00a0 <strong>Alertamos sobre el grave riesgo que enfrenta la democracia en el Ecuador, y exigimos que la ejecuci\u00f3n extrajudicial de Efra\u00edn Fuerez, <\/strong>comunero ind\u00edgena, quien recibi\u00f3 tres impactos de bala, no quede en la impunidad. Repudiamos en\u00e9rgicamente la utilizaci\u00f3n de las Fuerzas Militares para reprimir a las poblaciones.\u00a0Adem\u00e1s, pedimos la liberaci\u00f3n inmediata de los 12 procesados de Otavalo, quienes fueron traslados ilegalmente a c\u00e1rceles en Manab\u00ed y Esmeraldas.<\/p>\n\n\n\n<p><strong>Hacemos eco de las denuncias de organizaciones de derechos humanos, que han registrado graves violaciones de derechos<\/strong> como: detenciones ilegales, posibles casos de tortura y desaparici\u00f3n, uso desproporcionado de la fuerza, empleo de armas letales, que ponen en riesgo la vida, integridad y dignidad de los pueblos, as\u00ed como congelamiento ilegal de cuentas bancarias de organizaciones &nbsp;y l\u00edderes sociales.<\/p>\n\n\n\n<p><strong>Denunciamos, que en el contexto del Paro Nacional, tambi\u00e9n se han cerrado medios comunitarios<\/strong>, se ha usado inhibidores de se\u00f1al de internet y se ha cortado la electricidad, con el fin de que no se registre el terror y las masacres que viven en las comunidades.<\/p>\n\n\n\n<p><strong>Frente al silencio c\u00f3mplice de la justicia y de los medios de comunicaci\u00f3n tradicionales, reconocemos a la comunicaci\u00f3n popular<\/strong> como una fuerza organizada que est\u00e1 visibilizando la voz de lxs defensores, la leg\u00edtima resistencia\u00a0y la violaci\u00f3n de derechos humanos, rechazamos narrativas que criminalizan las lucha y la organizaci\u00f3n social.<\/p>\n\n\n\n<p>Expresamos nuestra solidaridad con los pueblos ind\u00edgenas, campesinado, estudiantes, trabajadores y mujeres en su leg\u00edtimo ejercicio de su derecho a la resistencia y<strong> valoramos la valent\u00eda de quienes se movilizan en defensa de la vida digna y justa para todxs.<\/strong><\/p>\n\n\n\n<h4 class=\"wp-block-heading\"><strong>\u00a1Nuestros <\/strong><strong>compa\u00f1erxs<\/strong><strong> son ind\u00edgenas, campesinxs, <\/strong><strong>agricultorxs<\/strong><strong>, estudiantes, trabajadores,<\/strong><strong> mujeres, diversidades,<\/strong><strong> no terroristas!<\/strong><\/h4>\n\n\n\n<h4 class=\"wp-block-heading\"><strong>\u00a1Respeten la vida y la dignidad de los pueblos organizados!<\/strong><\/h4>\n\n\n\n<p><\/p>\n","protected":false},"excerpt":{"rendered":"<p>(Bagnolet, 30 de septiembre) A una semana del inicio del Paro Nacional convocado por el movimiento ind\u00edgena, junto con otros sectores sociales organizados de Ecuador: trabajadores, estudiantes, mujeres y sindicatos, en respuesta a las medidas de ajuste econ\u00f3mico. Como La V\u00eda Campesina nos unimos a la voz de lucha y denuncia que busca alertar sobre [&hellip;]<\/p>\n","protected":false},"author":1,"featured_media":52445,"comment_status":"open","ping_status":"closed","sticky":false,"template":"","format":"standard","meta":{"footnotes":""},"categories":[51,953],"tags":[162,545],"class_list":["post-52444","post","type-post","status-publish","format-standard","has-post-thumbnail","hentry","category-autor","category-mundo","tag-ecuador","tag-pueblos-indigenas"],"_links":{"self":[{"href":"https:\/\/radiozapatista.org\/index.php?rest_route=\/wp\/v2\/posts\/52444","targetHints":{"allow":["GET"]}}],"collection":[{"href":"https:\/\/radiozapatista.org\/index.php?rest_route=\/wp\/v2\/posts"}],"about":[{"href":"https:\/\/radiozapatista.org\/index.php?rest_route=\/wp\/v2\/types\/post"}],"author":[{"embeddable":true,"href":"https:\/\/radiozapatista.org\/index.php?rest_route=\/wp\/v2\/users\/1"}],"replies":[{"embeddable":true,"href":"https:\/\/radiozapatista.org\/index.php?rest_route=%2Fwp%2Fv2%2Fcomments&post=52444"}],"version-history":[{"count":1,"href":"https:\/\/radiozapatista.org\/index.php?rest_route=\/wp\/v2\/posts\/52444\/revisions"}],"predecessor-version":[{"id":52446,"href":"https:\/\/radiozapatista.org\/index.php?rest_route=\/wp\/v2\/posts\/52444\/revisions\/52446"}],"wp:featuredmedia":[{"embeddable":true,"href":"https:\/\/radiozapatista.org\/index.php?rest_route=\/wp\/v2\/media\/52445"}],"wp:attachment":[{"href":"https:\/\/radiozapatista.org\/index.php?rest_route=%2Fwp%2Fv2%2Fmedia&parent=52444"}],"wp:term":[{"taxonomy":"category","embeddable":true,"href":"https:\/\/radiozapatista.org\/index.php?rest_route=%2Fwp%2Fv2%2Fcategories&post=52444"},{"taxonomy":"post_tag","embeddable":true,"href":"https:\/\/radiozapatista.org\/index.php?rest_route=%2Fwp%2Fv2%2Ftags&post=52444"}],"curies":[{"name":"wp","href":"https:\/\/api.w.org\/{rel}","templated":true}]}}