{"id":52431,"date":"2025-09-29T21:06:26","date_gmt":"2025-09-30T03:06:26","guid":{"rendered":"https:\/\/radiozapatista.org\/?p=52431"},"modified":"2025-09-29T21:16:36","modified_gmt":"2025-09-30T03:16:36","slug":"ezln-imagenes-para-la-mananera-de-los-finqueros","status":"publish","type":"post","link":"https:\/\/radiozapatista.org\/?p=52431","title":{"rendered":"EZLN | IM\u00c1GENES PARA LA MA\u00d1ANERA DE LOS FINQUEROS"},"content":{"rendered":"\n<p class=\"has-text-align-center\"><strong>IM\u00c1GENES PARA LA MA\u00d1ANERA DE LOS FINQUEROS<\/strong><\/p>\n\n\n\n<figure class=\"wp-block-embed is-type-video is-provider-vimeo wp-block-embed-vimeo\"><div class=\"wp-block-embed__wrapper\">\n<iframe loading=\"lazy\" title=\"IM\u00c1GENES PARA LA MA\u00d1ANERA DE LOS FINQUEROS\" src=\"https:\/\/player.vimeo.com\/video\/1123070275?dnt=1&amp;app_id=122963\" width=\"500\" height=\"281\" frameborder=\"0\" allow=\"autoplay; fullscreen; picture-in-picture; clipboard-write; encrypted-media; web-share\" referrerpolicy=\"strict-origin-when-cross-origin\"><\/iframe>\n<\/div><\/figure>\n\n\n\n<p><br>Im\u00e1genes cortes\u00eda de los Terci@s Compas Zapatistas<\/p>\n","protected":false},"excerpt":{"rendered":"<p>IM\u00c1GENES PARA LA MA\u00d1ANERA DE LOS FINQUEROS Im\u00e1genes cortes\u00eda de los Terci@s Compas Zapatistas<\/p>\n","protected":false},"author":21,"featured_media":52432,"comment_status":"open","ping_status":"closed","sticky":false,"template":"","format":"standard","meta":{"footnotes":""},"categories":[957,51,6,955,118,958,954,935],"tags":[667,644,58,926,53,147,23,545,87,148,27],"class_list":["post-52431","post","type-post","status-publish","format-standard","has-post-thumbnail","hentry","category-autonomia","category-autor","category-chiapas","category-ezln-temas","category-ezln","category-megaproyectos","category-mexico","category-temas","tag-baezln","tag-comunicados-ezln","tag-derechos-humanos","tag-ezln","tag-justicia","tag-militarizacion","tag-paramilitares","tag-pueblos-indigenas","tag-represion","tag-resistencia","tag-solidaridad"],"_links":{"self":[{"href":"https:\/\/radiozapatista.org\/index.php?rest_route=\/wp\/v2\/posts\/52431","targetHints":{"allow":["GET"]}}],"collection":[{"href":"https:\/\/radiozapatista.org\/index.php?rest_route=\/wp\/v2\/posts"}],"about":[{"href":"https:\/\/radiozapatista.org\/index.php?rest_route=\/wp\/v2\/types\/post"}],"author":[{"embeddable":true,"href":"https:\/\/radiozapatista.org\/index.php?rest_route=\/wp\/v2\/users\/21"}],"replies":[{"embeddable":true,"href":"https:\/\/radiozapatista.org\/index.php?rest_route=%2Fwp%2Fv2%2Fcomments&post=52431"}],"version-history":[{"count":2,"href":"https:\/\/radiozapatista.org\/index.php?rest_route=\/wp\/v2\/posts\/52431\/revisions"}],"predecessor-version":[{"id":52434,"href":"https:\/\/radiozapatista.org\/index.php?rest_route=\/wp\/v2\/posts\/52431\/revisions\/52434"}],"wp:featuredmedia":[{"embeddable":true,"href":"https:\/\/radiozapatista.org\/index.php?rest_route=\/wp\/v2\/media\/52432"}],"wp:attachment":[{"href":"https:\/\/radiozapatista.org\/index.php?rest_route=%2Fwp%2Fv2%2Fmedia&parent=52431"}],"wp:term":[{"taxonomy":"category","embeddable":true,"href":"https:\/\/radiozapatista.org\/index.php?rest_route=%2Fwp%2Fv2%2Fcategories&post=52431"},{"taxonomy":"post_tag","embeddable":true,"href":"https:\/\/radiozapatista.org\/index.php?rest_route=%2Fwp%2Fv2%2Ftags&post=52431"}],"curies":[{"name":"wp","href":"https:\/\/api.w.org\/{rel}","templated":true}]}}