{"id":52426,"date":"2025-09-29T16:30:35","date_gmt":"2025-09-29T22:30:35","guid":{"rendered":"https:\/\/radiozapatista.org\/?p=52426"},"modified":"2025-09-29T18:44:19","modified_gmt":"2025-09-30T00:44:19","slug":"el-congreso-nacional-indigena-denuncia-las-continuas-agresiones-en-contra-de-las-bases-de-apoyo-del-ezln-pertenecientes-al-poblado-de-belen-region-campesina-del-caracol-8-dolores-hidalgo-y-en-forma","status":"publish","type":"post","link":"https:\/\/radiozapatista.org\/?p=52426","title":{"rendered":"El Congreso Nacional Ind\u00edgena denuncia las continuas agresiones en contra de las Bases de Apoyo del EZLN, pertenecientes al poblado de Bel\u00e9n, regi\u00f3n campesina del Caracol 8 Dolores Hidalgo, y en forma URGENTE convoca a la organizaci\u00f3n y movilizaci\u00f3n en su apoyo y solidaridad"},"content":{"rendered":"\n<p>A los pueblos de M\u00e9xico y del mundo,<br>A los organismos y colectivos defensores de derechos humanos,<br>A las Redes de Resistencia y Rebeld\u00eda,<br>A la Sexta Nacional e Internacional,<br>A l@s firmantes de Una Declaraci\u00f3n por la Vida en los cinco continentes,<br>A la Europa Insumisa, Digna y Rebelde.<\/p>\n\n\n\n<p>Con rabia, hacemos nuestra la denuncia realizada por la <strong>ASAMBLEA DE COLECTIVOS DE GOBIERNOS AUT\u00d3NOMOS ZAPATISTAS<\/strong> en el sentido de que los d\u00edas 22 de abril, 12 de mayo, 12 de julio y 29 de agosto del a\u00f1o en curso se presentaron al poblado Bel\u00e9n de la regi\u00f3n campesina del Caracol 8 Dolores Hidalgo, 30 personas pertenecientes al municipio de Huixt\u00e1n, resguardadas por el Ej\u00e9rcito Mexicano junto con la polic\u00eda municipal de Ocosingo y encabezadas por <strong>EMILIO BOLOM \u00c1LVAREZ, MIGUEL BOLOM PAL\u00c9 , MIGUEL V\u00c1ZQUEZ S\u00c1NTIZ Y DAVID SEFERINO G\u00d3MEZ<\/strong>, tratando de despojar, mediante amenazas y actos de intimidaci\u00f3n, a compa\u00f1eros Bases de Apoyo Zapatistas encargados del trabajo colectivo en la regi\u00f3n y de trabajos de milpa com\u00fan, de un predio recuperado en 1994.<\/p>\n\n\n\n<p>Posteriormente, los d\u00edas 18, 20 y 22 de septiembre, 15 personas se posesionaron del predio de nuestros compa\u00f1eros Bases de Apoyo Zapatistas y el 20 de septiembre se presentaron 2 camionetas del Ej\u00e9rcito Federal, 3 camionetas de la polic\u00eda municipal de Ocosingo y 4 camionetas de la Fiscal\u00eda General del Estado, destruyendo y quemando las casas de los encargados Bases de Apoyo Zapatistas; y robando elotes desde esa fecha hasta el d\u00eda de hoy. Es importante se\u00f1alar que el predio despojado fue recuperado y ha estado en posesi\u00f3n de nuestros hermanos zapatistas desde 1994; asimismo, en 1996 el gobierno federal pag\u00f3 dicho predio a quienes se ostentaron como due\u00f1os del mismo antes de 1994 con el fin de evitar conflictos.<\/p>\n\n\n\n<p>Nuestros hermanos zapatistas buscaron dialogar con los despojadores y en todo momento han tratado de evitar la confrontaci\u00f3n, pero es evidente que este grupo de choque y los tres niveles de gobierno buscan la confrontaci\u00f3n para crecer la guerra en contra de los pueblos zapatistas.<\/p>\n\n\n\n<p>Estas agresiones se suman a las detenciones arbitrarias del pasado 24 de abril de 2025 en la comunidad tzotzil de Cotzilnam, municipio de Aldama, Chiapas, de nuestros compa\u00f1eros Baldemar S\u00e1ntiz S\u00e1ntiz y Andr\u00e9s Manuel S\u00e1ntiz G\u00f3mez, tambi\u00e9n bases de apoyo del Ej\u00e9rcito Zapatista de Liberaci\u00f3n Nacional; as\u00ed como al cerco militar, policiaco y paramilitar permanentemente desplegado en contra de los pueblos zapatistas.<\/p>\n\n\n\n<p>Hoy volvemos a denunciar que los malos gobiernos de la denominada Cuarta Transformaci\u00f3n quieren expandir la naci\u00f3n de v\u00edctimas y dolor que de por s\u00ed representan, pero, repetimos una vez m\u00e1s, la represi\u00f3n no nos dobla; la desaparici\u00f3n no nos borra; el miedo no nos paraliza. Estamos claros de que la complicidad entre gobiernos y c\u00e1rteles criminales es m\u00e1s grande que nunca, como tambien estamos seguros de que las luchas y resistencias por la vida florecer\u00e1n en todas las geograf\u00edas del M\u00e9xico de abajo y de este mundo convulsionado.<\/p>\n\n\n\n<p>Convocamos con urgencia a los pueblos de M\u00e9xico y del mundo, a los organismos y colectivos defensores de derechos humanos, a las Redes de Resistencia y Rebeld\u00eda, a la Sexta Nacional e Internacional, a l@s firmantes de Una Declaraci\u00f3n por la Vida en los cinco continentes y a la Europa Insumisa, Digna y Rebelde, como lo hicimos hace unos meses, <strong>A ORGANIZARNOS Y MOVILIZARNOS PARA QUE SE RESPETEN LOS TERRITORIOS Y LOS DERECHOS DE LAS COMUNIDADES BASES DE APOYO DEL EJ\u00c9RCITO ZAPATISTA DE LIBERACI\u00d3N NACIONAL Y SE DETENGA LA GUERRA DESATADA POR LOS MALOS GOBIERNOS EN SU CONTRA, MEDIANTE ACCIONES EN CADA UNA DE NUESTRAS GEOGRAF\u00cdAS Y DE ACUERDO A NUESTROS MODOS.<\/strong><\/p>\n\n\n\n<p><strong>\u00a1ALTO A LAS AGRESIONES EN CONTRA DE NUESTROS COMPA\u00d1EROS BASES DE APOYO DEL EJ\u00c9RCITO ZAPATISTA DE LIBERACI\u00d3N NACIONAL EN EL POBLADO DE BELEN, PERTENECIENTE AL CARACOL 8 DOLORES HIDALGO!&nbsp;<\/strong><\/p>\n\n\n\n<p><strong>\u00a1ALTO A LA GUERRA EN CONTRA DE LOS PUEBLOS ZAPATISTAS!<\/strong><\/p>\n\n\n\n<p class=\"has-text-align-center\"><strong>Atentamente<\/strong><br><strong>Septiembre de 2025<\/strong><br><strong>Por la Reconstituci\u00f3n Integral de Nuestros Pueblos<\/strong><br><strong>Nunca M\u00e1s un M\u00e9xico sin Nosotros<\/strong><br><strong>Congreso Nacional Ind\u00edgena<\/strong><\/p>\n","protected":false},"excerpt":{"rendered":"<p>A los pueblos de M\u00e9xico y del mundo,A los organismos y colectivos defensores de derechos humanos,A las Redes de Resistencia y Rebeld\u00eda,A la Sexta Nacional e Internacional,A l@s firmantes de Una Declaraci\u00f3n por la Vida en los cinco continentes,A la Europa Insumisa, Digna y Rebelde. Con rabia, hacemos nuestra la denuncia realizada por la ASAMBLEA [&hellip;]<\/p>\n","protected":false},"author":21,"featured_media":52427,"comment_status":"open","ping_status":"closed","sticky":false,"template":"","format":"standard","meta":{"footnotes":""},"categories":[957,51,6,1024,943,955,958,954,935],"tags":[667,58,53,567,147,23,545,148,27,483],"class_list":["post-52426","post","type-post","status-publish","format-standard","has-post-thumbnail","hentry","category-autonomia","category-autor","category-chiapas","category-cni-temas","category-cni","category-ezln-temas","category-megaproyectos","category-mexico","category-temas","tag-baezln","tag-derechos-humanos","tag-justicia","tag-megaproyectos","tag-militarizacion","tag-paramilitares","tag-pueblos-indigenas","tag-resistencia","tag-solidaridad","tag-tierra-y-territorio"],"_links":{"self":[{"href":"https:\/\/radiozapatista.org\/index.php?rest_route=\/wp\/v2\/posts\/52426","targetHints":{"allow":["GET"]}}],"collection":[{"href":"https:\/\/radiozapatista.org\/index.php?rest_route=\/wp\/v2\/posts"}],"about":[{"href":"https:\/\/radiozapatista.org\/index.php?rest_route=\/wp\/v2\/types\/post"}],"author":[{"embeddable":true,"href":"https:\/\/radiozapatista.org\/index.php?rest_route=\/wp\/v2\/users\/21"}],"replies":[{"embeddable":true,"href":"https:\/\/radiozapatista.org\/index.php?rest_route=%2Fwp%2Fv2%2Fcomments&post=52426"}],"version-history":[{"count":2,"href":"https:\/\/radiozapatista.org\/index.php?rest_route=\/wp\/v2\/posts\/52426\/revisions"}],"predecessor-version":[{"id":52430,"href":"https:\/\/radiozapatista.org\/index.php?rest_route=\/wp\/v2\/posts\/52426\/revisions\/52430"}],"wp:featuredmedia":[{"embeddable":true,"href":"https:\/\/radiozapatista.org\/index.php?rest_route=\/wp\/v2\/media\/52427"}],"wp:attachment":[{"href":"https:\/\/radiozapatista.org\/index.php?rest_route=%2Fwp%2Fv2%2Fmedia&parent=52426"}],"wp:term":[{"taxonomy":"category","embeddable":true,"href":"https:\/\/radiozapatista.org\/index.php?rest_route=%2Fwp%2Fv2%2Fcategories&post=52426"},{"taxonomy":"post_tag","embeddable":true,"href":"https:\/\/radiozapatista.org\/index.php?rest_route=%2Fwp%2Fv2%2Ftags&post=52426"}],"curies":[{"name":"wp","href":"https:\/\/api.w.org\/{rel}","templated":true}]}}