{"id":52419,"date":"2025-09-29T10:50:45","date_gmt":"2025-09-29T16:50:45","guid":{"rendered":"https:\/\/radiozapatista.org\/?p=52419"},"modified":"2025-09-29T11:04:22","modified_gmt":"2025-09-29T17:04:22","slug":"la-red-europa-zapatista-se-solidariza-con-la-globalsumudflotilla","status":"publish","type":"post","link":"https:\/\/radiozapatista.org\/?p=52419","title":{"rendered":"La Red Europa Zapatista se solidariza con la #GlobalSumudFlotilla"},"content":{"rendered":"\n<p>Queridas compa\u00f1eras, queridos compa\u00f1eros de la Global Sumud Flotilla,<\/p>\n\n\n\n<p>Desde la Red Europa Zapatista les enviamos un saludo caluroso y solidario a quienes est\u00e1n navegando las mares en su misi\u00f3n humanitaria (y profundamente humana) dedicada a romper el asedio en Gaza y llevar ayuda esencial a la poblaci\u00f3n afectada.<\/p>\n\n\n\n<p>Nos sentimos unidos a ustedes y de alguna manera vamos miles ah\u00ed acompa\u00f1\u00e1ndoles en este viaje del que estamos pendientes cada d\u00eda que pasa y como van acerc\u00e1ndose poco a poco a Gaza.<\/p>\n\n\n\n<p>Esta iniciativa, en la que tambi\u00e9n participa un compa\u00f1ero de la Red Europa Zapatista, en nuestro sentir, refleja el esfuerzo colectivo desde abajo para traducir la solidaridad en acciones pr\u00e1cticas para frenar la l\u00f3gica de destrucci\u00f3n, hambruna y genocidio, cometido por el Estado de Israel y apoyado por los gobiernos europeos. No esperamos soluciones desde los gobiernos, sabemos que el \u00fanico camino es la organizaci\u00f3n desde abajo, tejiendo redes de resistencia, rebeld\u00eda y solidaridad. Esperamos que las experiencias, las luchas y las rebeld\u00edas se hagan m\u00e1s fuertes entre las que van en la flotilla y las que acompa\u00f1an desde sus rincones del mundo.<\/p>\n\n\n\n<p>Esperamos que esta misi\u00f3n solidaria tenga \u00e9xito, que alivie el sufrimiento del pueblo palestino en Gaza y demuestre que no est\u00e1n solos.<\/p>\n\n\n\n<p class=\"has-text-align-center\">\u00a1Que viva la solidaridad internacional contra todas las guerras capitalistas!<\/p>\n\n\n\n<p class=\"has-text-align-center\">Desde la Europa Insumisa, 21 de septiembre del 2025<\/p>\n\n\n\n<!--more-->\n\n\n\n<p class=\"has-text-align-center\">Asamblea Berlin, Alemania<br>Batec Zapatista, Barcelona, Catalunya<br>Caf\u00e8 Rebeld\u00eda-Infoespai, Barcelona, Catalunya<br>CafeZ, Li\u00e8ge, B\u00e9lgica<br>Calendario Zapatista, Grecia<br>Caracoleras de Olba, Estado Espa\u00f1ol<br>Centro de Documentaci\u00f3n sobre Zapatismo -CEDOZ-, Estado Espa\u00f1ol<br>Colectivo Armadillo Suomi, Finlandia<br>Colectivo Ramona, Chipre<br>Colectivo Zapatista Lugano, Suiza<br>Comitato Chiapas \u00abMaribel\u00bb \u2013 Bergamo, Italia<br>Frankfurt International, Alemania<br>GRIS &#8211; GRafica Independiente Solidaria &#8211; Italia<br>Lumaltik Herriak, Pa\u00eds Vasco<br>Mujeres y Disidencias de la Sexta en la Otra Europa y Abya Yala<br>Mut Vitz 13, Francia<br>Mut Vitz 31, Toulouse, Francia<br>Quinoa, Bruxelles &#8211; B\u00e9lgica<br>Silbo Zapatista, Canarias<br>Tatawelo, Italia<br>Terra Insumisa Alcamo-Sicilia Sud Globale<br>TxiapasEKIN, Pa\u00eds Vasco<br>USI 1912 Unione Sindacale Italiana, Italia<br>Uni\u00f3n de Sindicatos Solidaires, Francia<br>Yretiemble! Madrid, Estado Espa\u00f1ol<br>20zln, Italia<\/p>\n\n\n\n<figure class=\"wp-block-image size-large\"><img loading=\"lazy\" decoding=\"async\" width=\"1024\" height=\"768\" src=\"https:\/\/radiozapatista.org\/wp-content\/uploads\/2025\/09\/RedEuropaZapatista-1-1024x768.jpg\" alt=\"\" class=\"wp-image-52422\" srcset=\"https:\/\/radiozapatista.org\/wp-content\/uploads\/2025\/09\/RedEuropaZapatista-1-1024x768.jpg 1024w, https:\/\/radiozapatista.org\/wp-content\/uploads\/2025\/09\/RedEuropaZapatista-1-350x263.jpg 350w, https:\/\/radiozapatista.org\/wp-content\/uploads\/2025\/09\/RedEuropaZapatista-1-768x576.jpg 768w, https:\/\/radiozapatista.org\/wp-content\/uploads\/2025\/09\/RedEuropaZapatista-1-1536x1152.jpg 1536w, https:\/\/radiozapatista.org\/wp-content\/uploads\/2025\/09\/RedEuropaZapatista-1.jpg 2048w\" sizes=\"auto, (max-width: 1024px) 100vw, 1024px\" \/><\/figure>\n","protected":false},"excerpt":{"rendered":"<p>Queridas compa\u00f1eras, queridos compa\u00f1eros de la Global Sumud Flotilla, Desde la Red Europa Zapatista les enviamos un saludo caluroso y solidario a quienes est\u00e1n navegando las mares en su misi\u00f3n humanitaria (y profundamente humana) dedicada a romper el asedio en Gaza y llevar ayuda esencial a la poblaci\u00f3n afectada. Nos sentimos unidos a ustedes y [&hellip;]<\/p>\n","protected":false},"author":21,"featured_media":52421,"comment_status":"open","ping_status":"closed","sticky":false,"template":"","format":"standard","meta":{"footnotes":""},"categories":[957,51,826,958,953,935],"tags":[58,53,567,147,545,87,148,27,483],"class_list":["post-52419","post","type-post","status-publish","format-standard","has-post-thumbnail","hentry","category-autonomia","category-autor","category-medios-libres-2","category-megaproyectos","category-mundo","category-temas","tag-derechos-humanos","tag-justicia","tag-megaproyectos","tag-militarizacion","tag-pueblos-indigenas","tag-represion","tag-resistencia","tag-solidaridad","tag-tierra-y-territorio"],"_links":{"self":[{"href":"https:\/\/radiozapatista.org\/index.php?rest_route=\/wp\/v2\/posts\/52419","targetHints":{"allow":["GET"]}}],"collection":[{"href":"https:\/\/radiozapatista.org\/index.php?rest_route=\/wp\/v2\/posts"}],"about":[{"href":"https:\/\/radiozapatista.org\/index.php?rest_route=\/wp\/v2\/types\/post"}],"author":[{"embeddable":true,"href":"https:\/\/radiozapatista.org\/index.php?rest_route=\/wp\/v2\/users\/21"}],"replies":[{"embeddable":true,"href":"https:\/\/radiozapatista.org\/index.php?rest_route=%2Fwp%2Fv2%2Fcomments&post=52419"}],"version-history":[{"count":2,"href":"https:\/\/radiozapatista.org\/index.php?rest_route=\/wp\/v2\/posts\/52419\/revisions"}],"predecessor-version":[{"id":52425,"href":"https:\/\/radiozapatista.org\/index.php?rest_route=\/wp\/v2\/posts\/52419\/revisions\/52425"}],"wp:featuredmedia":[{"embeddable":true,"href":"https:\/\/radiozapatista.org\/index.php?rest_route=\/wp\/v2\/media\/52421"}],"wp:attachment":[{"href":"https:\/\/radiozapatista.org\/index.php?rest_route=%2Fwp%2Fv2%2Fmedia&parent=52419"}],"wp:term":[{"taxonomy":"category","embeddable":true,"href":"https:\/\/radiozapatista.org\/index.php?rest_route=%2Fwp%2Fv2%2Fcategories&post=52419"},{"taxonomy":"post_tag","embeddable":true,"href":"https:\/\/radiozapatista.org\/index.php?rest_route=%2Fwp%2Fv2%2Ftags&post=52419"}],"curies":[{"name":"wp","href":"https:\/\/api.w.org\/{rel}","templated":true}]}}