{"id":52403,"date":"2025-09-28T15:26:38","date_gmt":"2025-09-28T21:26:38","guid":{"rendered":"https:\/\/radiozapatista.org\/?p=52403"},"modified":"2025-09-28T15:29:05","modified_gmt":"2025-09-28T21:29:05","slug":"pueblos-originarios-de-chiapas-e-individuos-solidarios-se-movilizan-contra-el-genocidio-del-pueblo-palestino-y-por-la-paz","status":"publish","type":"post","link":"https:\/\/radiozapatista.org\/?p=52403","title":{"rendered":"Pueblos originarios de Chiapas e individuos solidarios se movilizan contra el genocidio del pueblo palestino y por la paz"},"content":{"rendered":"\n<p>Chiapas, M\u00e9xico. 28 de septiembre. Pueblos originarios as\u00ed como solidarios nacionales e internacionales, convocados por la di\u00f3cesis de San Crist\u00f3bal de las Casas, se solidarizan con el pueblo palestino desde diferentes municipios de la geograf\u00eda chiapaneca y exigen un alto al genocidio que el gobierno de Israel lleva a cabo contra el pueblo palestino.<\/p>\n\n\n\n<p>En la peregrinaci\u00f3n participaron m\u00e1s de 20 parroquias y dos misiones de la di\u00f3cesis de San Crist\u00f3bal.<\/p>\n\n\n\n<p>Desde muy temprano, la parroquia de San Agust\u00edn de Teopisca peregrin\u00f3 desde las afueras hacia el centro de la comunidad, exigiendo se respeten los derechos humanos de la poblaci\u00f3n de Palestina. Con flores, banderas y vestidos de color blanco, levantaron pancartas donde se pod\u00eda leer: &#8220;Alto a la violencia contra mujeres, ni\u00f1os y ancianos de Palestina&#8221;.<\/p>\n\n\n\n<p>Desde la cabecera municipal de Palenque, tambi\u00e9n se exigi\u00f3: &#8220;Paz para nuestros hermanos palestinos&#8221;. La peregrinaci\u00f3n fue encabezada por la parroquia de Santo Domingo de Guzm\u00e1n y sus comunidades eclesiales de base. &#8220;No m\u00e1s genocidio, alto a las muertes de ni\u00f1os palestinos&#8221;, tambi\u00e9n exigieron desde \u00c1ngel Albino Corzo.<\/p>\n\n\n\n<p>Desde la parroquia de San Pedro Ap\u00f3stol, en Chenal\u00f3, en la zona Altos, compartieron que su caminata era por la paz, que era un homenaje a la resistencia del pueblo palestino. &#8220;Los ni\u00f1os de Gaza, fueron criminalizados y asesinados como terroristas&#8221;, agregaron.<\/p>\n\n\n\n<p>Desde Frontera Comalapa, el mensaje solidario con palestina fue: &#8220;Un alto al fuego y un s\u00ed a la paz y a la concordia&#8221;.<\/p>\n\n\n\n<p>Por su parte, colectivos solidarios con Palestina indicaron desde San Crist\u00f3bal de Las Casas: &#8220;Saludamos y agradecemos la iniciativa de la Di\u00f3cesis de San Crist\u00f3bal de Las Casas para organizar esta peregrinaci\u00f3n tan necesaria, as\u00ed como la invitaci\u00f3n solidaria que nos han hecho para reflexionar juntos sobre Palestina. Durante estos dos a\u00f1os de incesante genocidio ha quedado claro que seremos los pueblos movilizados, y no los gobiernos al servicio del poder econ\u00f3mico, los que parar\u00e1n la barbarie colonial de la que somos hoy testigos a lo largo y ancho del planeta&#8221;.<\/p>\n\n\n\n<p>En San Crist\u00f3bal se llevaron a cabo tres peregrinaciones: una hacia la iglesia de Guadalupe, otra hacia la iglesia de San Ram\u00f3n y otra hacia la catedral, donde se ley\u00f3 el siguiente comunicado:<\/p>\n\n\n\n<!--more-->\n\n\n\n<hr class=\"wp-block-separator has-alpha-channel-opacity\"\/>\n\n\n\n<p class=\"has-text-align-right\">28 de septiembre 2025;<br>S.C.D.C., Chiapas<\/p>\n\n\n\n<p>Al pueblo de Chiapas, a los pueblos del mundo<br>A los medios de comunicaci\u00f3n<\/p>\n\n\n\n<p>Los colectivos que suscriben este pronunciamiento saludamos y agradecemos la iniciativa de la Di\u00f3cesis de San Crist\u00f3bal de Las Casas para organizar esta peregrinaci\u00f3n tan necesaria, as\u00ed como la invitaci\u00f3n solidaria que nos han hecho para reflexionar juntos sobre Palestina. Durante estos dos a\u00f1os de incesante genocidio ha quedado claro que seremos los pueblos movilizados, y no los gobiernos al servicio del poder econ\u00f3mico, los que parar\u00e1n la barbarie colonial de la que somos hoy testigos a lo largo y ancho del planeta.<\/p>\n\n\n\n<p>Desde Chiapas alzamos la voz por el pueblo palestino que sigue resistiendo a la ocupaci\u00f3n y al genocidio. El d\u00eda de hoy salimos a las calles en solidaridad tambi\u00e9n con la delegaci\u00f3n mexicana de la Global Sumud Flotilla que, junto a m\u00e1s de 44 delegaciones de todo el mundo, se dirige a la Franja de Gaza para romper el bloqueo y abrir un corredor humanitario que permita la entrada de ayuda, principalmente comida y medicinas.<\/p>\n\n\n\n<p>Desde el 7 de octubre de 2023, el ente sionista y terrorista de Israel ha llevado a cabo un genocidio transmitido en vivo, que ha resultado ya en la vida de aproximadamente 65 mil personas, cerca de 22 mil infancias, dejando m\u00e1s de 161 500 personas heridas y cerca de dos millones de palestinos en riesgo de morir por la hambruna impuesta por Israel.<\/p>\n\n\n\n<p>Estas acciones no son hechos aislados. Los pueblos de Chiapas y Palestina compartimos una historia de lucha contra el despojo de nuestros territorios, la violencia sist\u00e9mica y el terrorismo de Estado. As\u00ed como en Palestina, en Chiapas tenemos miles de personas desplazadas de pueblos originarios, que se ven forzadas a abandonar sus tierras por la inseguridad causada por el crimen organizado, cuyo armamento y capacitaci\u00f3n, al igual que el de la polic\u00eda y el ej\u00e9rcito, es proporcionado por el ente sionista de Israel. Esto como parte de la estrategia de Estados Unidos y potencias imperialistas para mantener en el terror a nuestros pueblos y as\u00ed sembrar miedo para que impida organizarnos y luchar contra la desigualdad y las injusticias. Qu\u00e9 mejor ejemplo para nosotros que el del padre Marcelo P\u00e9rez, solidario con el pueblo palestino, quien desde su fe y su compromiso con los pobres alz\u00f3 la voz en defensa de la vida y el territorio, y fue por ello asesinado hace casi un a\u00f1o en esta misma ciudad, un a\u00f1o de total impunidad para los autores intelectuales. Hoy, con nuestra lucha, honramos tambi\u00e9n su memoria.<\/p>\n\n\n\n<p>Denunciamos la complicidad de los gobiernos del mundo, incluido el gobierno de M\u00e9xico, que ha sido incapaz de romper relaciones con Israel y pronunciarse con firmeza ante la barbarie. Aunque Claudia Sheinbaum ha reconocido de manera simb\u00f3lica que lo que est\u00e1 ocurriendo en Gaza es un genocidio, este gesto no se ha traducido en sanciones concretas ni en la ruptura de acuerdos con el r\u00e9gimen sionista.<\/p>\n\n\n\n<p>Por el contrario, se contin\u00faan firmando convenios y avanzando en la compra de armas y la militarizaci\u00f3n del pa\u00eds.<\/p>\n\n\n\n<p>Condenamos la complicidad del gobierno de Chiapas que presume sus v\u00ednculos en la placa de conmemoraci\u00f3n de amistad con Israel, colocada en el parque 5 de Mayo en Tuxtla Guti\u00e9rrez en el a\u00f1o 2023.<\/p>\n\n\n\n<p>De igual forma denunciamos la presencia de organizaciones sionistas como &#8220;H\u00e9roes por la vida&#8221; en escuelas y espacios p\u00fablicos de San Crist\u00f3bal, intentando lavar la imagen de Israel que asesina sistem\u00e1ticamente a infancias palestinas. Debemos poner un alto a los militares que forman parte de este grupo terrorista, que vienen de cometer cr\u00edmenes de lesa humanidad en Palestina, representando un peligro para nuestras infancias y la poblaci\u00f3n en general. Que sepan que no son bienvenidos los criminales de guerra en nuestros territorios.<\/p>\n\n\n\n<p>Ante la continuidad del genocidio y la creciente presi\u00f3n popular, algunos gobiernos han dado pasos insuficientes pero significativos. Solo los gobiernos de Colombia e Indonesia han planteado la necesidad de integrar un ej\u00e9rcito internacional que defienda al pueblo palestino. Mientras, ante los constantes ataques hacia la Global Sumud Flotilla, los gobiernos de Italia y Espa\u00f1a han enviado buques para operaciones de rescate, pero no para defender las embarcaciones de la agresi\u00f3n israel\u00ed.<\/p>\n\n\n\n<p>Es ilusorio pensar que la soluci\u00f3n vendr\u00e1 del reconocimiento de la Autoridad Palestina, de dudosa legitimidad en Cisjordania dada su historia de colaboraci\u00f3n con los genocidas ocupantes, como autoridad de un supuesto Estado nacional sobre el cual nadie consult\u00f3 a los Palestinos. Este reconocimiento, hecho por parte de los mismos gobiernos europeos que han apoyado y financiado el genocidio y la ocupaci\u00f3n por d\u00e9cadas, y que pretenden continuar apoyando hasta el final el proyecto colonial de los oligarcas globales abanderado hoy por Donald Trump hasta el final, contra la voluntad de los pueblos que dicen representar, significa poco si no se ve acompa\u00f1ado de acciones econ\u00f3micas, pol\u00edticas y militares contra el r\u00e9gimen de apartheid y el capital armamentista internacional que lo hace posible.<\/p>\n\n\n\n<p>La lucha del pueblo palestino es la lucha de todos los pueblos que resisten al colonialismo, al capital y al imperialismo. No podemos seguir siendo espectadores de este crimen: es momento de expresar nuestra solidaridad activa, organizarnos y luchar de manera conjunta.<\/p>\n\n\n\n<p>Exigimos al Estado Mexicano la ruptura de relaciones de todo tipo con el r\u00e9gimen sionista, la protecci\u00f3n efectiva de la delegaci\u00f3n mexicana de la Global Sumud Flotilla ante los ataques israel\u00eds y la promoci\u00f3n ante instancias internacionales de una agenda que promueva la creaci\u00f3n de un estado palestino libre de colonialismo desde el r\u00edo Jord\u00e1n hasta el Mar Mediterr\u00e1neo, cuya soberan\u00eda se base en las decisiones del pueblo palestino. No podemos seguir siendo c\u00f3mplices del exterminio de un pueblo entero.<\/p>\n\n\n\n<p>Combatientemente,<\/p>\n\n\n\n<ul class=\"wp-block-list\">\n<li>Comit\u00e9 de Solidaridad con Palestina Chiapas<\/li>\n\n\n\n<li>Amnist\u00eda Internacional Grupo 67 Chiapas M\u00e9xico<\/li>\n\n\n\n<li>Grupo de trabajo No Estamxs Todxs<\/li>\n\n\n\n<li>Uni\u00f3n de la Juventud Revolucionaria de M\u00e9xico (UJRM)<\/li>\n\n\n\n<li>Bicicatl\u00e1n<\/li>\n\n\n\n<li>Colectivo Unidas por Palestina<\/li>\n\n\n\n<li>Colectivo Pom Tsunnum<\/li>\n\n\n\n<li>Colectivo Chiapas solidaridad con Palestina<\/li>\n<\/ul>\n\n\n\n<p class=\"has-text-align-center\">\u00a1Alto al genocidio en Gaza!<br>\u00a1Alto a la ocupaci\u00f3n de Palestina!<strong><br><\/strong>\u00a1A romper, a romper relaci\u00f3n con Israel!<br>\u00a1Desde el r\u00edo hasta el mar, Palestina vencer\u00e1!<\/p>\n\n\n\n<p><\/p>\n\n\n\n<p>Foto de portada: Centro de Derechos Humanos Jcanan Lum<\/p>\n","protected":false},"excerpt":{"rendered":"<p>Chiapas, M\u00e9xico. 28 de septiembre. Pueblos originarios as\u00ed como solidarios nacionales e internacionales, convocados por la di\u00f3cesis de San Crist\u00f3bal de las Casas, se solidarizan con el pueblo palestino desde diferentes municipios de la geograf\u00eda chiapaneca y exigen un alto al genocidio que el gobierno de Israel lleva a cabo contra el pueblo palestino. En [&hellip;]<\/p>\n","protected":false},"author":1,"featured_media":52405,"comment_status":"open","ping_status":"closed","sticky":false,"template":"","format":"standard","meta":{"footnotes":""},"categories":[6,1327,190],"tags":[917,204,112,545,27],"class_list":["post-52403","post","type-post","status-publish","format-standard","has-post-thumbnail","hentry","category-chiapas","category-palestina","category-radiozapatista","tag-chiapas","tag-guerra","tag-palestina","tag-pueblos-indigenas","tag-solidaridad"],"_links":{"self":[{"href":"https:\/\/radiozapatista.org\/index.php?rest_route=\/wp\/v2\/posts\/52403","targetHints":{"allow":["GET"]}}],"collection":[{"href":"https:\/\/radiozapatista.org\/index.php?rest_route=\/wp\/v2\/posts"}],"about":[{"href":"https:\/\/radiozapatista.org\/index.php?rest_route=\/wp\/v2\/types\/post"}],"author":[{"embeddable":true,"href":"https:\/\/radiozapatista.org\/index.php?rest_route=\/wp\/v2\/users\/1"}],"replies":[{"embeddable":true,"href":"https:\/\/radiozapatista.org\/index.php?rest_route=%2Fwp%2Fv2%2Fcomments&post=52403"}],"version-history":[{"count":5,"href":"https:\/\/radiozapatista.org\/index.php?rest_route=\/wp\/v2\/posts\/52403\/revisions"}],"predecessor-version":[{"id":52410,"href":"https:\/\/radiozapatista.org\/index.php?rest_route=\/wp\/v2\/posts\/52403\/revisions\/52410"}],"wp:featuredmedia":[{"embeddable":true,"href":"https:\/\/radiozapatista.org\/index.php?rest_route=\/wp\/v2\/media\/52405"}],"wp:attachment":[{"href":"https:\/\/radiozapatista.org\/index.php?rest_route=%2Fwp%2Fv2%2Fmedia&parent=52403"}],"wp:term":[{"taxonomy":"category","embeddable":true,"href":"https:\/\/radiozapatista.org\/index.php?rest_route=%2Fwp%2Fv2%2Fcategories&post=52403"},{"taxonomy":"post_tag","embeddable":true,"href":"https:\/\/radiozapatista.org\/index.php?rest_route=%2Fwp%2Fv2%2Ftags&post=52403"}],"curies":[{"name":"wp","href":"https:\/\/api.w.org\/{rel}","templated":true}]}}