{"id":52354,"date":"2025-09-27T20:47:09","date_gmt":"2025-09-28T02:47:09","guid":{"rendered":"https:\/\/radiozapatista.org\/?p=52354"},"modified":"2025-09-27T20:47:09","modified_gmt":"2025-09-28T02:47:09","slug":"todos-los-ojos-en-gaza-bitacora-de-la-global-sumud-flotilla-del-27-de-septiembre","status":"publish","type":"post","link":"https:\/\/radiozapatista.org\/?p=52354","title":{"rendered":"Todos los ojos en Gaza. Bit\u00e1cora de la Global Sumud Flotilla del 27 de septiembre"},"content":{"rendered":"<p>[podcast]https:\/\/dn720703.ca.archive.org\/0\/items\/topg-270925\/TOPG270925.mp3[\/podcast]<\/p>\n\n\n<p>La bit\u00e1cora de hoy nos trae un comentario sobre lo acontecido en la Asamblea General de la Organizaci\u00f3n de las Naciones Unidas. Leemos los comunicados de los d\u00edas 25 y 26 de septiembre del Global Movement por Gaza. Se transmite la entrevista realizada el 26 de septiembre con la compa\u00f1era Na\u00e9, sobre el &#8220;acompa\u00f1amiento&#8221; a la Flotilla de buques de guerra de varios pa\u00edses. Adem\u00e1s nos contar\u00e1n el trabajo que est\u00e1n haciendo las personas de la comunidad educativa que se encuentran en la Flotilla, que diariamente contactan con institutos de ense\u00f1anza media, y de las conversaciones que se dan entre activistas y estudiantes. Por eso traemos por ejemplo el programa que ha hecho en un instituto en un pueblo cercano a Granada a partir de una entrevista que le hicieron a Na\u00e9 hace unos d\u00edas. Informamos sobre la pr\u00f3xima convocatoria de huelga de estudiantes el 2 de octubre. Se explica el significado del cartel verde que los colectivos de apoyo est\u00e1n esponiendo, y la importancia de responder colectivamente si se difundiera en rojo, lo que indicar\u00eda un posible ataque del Estado sionista a la Global Sumud Flotilla.<\/p>\n","protected":false},"excerpt":{"rendered":"<p>[podcast]https:\/\/dn720703.ca.archive.org\/0\/items\/topg-270925\/TOPG270925.mp3[\/podcast] La bit\u00e1cora de hoy nos trae un comentario sobre lo acontecido en la Asamblea General de la Organizaci\u00f3n de las Naciones Unidas. Leemos los comunicados de los d\u00edas 25 y 26 de septiembre del Global Movement por Gaza. Se transmite la entrevista realizada el 26 de septiembre con la compa\u00f1era Na\u00e9, sobre el &#8220;acompa\u00f1amiento&#8221; [&hellip;]<\/p>\n","protected":false},"author":1,"featured_media":52262,"comment_status":"open","ping_status":"closed","sticky":false,"template":"","format":"standard","meta":{"footnotes":""},"categories":[1,826,953,1327],"tags":[112,27],"class_list":["post-52354","post","type-post","status-publish","format-standard","has-post-thumbnail","hentry","category-audio","category-medios-libres-2","category-mundo","category-palestina","tag-palestina","tag-solidaridad"],"_links":{"self":[{"href":"https:\/\/radiozapatista.org\/index.php?rest_route=\/wp\/v2\/posts\/52354","targetHints":{"allow":["GET"]}}],"collection":[{"href":"https:\/\/radiozapatista.org\/index.php?rest_route=\/wp\/v2\/posts"}],"about":[{"href":"https:\/\/radiozapatista.org\/index.php?rest_route=\/wp\/v2\/types\/post"}],"author":[{"embeddable":true,"href":"https:\/\/radiozapatista.org\/index.php?rest_route=\/wp\/v2\/users\/1"}],"replies":[{"embeddable":true,"href":"https:\/\/radiozapatista.org\/index.php?rest_route=%2Fwp%2Fv2%2Fcomments&post=52354"}],"version-history":[{"count":1,"href":"https:\/\/radiozapatista.org\/index.php?rest_route=\/wp\/v2\/posts\/52354\/revisions"}],"predecessor-version":[{"id":52394,"href":"https:\/\/radiozapatista.org\/index.php?rest_route=\/wp\/v2\/posts\/52354\/revisions\/52394"}],"wp:featuredmedia":[{"embeddable":true,"href":"https:\/\/radiozapatista.org\/index.php?rest_route=\/wp\/v2\/media\/52262"}],"wp:attachment":[{"href":"https:\/\/radiozapatista.org\/index.php?rest_route=%2Fwp%2Fv2%2Fmedia&parent=52354"}],"wp:term":[{"taxonomy":"category","embeddable":true,"href":"https:\/\/radiozapatista.org\/index.php?rest_route=%2Fwp%2Fv2%2Fcategories&post=52354"},{"taxonomy":"post_tag","embeddable":true,"href":"https:\/\/radiozapatista.org\/index.php?rest_route=%2Fwp%2Fv2%2Ftags&post=52354"}],"curies":[{"name":"wp","href":"https:\/\/api.w.org\/{rel}","templated":true}]}}