{"id":52352,"date":"2025-09-26T16:13:52","date_gmt":"2025-09-26T22:13:52","guid":{"rendered":"https:\/\/radiozapatista.org\/?p=52352"},"modified":"2025-09-26T16:13:53","modified_gmt":"2025-09-26T22:13:53","slug":"llamado-a-acompanar-el-paso-de-una-mision-civil-de-observacion-de-la-sexta-al-territorio-del-cipog-ez","status":"publish","type":"post","link":"https:\/\/radiozapatista.org\/?p=52352","title":{"rendered":"Llamado a acompa\u00f1ar el paso de una misi\u00f3n civil de observaci\u00f3n de la Sexta al territorio del CIPOG-EZ"},"content":{"rendered":"\n<p>Al Ej\u00e9rcito Zapatista de Liberaci\u00f3n Nacional<br>Al Congreso Nacional Ind\u00edgena<br>A la Sexta Nacional e Internacional<br>A las Redes de Resistencia y Rebeld\u00eda<br>A quienes suscribieron Una Declaraci\u00f3n por la Vida<br>Al Espacio de Coordinaci\u00f3n Nacional contra la Guerra<br>A los medios libres<br>A las organizaciones y colectivos solidarios<\/p>\n\n\n\n<p>Compa\u00f1erxs:<\/p>\n\n\n\n<p>Como ustedes saben, venimos acompa\u00f1ando al Concejo Ind\u00edgena y Popular de Guerrero Emiliano Zapata (CIPOG-EZ) en su proceso organizativo.<\/p>\n\n\n\n<p>Hoy, 26 de septiembre 2025, compa\u00f1eros y compa\u00f1eras de distintas organizaciones de derechos humanos nacionales e internacionales, y colectivos de la Sexta, estaremos realizando una Misi\u00f3n Civil de Observaci\u00f3n (MCO-S) para hacer una observaci\u00f3n de derechos humanos en las comunidades de la monta\u00f1a Baja de Guerrero sobre temas como: derechos de los pueblos, de los ni\u00f1os, mujeres, defensa del territorio, autonom\u00eda, entre otros.<\/p>\n\n\n\n<p>Esto se desarrollar\u00e1 en las comunidades del CIPOG-EZ. La Misi\u00f3n estar\u00e1 en territorio toda la semana.<\/p>\n\n\n\n<p>Llamamos a las organizaciones de derechos humanos nacionales e internacionales y colectivos solidarixs a estar atentxs a nuestro paso por el territorio del CIPOG-EZ. Responsabilizamos al Estado por cualquier cosa que pueda suceder a nuestrxs hermanos y hermanas que conforman esta Misi\u00f3n.<\/p>\n\n\n\n<p>Atentamente:<\/p>\n\n\n\n<p>Colectivos y organizaciones que conformamos la Misi\u00f3n Civil de Observaci\u00f3n Sexta<\/p>\n\n\n\n<p><\/p>\n","protected":false},"excerpt":{"rendered":"<p>Al Ej\u00e9rcito Zapatista de Liberaci\u00f3n NacionalAl Congreso Nacional Ind\u00edgenaA la Sexta Nacional e InternacionalA las Redes de Resistencia y Rebeld\u00edaA quienes suscribieron Una Declaraci\u00f3n por la VidaAl Espacio de Coordinaci\u00f3n Nacional contra la GuerraA los medios libresA las organizaciones y colectivos solidarios Compa\u00f1erxs: Como ustedes saben, venimos acompa\u00f1ando al Concejo Ind\u00edgena y Popular de Guerrero [&hellip;]<\/p>\n","protected":false},"author":21,"featured_media":46141,"comment_status":"open","ping_status":"closed","sticky":false,"template":"","format":"standard","meta":{"footnotes":""},"categories":[957,51,826,958,954,935],"tags":[58,53,567,147,23,545,87,148,27,483],"class_list":["post-52352","post","type-post","status-publish","format-standard","has-post-thumbnail","hentry","category-autonomia","category-autor","category-medios-libres-2","category-megaproyectos","category-mexico","category-temas","tag-derechos-humanos","tag-justicia","tag-megaproyectos","tag-militarizacion","tag-paramilitares","tag-pueblos-indigenas","tag-represion","tag-resistencia","tag-solidaridad","tag-tierra-y-territorio"],"_links":{"self":[{"href":"https:\/\/radiozapatista.org\/index.php?rest_route=\/wp\/v2\/posts\/52352","targetHints":{"allow":["GET"]}}],"collection":[{"href":"https:\/\/radiozapatista.org\/index.php?rest_route=\/wp\/v2\/posts"}],"about":[{"href":"https:\/\/radiozapatista.org\/index.php?rest_route=\/wp\/v2\/types\/post"}],"author":[{"embeddable":true,"href":"https:\/\/radiozapatista.org\/index.php?rest_route=\/wp\/v2\/users\/21"}],"replies":[{"embeddable":true,"href":"https:\/\/radiozapatista.org\/index.php?rest_route=%2Fwp%2Fv2%2Fcomments&post=52352"}],"version-history":[{"count":1,"href":"https:\/\/radiozapatista.org\/index.php?rest_route=\/wp\/v2\/posts\/52352\/revisions"}],"predecessor-version":[{"id":52353,"href":"https:\/\/radiozapatista.org\/index.php?rest_route=\/wp\/v2\/posts\/52352\/revisions\/52353"}],"wp:featuredmedia":[{"embeddable":true,"href":"https:\/\/radiozapatista.org\/index.php?rest_route=\/wp\/v2\/media\/46141"}],"wp:attachment":[{"href":"https:\/\/radiozapatista.org\/index.php?rest_route=%2Fwp%2Fv2%2Fmedia&parent=52352"}],"wp:term":[{"taxonomy":"category","embeddable":true,"href":"https:\/\/radiozapatista.org\/index.php?rest_route=%2Fwp%2Fv2%2Fcategories&post=52352"},{"taxonomy":"post_tag","embeddable":true,"href":"https:\/\/radiozapatista.org\/index.php?rest_route=%2Fwp%2Fv2%2Ftags&post=52352"}],"curies":[{"name":"wp","href":"https:\/\/api.w.org\/{rel}","templated":true}]}}