{"id":52336,"date":"2025-09-26T09:38:07","date_gmt":"2025-09-26T15:38:07","guid":{"rendered":"https:\/\/radiozapatista.org\/?p=52336"},"modified":"2025-09-26T12:56:54","modified_gmt":"2025-09-26T18:56:54","slug":"ayotzinapa-11-anos-deimpunidad-heredada","status":"publish","type":"post","link":"https:\/\/radiozapatista.org\/?p=52336","title":{"rendered":"Ayotzinapa: 11 a\u00f1os de impunidad heredada"},"content":{"rendered":"\n<p>Fuente: <a href=\"https:\/\/eltlacolol.com\/ayotzinapa-11-anos-de-impunidad-heredada\/\">El Tlacolol<\/a><br>Por Emiliano Tizapa, Arturo de Dios Palma y Jes\u00fas Guerrero<\/p>\n\n\n\n<div class=\"wp-block-group is-vertical is-layout-flex wp-container-core-group-is-layout-8cf370e7 wp-block-group-is-layout-flex\">\n<p>&nbsp;Han pasado diez a\u00f1os, once meses y 27 d\u00edas de que 43 normalistas de Ayotzinapa fueron desaparecidos en Iguala, Guerrero. Se han publicado centenares de libros, miles de reportajes y notas period\u00edsticas sobre la desaparici\u00f3n forzada que expuso al mundo c\u00f3mo los pol\u00edticos de todos los niveles construyeron un entramado con organizaciones criminales y las fuerzas armadas para gobernar este pa\u00eds con violencia extrema.<\/p>\n\n\n\n<p>Estos 43 j\u00f3venes cumplen hoy 4,014 d\u00edas sin volver a casa. Lejos estamos de saber qui\u00e9nes son los responsables materiales e intelectuales y de que \u00e9stos sean castigados. Se desconoce lo fundamental, lo crucial: \u00bfd\u00f3nde est\u00e1n los 43 estudiantes de la escuela Normal Rural Ra\u00fal Isidro Burgos?<\/p>\n\n\n\n<p>El gobierno del priista Enrique Pe\u00f1a Nieto hered\u00f3 la impunidad del caso al morenista Andr\u00e9s Manuel L\u00f3pez Obrador, quien en su sexenio dinamit\u00f3 la investigaci\u00f3n y, cuando todo apuntaba hacia el Ej\u00e9rcito, desmantel\u00f3 todo esfuerzo por hallar la verdad.<\/p>\n\n\n\n<p>Ahora, con la presidenta de la Rep\u00fablica, la morenista Claudia Sheinbaum Pardo, la investigaci\u00f3n carece de direcci\u00f3n, no se quiere dar continuidad a las pesquisas planteadas por las madres y los padres y se buscan reactivar \u201cnuevas l\u00edneas\u201d que m\u00e1s bien son un intento de revivir la \u201cverdad hist\u00f3rica\u201d de Pe\u00f1a Nieto.<\/p>\n\n\n\n<h2 class=\"wp-block-heading\"><img loading=\"lazy\" decoding=\"async\" src=\"http:\/\/eltlacolol.com\/wp-content\/uploads\/2025\/09\/WhatsApp-Image-2025-09-21-at-11.20.47-PM.jpeg\" alt=\"\" width=\"1600\" height=\"1066\" srcset=\"https:\/\/eltlacolol.com\/wp-content\/uploads\/2025\/09\/WhatsApp-Image-2025-09-21-at-11.20.47-PM.jpeg 1600w, https:\/\/eltlacolol.com\/wp-content\/uploads\/2025\/09\/WhatsApp-Image-2025-09-21-at-11.20.47-PM-300x200.jpeg 300w, https:\/\/eltlacolol.com\/wp-content\/uploads\/2025\/09\/WhatsApp-Image-2025-09-21-at-11.20.47-PM-1024x682.jpeg 1024w, https:\/\/eltlacolol.com\/wp-content\/uploads\/2025\/09\/WhatsApp-Image-2025-09-21-at-11.20.47-PM-768x512.jpeg 768w, https:\/\/eltlacolol.com\/wp-content\/uploads\/2025\/09\/WhatsApp-Image-2025-09-21-at-11.20.47-PM-1536x1023.jpeg 1536w, https:\/\/eltlacolol.com\/wp-content\/uploads\/2025\/09\/WhatsApp-Image-2025-09-21-at-11.20.47-PM-600x400.jpeg 600w\"><\/h2>\n\n\n\n<p><br>A once a\u00f1os del caso Iguala, la principal herencia de los gobiernos federales es la protecci\u00f3n al Ej\u00e9rcito.<\/p>\n\n\n\n<p>En estos a\u00f1os fue documentado que en la desaparici\u00f3n de los estudiantes tuvieron participaci\u00f3n militares al mando del comandante del 27 Batall\u00f3n de Infanter\u00eda de Iguala. El coronel Jos\u00e9 Rodr\u00edguez P\u00e9rez es uno de los principales se\u00f1alados por el Grupo Interdisciplinario de Expertas y Expertos Independientes (GIEI), que sugiere que tuvo conocimiento en tiempo real de los hechos y que particip\u00f3 en el encubrimiento. Fue detenido en 2022 por su presunta relaci\u00f3n con el caso, pero liberado en 2024.<\/p>\n\n\n\n<!--more-->\n\n\n\n<p>Tambi\u00e9n est\u00e1 inmiscuido el comandante de la 35 Zona Militar de Chilpancingo, el general Alejandro Saavedra Hern\u00e1ndez, quien ten\u00eda la supervisi\u00f3n de los batallones en la regi\u00f3n, incluyendo el de Iguala. Y se ha corroborado c\u00f3mo este mando infiltr\u00f3 a varios soldados en la normal rural, entre ellos el mismo Julio C\u00e9sar L\u00f3pez Patolzin, quien en recientes publicaciones de Los \u00c1ngeles Press, se teoriza que no s\u00f3lo no fue desaparecido, sino que incluso fue rescatado por el capit\u00e1n Jos\u00e9 Mart\u00ednez Crespo la noche del 26 de septiembre de 2014.<\/p>\n\n\n\n<p>L\u00f3pez Patolzin viajaba en el autob\u00fas&nbsp;Estrella de Oro 1531 que fue interceptado por polic\u00edas municipales, estatales y federales en el puente del Chipote, frente al Palacio de Justicia de Iguala.<\/p>\n\n\n\n<p>\u201cAll\u00ed, 14 estudiantes fueron detenidos de manera arbitraria y trasladados al ret\u00e9n de El Tomatal, mientras que L\u00f3pez Patolzin fue conducido a la comandancia municipal\u201d de donde m\u00e1s tarde fue rescatado, dice Los \u00c1ngeles Press.<\/p>\n\n\n\n<p>Por eso Saavedra Hern\u00e1ndez es considerado el militar de mayor rango implicado en el caso.<\/p>\n\n\n\n<h2 class=\"wp-block-heading\"><br><img loading=\"lazy\" decoding=\"async\" src=\"http:\/\/eltlacolol.com\/wp-content\/uploads\/2025\/09\/WhatsApp-Image-2025-09-21-at-11.20.48-PM.jpeg\" alt=\"\" width=\"1600\" height=\"1066\" srcset=\"https:\/\/eltlacolol.com\/wp-content\/uploads\/2025\/09\/WhatsApp-Image-2025-09-21-at-11.20.48-PM.jpeg 1600w, https:\/\/eltlacolol.com\/wp-content\/uploads\/2025\/09\/WhatsApp-Image-2025-09-21-at-11.20.48-PM-300x200.jpeg 300w, https:\/\/eltlacolol.com\/wp-content\/uploads\/2025\/09\/WhatsApp-Image-2025-09-21-at-11.20.48-PM-1024x682.jpeg 1024w, https:\/\/eltlacolol.com\/wp-content\/uploads\/2025\/09\/WhatsApp-Image-2025-09-21-at-11.20.48-PM-768x512.jpeg 768w, https:\/\/eltlacolol.com\/wp-content\/uploads\/2025\/09\/WhatsApp-Image-2025-09-21-at-11.20.48-PM-1536x1023.jpeg 1536w, https:\/\/eltlacolol.com\/wp-content\/uploads\/2025\/09\/WhatsApp-Image-2025-09-21-at-11.20.48-PM-600x400.jpeg 600w\"><\/h2>\n\n\n\n<p><br>Otro de los mandos involucrados es el comandante del 41 Batall\u00f3n de Infanter\u00eda de Iguala, el coronel Rafael Hern\u00e1ndez Nieto, que, al igual que Rodr\u00edguez P\u00e9rez, es se\u00f1alado de haber tenido conocimiento de los hechos y de tener presuntos v\u00ednculos con el crimen organizado. Tambi\u00e9n fue recluido en la prisi\u00f3n del Campo Militar No. 1-A, pero fue liberado en agosto de 2024 para llevar su caso en libertad.<\/p>\n\n\n\n<p>Sin embargo, el entramado apunt\u00f3 desde un primer momento s\u00f3lo a las polic\u00edas municipales de Iguala, Cocula y Huitzuco, donde los titulares Felipe Flores Vel\u00e1zquez, C\u00e9sar Miguel Pe\u00f1aloza Santana y Javier N\u00fa\u00f1ez Duarte formaban parte de la organizaci\u00f3n criminal Guerreros Unidos.<\/p>\n\n\n\n<p>En estos a\u00f1os, otros mandos de seguridad detenidos son el ex secretario de Seguridad P\u00fablica de Guerrero, Leonardo Octavio V\u00e1zquez P\u00e9rez, en 2022, por su relaci\u00f3n con el caso. Tambi\u00e9n el ex Procurador General de la Rep\u00fablica, Jes\u00fas Murillo Karam, detenido en agosto de 2022, acusado de encubrir con la construcci\u00f3n de la \u201cverdad hist\u00f3rica\u201d el paradero de los normalistas.<\/p>\n\n\n\n<p>No obstante, a pesar de que tambi\u00e9n se document\u00f3 la participaci\u00f3n en la desaparici\u00f3n de los estudiantes de polic\u00edas federales, el entonces coordinador de esta instituci\u00f3n en Guerrero, Omar Garc\u00eda Harfuch, no ha sido tocado, ha evadido declarar para la investigaci\u00f3n y hoy no s\u00f3lo goza de un cargo en el gabinete de seguridad de Sheinbaum, sino que su carrera pol\u00edtica se perfila hacia 2030.<\/p>\n\n\n\n<p>Seg\u00fan la Comisi\u00f3n para la Verdad y Acceso a la Justicia en el caso Ayotzinapa (Covaj), 39 elementos de las fuerzas armadas estuvieron implicados en la desaparici\u00f3n. Sin embargo, de 14 militares detenidos, en mayo de 2024 la jueza federal Raquel Ivette Duarte Cedillo concedi\u00f3 la libertad provisional a ocho soldados para continuar su proceso fuera de prisi\u00f3n: Gustavo Rodr\u00edguez de la Cruz, Omar Torres Marquillo, Juan Andr\u00e9s Flores Lagunes, Ramiro Manzanares Sanabria, Roberto de los Santos Eduviges, Eloy Estrada D\u00edaz, Uri Yashiel Reyes Lazos y Juan Sotelo D\u00edaz.<\/p>\n\n\n\n<p>Estos militares estaban acusados directamente por desaparici\u00f3n forzada por la Fiscal\u00eda General de la Rep\u00fablica (FGR).<\/p>\n\n\n\n<p>El mayor esc\u00e1ndalo de protecci\u00f3n al Ej\u00e9rcito se dio con la salida de Omar G\u00f3mez Trejo de la Unidad Especial de Investigaci\u00f3n y Litigaci\u00f3n para el Caso Ayotzinapa (UEILCA), a consecuencia del conflicto con altos mandos de la FGR, encabezada por Alejandro Gertz Manero. La raz\u00f3n fue la cancelaci\u00f3n de 21 de las 83 \u00f3rdenes de aprehensi\u00f3n que su unidad de investigaci\u00f3n hab\u00eda solicitado en agosto de 2022.<\/p>\n\n\n\n<p>Estas \u00f3rdenes de captura inclu\u00edan a militares involucrados.<\/p>\n\n\n\n<p>La FGR se desisti\u00f3 de estas \u00f3rdenes sin consultar a G\u00f3mez Trejo ni a su equipo, por \u00f3rdenes del propio L\u00f3pez Obrador, lo que provoc\u00f3 una ruptura irreparable, ya que G\u00f3mez Trejo asegur\u00f3 que con esas detenciones se avanzar\u00eda en el caso.<\/p>\n\n\n\n<p>Notas period\u00edsticas de finales de 2024 indican que solo permanecen tres militares detenidos por el caso Ayotzinapa.<\/p>\n\n\n\n<p>\u00bfPor qu\u00e9 L\u00f3pez Obrador y ahora Sheinbaum Pardo protegen al Ej\u00e9rcito?<\/p>\n\n\n\n<p>Mario Patr\u00f3n S\u00e1nchez, defensor de derechos humanos, afirma que se debe a pactos de silencio que se traducen en pactos de impunidad.<\/p>\n\n\n\n<p>\u201cEs claro que el gobierno anterior de la cuarta transformaci\u00f3n peg\u00f3 con un dique conforme iban avanzando y decidieron declinar en su b\u00fasqueda, por eso es que no han dado los folios de la Sedena y no se ha avanzado m\u00e1s en la investigaci\u00f3n. El anterior gobierno (de L\u00f3pez Obrador) fue un gobierno con una narrativa muy estridente hacia los gobiernos del PAN, pero no hacia el gobierno inmediato anterior del PRI. Indudablemente se percibe que posiblemente pudo haber una negociaci\u00f3n y eso se traduce en pactos de impunidad.\u201d<\/p>\n\n\n\n<figure class=\"wp-block-image\"><img decoding=\"async\" src=\"http:\/\/eltlacolol.com\/wp-content\/uploads\/2025\/09\/WhatsApp-Image-2025-09-21-at-11.20.48-PM-1.jpeg\" alt=\"\" class=\"wp-image-8137\"\/><\/figure>\n\n\n\n<p>A once a\u00f1os del caso, indudablemente fue gracias a la participaci\u00f3n del GIEI que hay cierta luz en la investigaci\u00f3n. Su llegada se dio por primera vez a M\u00e9xico en marzo de 2015, resultado de un acuerdo entre el gobierno mexicano, la Comisi\u00f3n Interamericana de Derechos Humanos (CIDH) y los familiares de los 43.<\/p>\n\n\n\n<p>El GIEI no fue renovado por el gobierno de Pe\u00f1a Nieto debido a la hostilidad y falta de cooperaci\u00f3n, aunado a la fuerte campa\u00f1a en su contra.<\/p>\n\n\n\n<p>Con L\u00f3pez Obrador, el GIEI regres\u00f3 a M\u00e9xico en 2019, con la promesa de una nueva investigaci\u00f3n y acceso a archivos militares. Sin embargo, en 2023, el GIEI concluy\u00f3 su trabajo en el pa\u00eds, se\u00f1alando nuevamente la falta de colaboraci\u00f3n por parte de las fuerzas armadas y el gobierno.<\/p>\n\n\n\n<p>El GIEI present\u00f3 seis informes, dos durante el gobierno de Pe\u00f1a Nieto y cuatro en el de L\u00f3pez Obrador.<\/p>\n\n\n\n<p>Con el primer informe, dado el 6 de septiembre de 2015 y el segundo el 24 de abril de 2016, el GIEI desminti\u00f3 la hip\u00f3tesis de la incineraci\u00f3n de los 43 estudiantes en el basurero de Cocula, argumentando que era cient\u00edficamente imposible. Ech\u00f3 abajo la \u201cverdad hist\u00f3rica\u201d construida en el gobierno de Pe\u00f1a Nieto con el que se busc\u00f3 dar carpetazo a la b\u00fasqueda.<\/p>\n\n\n\n<p>Los expertos tambi\u00e9n revelaron la existencia de un quinto autob\u00fas que no fue investigado por las autoridades, sugiriendo que el m\u00f3vil del crimen podr\u00eda estar relacionado con el tr\u00e1fico de droga a Estados Unidos y no s\u00f3lo con un ataque a estudiantes avalado por el entonces alcalde de Iguala, el perredista Jos\u00e9 Luis Abarca Vel\u00e1zquez. El GIEI evidenci\u00f3 la omisi\u00f3n y obstrucci\u00f3n de la investigaci\u00f3n por parte de las autoridades federales, estatales y municipales, incluyendo al Ej\u00e9rcito.<\/p>\n\n\n\n<p>Con el tercer informe que se dio el 2 de febrero y el cuarto el 29 de septiembre, ambos de 2022, el GIEI se centr\u00f3 en la responsabilidad de las Fuerzas Armadas y la Marina. Los expertos confirmaron que el Ej\u00e9rcito ten\u00eda conocimiento en tiempo real de lo que estaba ocurriendo y no intervino. Adem\u00e1s, revel\u00f3 la manipulaci\u00f3n de pruebas por parte de las autoridades de la entonces Procuradur\u00eda General de la Rep\u00fablica (PGR), incluyendo el uso de tortura para obtener confesiones. Se demostr\u00f3 que las conversaciones telef\u00f3nicas de los implicados no se hab\u00edan investigado adecuadamente.<\/p>\n\n\n\n<p>Con el quinto informe dado el 31 de marzo y el sexto en julio, ambos de 2023, el GIEI expuso un retroceso en la investigaci\u00f3n debido a la falta de colaboraci\u00f3n de las fuerzas armadas. Los expertos afirmaron que el Ej\u00e9rcito se neg\u00f3 a entregar documentos clave que habr\u00edan permitido conocer la verdad sobre la noche de los hechos. Lament\u00f3 que la falta de acceso a informaci\u00f3n vital y la persistente impunidad impidieran llegar a una verdad definitiva y completa.<\/p>\n\n\n\n<h2 class=\"wp-block-heading\">&nbsp;<\/h2>\n\n\n\n<figure class=\"wp-block-image\"><img decoding=\"async\" src=\"http:\/\/eltlacolol.com\/wp-content\/uploads\/2025\/09\/WhatsApp-Image-2025-09-21-at-10.58.43-PM.jpeg\" alt=\"\" class=\"wp-image-8143\"\/><\/figure>\n\n\n\n<p>Isidoro Vicario Aguilar, abogado del Centro de Defensa de Derechos Humanos de la Monta\u00f1a Tlachinollan, dice que en las cinco reuniones en el primer a\u00f1o de gobierno de Sheinbaum Pardo, a pesar de que ha manifestado su voluntad de ayudar, los padres no ven avances concretos.<\/p>\n\n\n\n<p>Asegura que la presidenta de la Rep\u00fablica ha prometido un nuevo equipo para profundizar en la l\u00ednea de investigaci\u00f3n de la telefon\u00eda celular, misma que plante\u00f3 el GIEI desde 2022, pero los padres no ven resultados palpables.<\/p>\n\n\n\n<p>Isidoro Vicario se\u00f1ala que hay varias l\u00edneas de investigaci\u00f3n cruciales que se han estancado, como los 800 folios de documentos del Ej\u00e9rcito y las solicitudes de extradici\u00f3n del ex jefe de la Agencia de Investigaci\u00f3n Criminal, Tom\u00e1s Zer\u00f3n de Lucio, de Israel, y del ex juez de barandilla de la Polic\u00eda Municipal de Iguala, Jos\u00e9 Ulises Bernab\u00e9, de Estados Unidos, las que siguen \u201cen tr\u00e1mite\u201d desde hace a\u00f1os.<\/p>\n\n\n\n<p>Ulises Bernab\u00e9 es se\u00f1alado de permitir que los polic\u00edas municipales sacaran a 17 estudiantes de barandillas y los entregaran a Guerreros Unidos. Adem\u00e1s, ser\u00eda un testigo de la participaci\u00f3n del Ej\u00e9rcito durante las horas de la desaparici\u00f3n.<\/p>\n\n\n\n<p>El abogado de los padres y madres recalca que la impunidad m\u00e1s grave es con las autoridades locales, la nula investigaci\u00f3n del ex gobernador \u00c1ngel Aguirre Rivero y del ex procurador, I\u00f1aky Blanco Cabrera.<\/p>\n\n\n\n<p>La \u00fanica detenci\u00f3n reciente ocurri\u00f3 el 14 de mayo de 2025, contra la ex presidenta del Tribunal Superior de Justicia de Guerrero, Lambertina Galeana Mar\u00edn. Ella es responsabilizada de ocultar y destruir videos que grabaron c\u00e1maras de seguridad del exterior del Palacio de Justicia de Iguala.<\/p>\n\n\n\n<h2 class=\"wp-block-heading\">&nbsp;<\/h2>\n\n\n\n<figure class=\"wp-block-image\"><img decoding=\"async\" src=\"http:\/\/eltlacolol.com\/wp-content\/uploads\/2025\/09\/WhatsApp-Image-2025-09-21-at-11.00.32-PM.jpeg\" alt=\"\" class=\"wp-image-8141\"\/><\/figure>\n\n\n\n<p>A lo largo de su sexenio, L\u00f3pez Obrador tuvo m\u00faltiples reuniones con los padres de los 43. El 27 de agosto de 2024 fue la \u00faltima; de ese encuentro, los padres manifestaron su descontento y declararon que la relaci\u00f3n con el gobierno hab\u00eda \u201cfracasado\u201d en la promesa de hallar la verdad y dar con el paradero de sus hijos.<\/p>\n\n\n\n<p>Tras la salida de G\u00f3mez Trejo, la relaci\u00f3n entre los familiares y el presidente se volvi\u00f3 tensa debido a la falta de resultados concretos, y el presidente se volc\u00f3 en ataques constantes contra los asesores legales de los familiares.<\/p>\n\n\n\n<p>L\u00f3pez Obrador destruy\u00f3 el poco avance que inici\u00f3 con su gobierno. Incrust\u00f3 a su amigo Rosendo G\u00f3mez Piedra, en sustituci\u00f3n de G\u00f3mez Trejo, como fiscal de la UEILCA el 5 de octubre de 2022.<\/p>\n\n\n\n<p>G\u00f3mez Piedra es acusado de utilizar recursos p\u00fablicos para fines personales. Exig\u00eda dinero a su personal, pidiendo 20 por ciento del monto de los bonos de desempe\u00f1o que \u00e9l mismo asignaba. Fue denunciado por asignar veh\u00edculos y personal para asuntos personales, convirtiendo a empleados p\u00fablicos en sus asistentes privados. Nunca tuvo independencia. Su salida se dio en mayo de este a\u00f1o por exigencia de los padres.<\/p>\n\n\n\n<p>Si G\u00f3mez Piedra fall\u00f3 fue por \u00f3rdenes de L\u00f3pez Obrador.<\/p>\n\n\n\n<figure class=\"wp-block-image\"><img decoding=\"async\" src=\"http:\/\/eltlacolol.com\/wp-content\/uploads\/2025\/09\/WhatsApp-Image-2025-09-21-at-10.59.10-PM.jpeg\" alt=\"\" class=\"wp-image-8142\"\/><\/figure>\n\n\n\n<p>Mario Gonz\u00e1lez, padre del normalista desaparecido C\u00e9sar Manuel Gonz\u00e1lez Hern\u00e1ndez, asegura que los encuentros con Sheinbaum Pardo han sido \u201cinsatisfactorios\u201d porque no hay nuevas l\u00edneas de investigaci\u00f3n.<\/p>\n\n\n\n<p>\u201cEstamos abandonando las l\u00edneas de investigaci\u00f3n que nos costaron 10 a\u00f1os. Tenemos l\u00edneas de investigaci\u00f3n con pruebas palpables, con argumentos, y la presidenta piensa que con la nueva tecnolog\u00eda y no s\u00e9 qu\u00e9 tanto ella va a sacar nuevas l\u00edneas, pero no es cierto\u201d, dice don Mario.<\/p>\n\n\n\n<p>Cuestiona que en menos de un a\u00f1o se contradijo con el retorno del GIEI: primero les dijo que s\u00ed los har\u00eda volver, pero despu\u00e9s en una conferencia matutina dijo que no, que si se conforma un nuevo GIEI ser\u00eda con nuevos integrantes, lo que para ellos no es conveniente.<\/p>\n\n\n\n<blockquote class=\"wp-block-quote is-layout-flow wp-block-quote-is-layout-flow\">\n<p>\u201c\u00bfEn qu\u00e9 cabeza cabe que nosotros queremos unos expertos nuevos para que nos den una informaci\u00f3n durante un a\u00f1o? Si est\u00e1n disponibles los expertos que puedan venir a arriar las l\u00edneas de investigaci\u00f3n que costaron 10 a\u00f1os.\u201d<\/p>\n<\/blockquote>\n\n\n\n<p>Para don Mario, el gobierno actual contin\u00faa encubriendo a Aguirre Rivero e I\u00f1aki Blanco y las investigaciones est\u00e1n girando entorno a la verdad hist\u00f3rica de Pe\u00f1a Nieto.<\/p>\n\n\n\n<p>En v\u00edsperas de cumplirse los once a\u00f1os de la desaparici\u00f3n forzada de sus hijos, asegura que en el sexenio de L\u00f3pez Obrador se desaprovech\u00f3 la oportunidad de llegar a la verdad.<\/p>\n\n\n\n<blockquote class=\"wp-block-quote is-layout-flow wp-block-quote-is-layout-flow\">\n<p>\u201cS\u00ed hubo la oportunidad de llegar a la verdad, desgraciadamente todas las l\u00edneas de investigaci\u00f3n llegaban al Ej\u00e9rcito, toparon con el Ej\u00e9rcito y ah\u00ed ya no se pudo avanzar.\u201d<\/p>\n<\/blockquote>\n\n\n\n<blockquote class=\"wp-block-quote is-layout-flow wp-block-quote-is-layout-flow\">\n<p>\u00bfPor qu\u00e9 cree usted que con el ej\u00e9rcito se top\u00f3 y ya no quiso avanzar Obrador?<\/p>\n<\/blockquote>\n\n\n\n<blockquote class=\"wp-block-quote is-layout-flow wp-block-quote-is-layout-flow\">\n<p>\u201cPorque se iba a descubrir tanta porquer\u00eda que hab\u00eda en el Ej\u00e9rcito, tanto con la Marina, Hay mucha m\u00e1s porquer\u00eda dentro del Ej\u00e9rcito que desafortunadamente tuvo m\u00e1s participaci\u00f3n de la que nosotros creemos.\u201d<\/p>\n<\/blockquote>\n\n\n\n<p>\u00bfHan pensado en poner un ultim\u00e1tum a la presidenta para que d\u00e9 resultados?<\/p>\n\n\n\n<blockquote class=\"wp-block-quote is-layout-flow wp-block-quote-is-layout-flow\">\n<p>\u201cDespu\u00e9s de la jornada de lucha vamos a tener una reuni\u00f3n entre todos y creo que se va a tener que dar el ultim\u00e1tum, porque no le veo chiste que otra vez empecemos como antes, m\u00e1s y m\u00e1s reuniones que a determinado momento despu\u00e9s va a servir para que nos ofendamos o sean infructuosas.\u201d<\/p>\n<\/blockquote>\n\n\n\n<p>El caso Ayotzinapa sigue m\u00e1s que vivo. La corrupci\u00f3n, el encubrimiento, la impunidad se han heredado entre gobiernos del PRI y Morena.<\/p>\n\n\n\n<p>\u00bfCu\u00e1l ser\u00e1 el costo que pagar\u00e1 el Ej\u00e9rcito por la protecci\u00f3n pol\u00edtica? Peor a\u00fan: \u00bfcu\u00e1l es el costo que pagaremos los mexicanos por tanta impunidad heredada?<\/p>\n\n\n\n<h4 class=\"wp-block-heading\">Chirrionazo<\/h4>\n\n\n\n<p>En el acto de la presidenta Claudia Sheinbaum de este viernes en Chilpancingo se vio el acarreo en su m\u00e1xima expresi\u00f3n y la ejecuci\u00f3n de esto corri\u00f3 a cargo de dos nuevos caciques de Guerrero: F\u00e9lix Salgado Macedonio y el rector de la Universidad Aut\u00f3noma de Guerrero, Javier Salda\u00f1a Almaz\u00e1n.<\/p>\n\n\n\n<p>F\u00e9lix \u201cmoviliz\u00f3\u201d a funcionarios y trabajadores del gobierno del estado y Javier Salda\u00f1a a los estudiantes y trabajadores acad\u00e9micos y administrativos de la UaGro.<\/p>\n\n\n\n<p>Salda\u00f1a y F\u00e9lix bien que aprendieron las ma\u00f1as de su anterior partido el PRI, en esto de \u201cacarrear\u201d a la gente a los m\u00edtines.<\/p>\n<\/div>\n\n\n\n<p><\/p>\n","protected":false},"excerpt":{"rendered":"<p>Fuente: El TlacololPor Emiliano Tizapa, Arturo de Dios Palma y Jes\u00fas Guerrero &nbsp;Han pasado diez a\u00f1os, once meses y 27 d\u00edas de que 43 normalistas de Ayotzinapa fueron desaparecidos en Iguala, Guerrero. Se han publicado centenares de libros, miles de reportajes y notas period\u00edsticas sobre la desaparici\u00f3n forzada que expuso al mundo c\u00f3mo los pol\u00edticos [&hellip;]<\/p>\n","protected":false},"author":21,"featured_media":52337,"comment_status":"open","ping_status":"closed","sticky":false,"template":"","format":"standard","meta":{"footnotes":""},"categories":[51,1358,826,958,954,935],"tags":[929,58,244,53,567,147,912,23,545,87,148,27,483],"class_list":["post-52336","post","type-post","status-publish","format-standard","has-post-thumbnail","hentry","category-autor","category-ayotzinapa","category-medios-libres-2","category-megaproyectos","category-mexico","category-temas","tag-ayotzinapa","tag-derechos-humanos","tag-desaparecidos","tag-justicia","tag-megaproyectos","tag-militarizacion","tag-narcoestado","tag-paramilitares","tag-pueblos-indigenas","tag-represion","tag-resistencia","tag-solidaridad","tag-tierra-y-territorio"],"_links":{"self":[{"href":"https:\/\/radiozapatista.org\/index.php?rest_route=\/wp\/v2\/posts\/52336","targetHints":{"allow":["GET"]}}],"collection":[{"href":"https:\/\/radiozapatista.org\/index.php?rest_route=\/wp\/v2\/posts"}],"about":[{"href":"https:\/\/radiozapatista.org\/index.php?rest_route=\/wp\/v2\/types\/post"}],"author":[{"embeddable":true,"href":"https:\/\/radiozapatista.org\/index.php?rest_route=\/wp\/v2\/users\/21"}],"replies":[{"embeddable":true,"href":"https:\/\/radiozapatista.org\/index.php?rest_route=%2Fwp%2Fv2%2Fcomments&post=52336"}],"version-history":[{"count":6,"href":"https:\/\/radiozapatista.org\/index.php?rest_route=\/wp\/v2\/posts\/52336\/revisions"}],"predecessor-version":[{"id":52351,"href":"https:\/\/radiozapatista.org\/index.php?rest_route=\/wp\/v2\/posts\/52336\/revisions\/52351"}],"wp:featuredmedia":[{"embeddable":true,"href":"https:\/\/radiozapatista.org\/index.php?rest_route=\/wp\/v2\/media\/52337"}],"wp:attachment":[{"href":"https:\/\/radiozapatista.org\/index.php?rest_route=%2Fwp%2Fv2%2Fmedia&parent=52336"}],"wp:term":[{"taxonomy":"category","embeddable":true,"href":"https:\/\/radiozapatista.org\/index.php?rest_route=%2Fwp%2Fv2%2Fcategories&post=52336"},{"taxonomy":"post_tag","embeddable":true,"href":"https:\/\/radiozapatista.org\/index.php?rest_route=%2Fwp%2Fv2%2Ftags&post=52336"}],"curies":[{"name":"wp","href":"https:\/\/api.w.org\/{rel}","templated":true}]}}