{"id":52322,"date":"2025-09-24T09:52:10","date_gmt":"2025-09-24T15:52:10","guid":{"rendered":"https:\/\/radiozapatista.org\/?p=52322"},"modified":"2025-09-24T13:15:10","modified_gmt":"2025-09-24T19:15:10","slug":"carta-en-solidaridad-con-la-puerta-de-la-resistencia-y-la-vida-y-en-exigencia-de-acciones-institucionales-contra-el-genocidio","status":"publish","type":"post","link":"https:\/\/radiozapatista.org\/?p=52322","title":{"rendered":"Carta en solidaridad con la Puerta de la Resistencia y la Vida y en exigencia de acciones institucionales contra el genocidio"},"content":{"rendered":"\n<p>Fuente: <a href=\"https:\/\/www.caminoalandar.org\/post\/carta-en-solidaridad-con-la-puerta-de-la-resistencia-y-la-vida-y-en-exigencia-de-acciones-institucio\">Caminoalandar<\/a><\/p>\n\n\n\n<p id=\"viewer-s7m1e8141\">Por este medio, quienes formamos parte del Colectivo Lleg\u00f3 la hora de los pueblos queremos sumar nuestra plena solidaridad a la Puerta de la resistencia y la vida en la plaza Palestina libre; as\u00ed como a las colectividades que la resguardan.<\/p>\n\n\n\n<p id=\"viewer-zdoih8147\">Desde hace m\u00e1s de 40 a\u00f1os; pero sobre todo hoy, es urgente activar todo gesto de solidaridad y hacer manifiesto el repudio del genocidio que el ente israel\u00ed opera contra el pueblo palestino y que tiene como principal blanco, las infancias.<\/p>\n\n\n\n<p id=\"viewer-050do9031\">La puerta de la resistencia y la vida se convierte en un sitio de rabia organizada, memoria y solidaridad en donde, desde su instalaci\u00f3n se han agrupado todas aquellas personas y organizaciones que vemos con horror el genocidio. Exigimos el respeto a ese gesto colectivo y ciudadano de solidaridad y memoria.<\/p>\n\n\n\n<p id=\"viewer-hc2uo9392\">Tambi\u00e9n queremos hacer un en\u00e9rgico llamado al gobierno mexicano a atender las acciones que respecto de la conducci\u00f3n de la pol\u00edtica exterior, la Constituci\u00f3n Pol\u00edtica de los Estados Unidos Mexicanos expresamente se\u00f1ala tiene la titular del Poder Ejecutivo.<\/p>\n\n\n\n<p id=\"viewer-r8kmc9732\">En la fracci\u00f3n X del art\u00edculo 89 se establecen los principios que deben regir la conducci\u00f3n de la pol\u00edtica exterior, uno de los cuales es \u201cla lucha por la paz y la seguridad internacionales\u201d. Sin embargo, el genocidio en Gaza que est\u00e1 llevando a cabo Israel, ha sido documentado por la ONU que ha cobrado la vida de 66 mil civiles, la mayor\u00eda de ellos ni\u00f1os, mujeres y ancianos, quienes en algunos casos son asesinados en el momento en que van a buscar algo qu\u00e9 comer. Acciones aberrantes y una crueldad extrema, as\u00ed como el ataque con misiles cuando ni\u00f1os esperan en fila para llenar sus contenedores de agua.<\/p>\n\n\n\n<p id=\"viewer-ak21o8188\">En este sentido y a pesar del horror cotidiano que todos vemos, la Presidenta de la Rep\u00fablica ha asumido una actitud totalmente pasiva, con tibios \u201cllamados a la paz\u201d en abierta violaci\u00f3n de los principios convencionales y constitucionales que se\u00f1ala el art\u00edculo 89 fracci\u00f3n X.<\/p>\n\n\n\n<p id=\"viewer-4bszt10756\">En tal virtud, la Presidenta de la Rep\u00fablica s\u00ed est\u00e1 obligada a usar todos los medios pac\u00edficos y diplom\u00e1ticos a su alcance para contribuir a la luchar por la paz y la seguridad en Gaza y para detener el genocidio contra la poblaci\u00f3n y la muerte por hambruna de los ni\u00f1os de Gaza, tal como lo ordena la Constituci\u00f3n y los tratados internacionales como es la Convenci\u00f3n para la Prevenci\u00f3n y la Sanci\u00f3n del Delito de Genocidio y El Estatuto de Roma de la Corte Penal Internacional.<\/p>\n\n\n\n<p id=\"viewer-l8p8a11124\">Por todo lo anterior, demandamos el cumplimiento inmediato de estos principios constitucionales y convencionales con acciones concretas, como mandar ayuda humanitaria a Gaza, romper relaciones con Israel como lo han hecho otros pa\u00edses, as\u00ed como asumir una conducta m\u00e1s activa a nivel internacional, en los foros internacionales exigiendo y proponiendo medidas de protecci\u00f3n a la poblaci\u00f3n civil de Gaza, adem\u00e1s de condenar expresamente y p\u00fablicamente el genocidio.<\/p>\n\n\n\n<p id=\"viewer-r84sr11487\">Por \u00faltimo, exigimos tambi\u00e9n la plena protecci\u00f3n de quienes forman parte de la delegaci\u00f3n mexicana de la Flotilla Sumud y un pronunciamiento para que se respete a toda la Flotilla que cumple una misi\u00f3n solidaria y de paz.&nbsp;<\/p>\n\n\n\n<p><strong>Desde este colectivo abrazamos su solidaridad y repudiamos las agresiones de las que han sido objeto por parte de Israel<\/strong>.<\/p>\n\n\n\n<p class=\"has-text-align-center\"><strong>\u00a1Alto al genocidio!<\/strong><br><strong>\u00a1Viva Palestina libre!<\/strong><\/p>\n\n\n\n<p class=\"has-text-align-center\">Colectivo Lleg\u00f3 la hora de los Pueblos de apoyo al CNI \u2013 CIG, EZLN<\/p>\n\n\n\n<p id=\"viewer-0fb6t13562\">Alicia Castellanos, Ana Esther Cece\u00f1a, Argelia Guerrero, B\u00e1rbara Zamora, Carolina E. D\u00edaz I\u00f1igo, Gilberto L\u00f3pez y Rivas, In\u00e9s Duran Matute, Jorge Alonso, Juan Villoro, Juan Carlos Rulfo, Luis De Tavira, Luis Hern\u00e1ndez Navarro, Magdalena G\u00f3mez, Francisco Lion, Margara Mill\u00e1n, Mariana Mora, Ma. Eugenia S\u00e1nchez D\u00edaz de Rivera, Ra\u00fal Delgado Wise, Ra\u00fal Romero, Rosalva A\u00edda Hern\u00e1ndez Castillo, Servando Gaj\u00e1 y Sylvia Marcos.<\/p>\n\n\n\n<p id=\"viewer-d5lyu12262\"><strong>M\u00e9xico, septiembre 2025<\/strong><\/p>\n\n\n\n<p><\/p>\n","protected":false},"excerpt":{"rendered":"<p>Fuente: Caminoalandar Por este medio, quienes formamos parte del Colectivo Lleg\u00f3 la hora de los pueblos queremos sumar nuestra plena solidaridad a la Puerta de la resistencia y la vida en la plaza Palestina libre; as\u00ed como a las colectividades que la resguardan. Desde hace m\u00e1s de 40 a\u00f1os; pero sobre todo hoy, es urgente [&hellip;]<\/p>\n","protected":false},"author":21,"featured_media":52323,"comment_status":"open","ping_status":"closed","sticky":false,"template":"","format":"standard","meta":{"footnotes":""},"categories":[957,51,6,826,958,954,1327,935],"tags":[58,53,567,147,112,545,87,148,27,483],"class_list":["post-52322","post","type-post","status-publish","format-standard","has-post-thumbnail","hentry","category-autonomia","category-autor","category-chiapas","category-medios-libres-2","category-megaproyectos","category-mexico","category-palestina","category-temas","tag-derechos-humanos","tag-justicia","tag-megaproyectos","tag-militarizacion","tag-palestina","tag-pueblos-indigenas","tag-represion","tag-resistencia","tag-solidaridad","tag-tierra-y-territorio"],"_links":{"self":[{"href":"https:\/\/radiozapatista.org\/index.php?rest_route=\/wp\/v2\/posts\/52322","targetHints":{"allow":["GET"]}}],"collection":[{"href":"https:\/\/radiozapatista.org\/index.php?rest_route=\/wp\/v2\/posts"}],"about":[{"href":"https:\/\/radiozapatista.org\/index.php?rest_route=\/wp\/v2\/types\/post"}],"author":[{"embeddable":true,"href":"https:\/\/radiozapatista.org\/index.php?rest_route=\/wp\/v2\/users\/21"}],"replies":[{"embeddable":true,"href":"https:\/\/radiozapatista.org\/index.php?rest_route=%2Fwp%2Fv2%2Fcomments&post=52322"}],"version-history":[{"count":2,"href":"https:\/\/radiozapatista.org\/index.php?rest_route=\/wp\/v2\/posts\/52322\/revisions"}],"predecessor-version":[{"id":52328,"href":"https:\/\/radiozapatista.org\/index.php?rest_route=\/wp\/v2\/posts\/52322\/revisions\/52328"}],"wp:featuredmedia":[{"embeddable":true,"href":"https:\/\/radiozapatista.org\/index.php?rest_route=\/wp\/v2\/media\/52323"}],"wp:attachment":[{"href":"https:\/\/radiozapatista.org\/index.php?rest_route=%2Fwp%2Fv2%2Fmedia&parent=52322"}],"wp:term":[{"taxonomy":"category","embeddable":true,"href":"https:\/\/radiozapatista.org\/index.php?rest_route=%2Fwp%2Fv2%2Fcategories&post=52322"},{"taxonomy":"post_tag","embeddable":true,"href":"https:\/\/radiozapatista.org\/index.php?rest_route=%2Fwp%2Fv2%2Ftags&post=52322"}],"curies":[{"name":"wp","href":"https:\/\/api.w.org\/{rel}","templated":true}]}}