{"id":52286,"date":"2025-09-22T14:28:23","date_gmt":"2025-09-22T20:28:23","guid":{"rendered":"https:\/\/radiozapatista.org\/?p=52286"},"modified":"2025-09-22T14:28:24","modified_gmt":"2025-09-22T20:28:24","slug":"12-de-octubre-quinto-aniversario-de-la-toma-inpi-cinco-anos-de-resistencia-y-rebeldia","status":"publish","type":"post","link":"https:\/\/radiozapatista.org\/?p=52286","title":{"rendered":"12 de octubre. Quinto Aniversario de la Toma INPI, cinco a\u00f1os de Resistencia y Rebeld\u00eda"},"content":{"rendered":"\n<p>Gracias herman@s por su paso compa\u00f1ero, por su abrazo solidario, por su grito de dignidad y su pu\u00f1o combativo.<\/p>\n\n\n\n<p>\u00a1No Olvidamos!, \u00a1No Perdonamos!, \u00a1No Claudicamos!<\/p>\n\n\n\n<p>Desde la Casa de los Pueblos y Comunidades Ind\u00edgenas \u201cSamir Flores Soberanes\u201d, la Comunidad Ind\u00edgena Otom\u00ed residente en la CDMX, hace atenta INVITACI\u00d3N:<\/p>\n\n\n\n<p>A nuestr@s herman@s del Ej\u00e9rcito Zapatista de Liberaci\u00f3n Nacional, EZLN, a las Bases de Apoyo Zapatista; a los Pueblos Originarios y Comunidades Ind\u00edgenas que integran el Congreso Nacional Ind\u00edgena, CNI-CIG; a las organizaciones sociales, civiles y pol\u00edticas, colectiv@s, redes de resistencia y rebeld\u00eda que nos organizamos en la Asamblea Nacional por el Agua, la Vida y el Territorio, ANAVI; a l@s maestr@s y estudiant@s, a l@s ni\u00f1@s, a las mujeres que luchan y resisten; a las madres buscadoras; a las madres y padres de Ayotzinapa; a los hombres, mujeres y otroas de buen coraz\u00f3n en el campo y la Ciudad, a quienes suscribieron la Declaraci\u00f3n por la Vida; a la Europa Insumisa, Digna y Rebelde; a tod@s l@s que hacen arte, resistencia y rebeld\u00eda contra la guerra y por una Palestina Libre; a l@s intelectual@s, investigador@s, acad\u00e9mic@s; a los medios libres, independientes, alternativos o como se llamen\u2026<\/p>\n\n\n\n<p>Herman@s tod@s.<\/p>\n\n\n\n<p>Los esperamos este 11 y 12 de octubre, en esta su Casa, para que junt@s \u201cenfrentemos la Tormenta\u201d, \u201ctrabajemos en colectivo\u201d y \u201cconstruyamos\u201d el siguiente paso en la lucha contra el Sistema Capitalista y Patriarcal, que solo impone, muerte y destrucci\u00f3n.<\/p>\n\n\n\n<p>Porque falta, lo que falta, y porque nuestra lucha es por la Vida.<\/p>\n\n\n\n<p>\u00a1\u00a1Zapata Vive, la Lucha Sigue!!<\/p>\n\n\n\n<p>\u00a1\u00a1Tener Techo, es un Derecho!!<\/p>\n\n\n\n<p>\u00a1\u00a1Viva el Com\u00fan\u201d y la \u201cNo Propiedad\u201d<\/p>\n\n\n\n<p>\u00a1\u00a1Vivos los Llevaron, Vivos los Queremos!!<\/p>\n\n\n\n<p>\u00a1\u00a1Alto a la Guerra contra los Pueblos originarios y las Comunidades Zapatistas!!<\/p>\n\n\n\n<p>\u00a1\u00a1Viva el CNI!!, \u00a1\u00a1Viva el CIG!!, \u00a1\u00a1Viva el EZLN!!<\/p>\n\n\n\n<p><\/p>\n","protected":false},"excerpt":{"rendered":"<p>Gracias herman@s por su paso compa\u00f1ero, por su abrazo solidario, por su grito de dignidad y su pu\u00f1o combativo. \u00a1No Olvidamos!, \u00a1No Perdonamos!, \u00a1No Claudicamos! Desde la Casa de los Pueblos y Comunidades Ind\u00edgenas \u201cSamir Flores Soberanes\u201d, la Comunidad Ind\u00edgena Otom\u00ed residente en la CDMX, hace atenta INVITACI\u00d3N: A nuestr@s herman@s del Ej\u00e9rcito Zapatista de [&hellip;]<\/p>\n","protected":false},"author":21,"featured_media":52287,"comment_status":"open","ping_status":"closed","sticky":false,"template":"","format":"standard","meta":{"footnotes":""},"categories":[957,51,826,958,954,935],"tags":[58,53,567,147,545,148,27,483],"class_list":["post-52286","post","type-post","status-publish","format-standard","has-post-thumbnail","hentry","category-autonomia","category-autor","category-medios-libres-2","category-megaproyectos","category-mexico","category-temas","tag-derechos-humanos","tag-justicia","tag-megaproyectos","tag-militarizacion","tag-pueblos-indigenas","tag-resistencia","tag-solidaridad","tag-tierra-y-territorio"],"_links":{"self":[{"href":"https:\/\/radiozapatista.org\/index.php?rest_route=\/wp\/v2\/posts\/52286","targetHints":{"allow":["GET"]}}],"collection":[{"href":"https:\/\/radiozapatista.org\/index.php?rest_route=\/wp\/v2\/posts"}],"about":[{"href":"https:\/\/radiozapatista.org\/index.php?rest_route=\/wp\/v2\/types\/post"}],"author":[{"embeddable":true,"href":"https:\/\/radiozapatista.org\/index.php?rest_route=\/wp\/v2\/users\/21"}],"replies":[{"embeddable":true,"href":"https:\/\/radiozapatista.org\/index.php?rest_route=%2Fwp%2Fv2%2Fcomments&post=52286"}],"version-history":[{"count":1,"href":"https:\/\/radiozapatista.org\/index.php?rest_route=\/wp\/v2\/posts\/52286\/revisions"}],"predecessor-version":[{"id":52288,"href":"https:\/\/radiozapatista.org\/index.php?rest_route=\/wp\/v2\/posts\/52286\/revisions\/52288"}],"wp:featuredmedia":[{"embeddable":true,"href":"https:\/\/radiozapatista.org\/index.php?rest_route=\/wp\/v2\/media\/52287"}],"wp:attachment":[{"href":"https:\/\/radiozapatista.org\/index.php?rest_route=%2Fwp%2Fv2%2Fmedia&parent=52286"}],"wp:term":[{"taxonomy":"category","embeddable":true,"href":"https:\/\/radiozapatista.org\/index.php?rest_route=%2Fwp%2Fv2%2Fcategories&post=52286"},{"taxonomy":"post_tag","embeddable":true,"href":"https:\/\/radiozapatista.org\/index.php?rest_route=%2Fwp%2Fv2%2Ftags&post=52286"}],"curies":[{"name":"wp","href":"https:\/\/api.w.org\/{rel}","templated":true}]}}