{"id":52277,"date":"2025-09-22T10:46:17","date_gmt":"2025-09-22T16:46:17","guid":{"rendered":"https:\/\/radiozapatista.org\/?p=52277"},"modified":"2025-09-22T10:46:29","modified_gmt":"2025-09-22T16:46:29","slug":"28-sep-tumbala-chiapas-peregrinacion-por-la-paz-y-contra-el-genocidio-del-pueblo-palestino","status":"publish","type":"post","link":"https:\/\/radiozapatista.org\/?p=52277","title":{"rendered":"[28 sep &#8211; Tumbal\u00e1, Chiapas] Peregrinaci\u00f3n por la paz y contra el genocidio del pueblo palestino"},"content":{"rendered":"\n<p>La Parroquia de San Miguel Arc\u00e1nguel, Tumbal\u00e1, Chiapas, invita a la peregrinaci\u00f3n y acciones en favor de la Paz y por un alto al genocidio en Palestina y otros pueblos del mundo, este 28 de septiembre.<\/p>\n\n\n<div class=\"wp-block-image\">\n<figure class=\"aligncenter size-large\"><img loading=\"lazy\" decoding=\"async\" width=\"576\" height=\"1024\" src=\"https:\/\/radiozapatista.org\/wp-content\/uploads\/2025\/09\/diocesis-576x1024.jpg\" alt=\"\" class=\"wp-image-52278\" srcset=\"https:\/\/radiozapatista.org\/wp-content\/uploads\/2025\/09\/diocesis-576x1024.jpg 576w, https:\/\/radiozapatista.org\/wp-content\/uploads\/2025\/09\/diocesis-169x300.jpg 169w, https:\/\/radiozapatista.org\/wp-content\/uploads\/2025\/09\/diocesis.jpg 720w\" sizes=\"auto, (max-width: 576px) 100vw, 576px\" \/><\/figure>\n<\/div>","protected":false},"excerpt":{"rendered":"<p>La Parroquia de San Miguel Arc\u00e1nguel, Tumbal\u00e1, Chiapas, invita a la peregrinaci\u00f3n y acciones en favor de la Paz y por un alto al genocidio en Palestina y otros pueblos del mundo, este 28 de septiembre.<\/p>\n","protected":false},"author":1,"featured_media":0,"comment_status":"open","ping_status":"closed","sticky":false,"template":"","format":"standard","meta":{"footnotes":""},"categories":[51,6,183],"tags":[112,27],"class_list":["post-52277","post","type-post","status-publish","format-standard","hentry","category-autor","category-chiapas","category-blog","tag-palestina","tag-solidaridad"],"_links":{"self":[{"href":"https:\/\/radiozapatista.org\/index.php?rest_route=\/wp\/v2\/posts\/52277","targetHints":{"allow":["GET"]}}],"collection":[{"href":"https:\/\/radiozapatista.org\/index.php?rest_route=\/wp\/v2\/posts"}],"about":[{"href":"https:\/\/radiozapatista.org\/index.php?rest_route=\/wp\/v2\/types\/post"}],"author":[{"embeddable":true,"href":"https:\/\/radiozapatista.org\/index.php?rest_route=\/wp\/v2\/users\/1"}],"replies":[{"embeddable":true,"href":"https:\/\/radiozapatista.org\/index.php?rest_route=%2Fwp%2Fv2%2Fcomments&post=52277"}],"version-history":[{"count":1,"href":"https:\/\/radiozapatista.org\/index.php?rest_route=\/wp\/v2\/posts\/52277\/revisions"}],"predecessor-version":[{"id":52279,"href":"https:\/\/radiozapatista.org\/index.php?rest_route=\/wp\/v2\/posts\/52277\/revisions\/52279"}],"wp:attachment":[{"href":"https:\/\/radiozapatista.org\/index.php?rest_route=%2Fwp%2Fv2%2Fmedia&parent=52277"}],"wp:term":[{"taxonomy":"category","embeddable":true,"href":"https:\/\/radiozapatista.org\/index.php?rest_route=%2Fwp%2Fv2%2Fcategories&post=52277"},{"taxonomy":"post_tag","embeddable":true,"href":"https:\/\/radiozapatista.org\/index.php?rest_route=%2Fwp%2Fv2%2Ftags&post=52277"}],"curies":[{"name":"wp","href":"https:\/\/api.w.org\/{rel}","templated":true}]}}