{"id":52274,"date":"2025-09-21T13:16:31","date_gmt":"2025-09-21T19:16:31","guid":{"rendered":"https:\/\/radiozapatista.org\/?p=52274"},"modified":"2025-09-21T13:17:33","modified_gmt":"2025-09-21T19:17:33","slug":"el-camino-de-la-no-violencia-las-abejas-de-acteal","status":"publish","type":"post","link":"https:\/\/radiozapatista.org\/?p=52274","title":{"rendered":"El camino de la No-Violencia: Las Abejas de Acteal"},"content":{"rendered":"<p>[podcast]https:\/\/kehuelga.net\/programas\/desde-la-tormenta\/2025-09-10-acteal.mp3[\/podcast]<\/p>\n\n\n<p>En cabina en la Radio KeHuelga, las compa\u00f1eras de la comisi\u00f3n de comunicaci\u00f3n de la Organizaci\u00f3n Civil Las Abejas de Acteal platican sobre su libro <em>El camino de la No-Violencia<\/em>. En el programa, se transmite m\u00fasica en tsotsil y se recuerda la exigencia de justicia a casi 30 a\u00f1os de la masacre vivida en esa comunidad. La comisi\u00f3n de comunicaci\u00f3n comparte la importancia de la memoria colectiva, la resistencia pac\u00edfica como forma de vida, y el compromiso de seguir transmitiendo a las nuevas generaciones la esperanza de un mundo con dignidad y sin violencia.<\/p>\n\n\n\n<p>Pueden seguirlas y consultar sus comunicados, actividades y art\u00edculos en las siguientes p\u00e1ginas:<br>Blog oficial: Las Abejas de Acteal \u2014 acteal.blogspot.com<br>Blog\/Wordpress: lasabejasdeacteal.wordpress.com<br>En X: @AbejasDeActea<\/p>\n","protected":false},"excerpt":{"rendered":"<p>[podcast]https:\/\/kehuelga.net\/programas\/desde-la-tormenta\/2025-09-10-acteal.mp3[\/podcast] En cabina en la Radio KeHuelga, las compa\u00f1eras de la comisi\u00f3n de comunicaci\u00f3n de la Organizaci\u00f3n Civil Las Abejas de Acteal platican sobre su libro El camino de la No-Violencia. En el programa, se transmite m\u00fasica en tsotsil y se recuerda la exigencia de justicia a casi 30 a\u00f1os de la masacre vivida en [&hellip;]<\/p>\n","protected":false},"author":1,"featured_media":52275,"comment_status":"open","ping_status":"closed","sticky":false,"template":"","format":"standard","meta":{"footnotes":""},"categories":[1,957,6,826,961],"tags":[106,1101,23],"class_list":["post-52274","post","type-post","status-publish","format-standard","has-post-thumbnail","hentry","category-audio","category-autonomia","category-chiapas","category-medios-libres-2","category-mujeres","tag-las-abejas-de-acteal","tag-libros","tag-paramilitares"],"_links":{"self":[{"href":"https:\/\/radiozapatista.org\/index.php?rest_route=\/wp\/v2\/posts\/52274","targetHints":{"allow":["GET"]}}],"collection":[{"href":"https:\/\/radiozapatista.org\/index.php?rest_route=\/wp\/v2\/posts"}],"about":[{"href":"https:\/\/radiozapatista.org\/index.php?rest_route=\/wp\/v2\/types\/post"}],"author":[{"embeddable":true,"href":"https:\/\/radiozapatista.org\/index.php?rest_route=\/wp\/v2\/users\/1"}],"replies":[{"embeddable":true,"href":"https:\/\/radiozapatista.org\/index.php?rest_route=%2Fwp%2Fv2%2Fcomments&post=52274"}],"version-history":[{"count":1,"href":"https:\/\/radiozapatista.org\/index.php?rest_route=\/wp\/v2\/posts\/52274\/revisions"}],"predecessor-version":[{"id":52276,"href":"https:\/\/radiozapatista.org\/index.php?rest_route=\/wp\/v2\/posts\/52274\/revisions\/52276"}],"wp:featuredmedia":[{"embeddable":true,"href":"https:\/\/radiozapatista.org\/index.php?rest_route=\/wp\/v2\/media\/52275"}],"wp:attachment":[{"href":"https:\/\/radiozapatista.org\/index.php?rest_route=%2Fwp%2Fv2%2Fmedia&parent=52274"}],"wp:term":[{"taxonomy":"category","embeddable":true,"href":"https:\/\/radiozapatista.org\/index.php?rest_route=%2Fwp%2Fv2%2Fcategories&post=52274"},{"taxonomy":"post_tag","embeddable":true,"href":"https:\/\/radiozapatista.org\/index.php?rest_route=%2Fwp%2Fv2%2Ftags&post=52274"}],"curies":[{"name":"wp","href":"https:\/\/api.w.org\/{rel}","templated":true}]}}