{"id":52271,"date":"2025-09-21T12:57:42","date_gmt":"2025-09-21T18:57:42","guid":{"rendered":"https:\/\/radiozapatista.org\/?p=52271"},"modified":"2025-09-21T12:57:43","modified_gmt":"2025-09-21T18:57:43","slug":"21-sep-cdmx-oracion-por-la-paz-plaza-palestina-libre","status":"publish","type":"post","link":"https:\/\/radiozapatista.org\/?p=52271","title":{"rendered":"[21 sep &#8211; CDMX] Oraci\u00f3n por la paz, Plaza Palestina Libre"},"content":{"rendered":"<div class=\"wp-block-image\">\n<figure class=\"aligncenter size-large\"><img loading=\"lazy\" decoding=\"async\" width=\"1024\" height=\"731\" src=\"https:\/\/radiozapatista.org\/wp-content\/uploads\/2025\/09\/photo_2025-09-20_22-20-20-1024x731.jpg\" alt=\"\" class=\"wp-image-52272\" srcset=\"https:\/\/radiozapatista.org\/wp-content\/uploads\/2025\/09\/photo_2025-09-20_22-20-20-1024x731.jpg 1024w, https:\/\/radiozapatista.org\/wp-content\/uploads\/2025\/09\/photo_2025-09-20_22-20-20-350x250.jpg 350w, https:\/\/radiozapatista.org\/wp-content\/uploads\/2025\/09\/photo_2025-09-20_22-20-20-768x548.jpg 768w, https:\/\/radiozapatista.org\/wp-content\/uploads\/2025\/09\/photo_2025-09-20_22-20-20.jpg 1280w\" sizes=\"auto, (max-width: 1024px) 100vw, 1024px\" \/><\/figure>\n<\/div>\n\n\n<p>Se invita a la acci\u00f3n interreligiosa macroecum\u00e9nica en la Plaza Palestina libre (antes Hemiciclo a Ju\u00e1rez) el pr\u00f3ximo domingo 21 de septiembre a las 14 hrs.<\/p>\n\n\n\n<p><a href=\"https:\/\/www.facebook.com\/share\/p\/1EiXhP6ee3\">https:\/\/www.facebook.com\/share\/p\/1EiXhP6ee3<\/a><\/p>\n\n\n\n<p><a href=\"https:\/\/www.instagram.com\/p\/DO2bD5NjM0o\/?igsh=MWZ3aXZicDB1dG04eg==\">https:\/\/www.instagram.com\/p\/DO2bD5NjM0o\/?igsh=MWZ3aXZicDB1dG04eg==<\/a><\/p>\n","protected":false},"excerpt":{"rendered":"<p>Se invita a la acci\u00f3n interreligiosa macroecum\u00e9nica en la Plaza Palestina libre (antes Hemiciclo a Ju\u00e1rez) el pr\u00f3ximo domingo 21 de septiembre a las 14 hrs. https:\/\/www.facebook.com\/share\/p\/1EiXhP6ee3 https:\/\/www.instagram.com\/p\/DO2bD5NjM0o\/?igsh=MWZ3aXZicDB1dG04eg==<\/p>\n","protected":false},"author":1,"featured_media":0,"comment_status":"open","ping_status":"closed","sticky":false,"template":"","format":"standard","meta":{"footnotes":""},"categories":[51,954,183,1327],"tags":[204,112,27],"class_list":["post-52271","post","type-post","status-publish","format-standard","hentry","category-autor","category-mexico","category-blog","category-palestina","tag-guerra","tag-palestina","tag-solidaridad"],"_links":{"self":[{"href":"https:\/\/radiozapatista.org\/index.php?rest_route=\/wp\/v2\/posts\/52271","targetHints":{"allow":["GET"]}}],"collection":[{"href":"https:\/\/radiozapatista.org\/index.php?rest_route=\/wp\/v2\/posts"}],"about":[{"href":"https:\/\/radiozapatista.org\/index.php?rest_route=\/wp\/v2\/types\/post"}],"author":[{"embeddable":true,"href":"https:\/\/radiozapatista.org\/index.php?rest_route=\/wp\/v2\/users\/1"}],"replies":[{"embeddable":true,"href":"https:\/\/radiozapatista.org\/index.php?rest_route=%2Fwp%2Fv2%2Fcomments&post=52271"}],"version-history":[{"count":1,"href":"https:\/\/radiozapatista.org\/index.php?rest_route=\/wp\/v2\/posts\/52271\/revisions"}],"predecessor-version":[{"id":52273,"href":"https:\/\/radiozapatista.org\/index.php?rest_route=\/wp\/v2\/posts\/52271\/revisions\/52273"}],"wp:attachment":[{"href":"https:\/\/radiozapatista.org\/index.php?rest_route=%2Fwp%2Fv2%2Fmedia&parent=52271"}],"wp:term":[{"taxonomy":"category","embeddable":true,"href":"https:\/\/radiozapatista.org\/index.php?rest_route=%2Fwp%2Fv2%2Fcategories&post=52271"},{"taxonomy":"post_tag","embeddable":true,"href":"https:\/\/radiozapatista.org\/index.php?rest_route=%2Fwp%2Fv2%2Ftags&post=52271"}],"curies":[{"name":"wp","href":"https:\/\/api.w.org\/{rel}","templated":true}]}}