{"id":52260,"date":"2025-09-21T11:52:00","date_gmt":"2025-09-21T17:52:00","guid":{"rendered":"https:\/\/radiozapatista.org\/?p=52260"},"modified":"2025-09-21T11:56:18","modified_gmt":"2025-09-21T17:56:18","slug":"todos-los-ojos-en-gaza-bitacora-de-la-global-sumud-flotilla-del-19-de-septiembre","status":"publish","type":"post","link":"https:\/\/radiozapatista.org\/?p=52260","title":{"rendered":"Todos los ojos en Gaza. Bit\u00e1cora de la Flotilla Global Sumud del 19 de septiembre"},"content":{"rendered":"<p>[podcast]https:\/\/dn721601.ca.archive.org\/0\/items\/todosojosgaza_202509\/TOeG_1909.mp3[\/podcast]<\/p>\n\n\n<p>Todos los ojos en Gaza, un breve informativo donde actualizamos el avance de la Global Sumud Flotilla que se dirige rumbo a Gaza, tras partir el 31 de agosto del puerto de Barcelona.<\/p>\n\n\n\n<p>Todos los d\u00edas contactaremos con varias personas que se encuentran navegando hacia Gaza para romper el bloqueo genocida que el estado ocupante israel\u00ed est\u00e1 realizando contra la poblaci\u00f3n Gazat\u00ed. Todos los ojos en Gaza, Y todos los corazones tambi\u00e9n, porque lo que los gobiernos no se atreven, y los ej\u00e9rcitos temen, que es enfrentarse a la entidad ocupante israel\u00ed, nos atrevemos la ciudadan\u00eda mundial, poniendo el coraz\u00f3n desarmado en la proa de la Global Sumud Flotilla. En este momento de la historia en el que se demuestra que todos los gobiernos y los ej\u00e9rcitos son c\u00f3mplices del estado sionista de Israel.<\/p>\n\n\n\n<p>Les activistas de la Global Sumud Flotilla, navegan hacia Gaza para romper el bloqueo y abrir corredores humanitarios, para que llegue la ayuda imprescindible, para la supervivencia de m\u00e1s de 2 millones de personas que habitan Gaza. Israel y su ej\u00e9rcito con la complicidad de occidente detuvieron este verano los barcos Conscien, Madlen, y Handala e impidieron la apertura de ese corredor humanitario a trav\u00e9s de Egipto, que ped\u00edan 4,500 activistas de todo el mundo que se desplazaron hasta all\u00ed. Por eso ahora, una flota con decenas barcos de personas que han decidido poner sus cuerpos en defensa de la humanidad, navegan por el Mediterr\u00e1neo. Sumud, compa\u00f1eras.<\/p>\n\n\n\n<p>Escucha esta bit\u00e1cora que incluye audios propios enviados por integrantes de la flotilla, gracias a radio Almaina, la radio libre de Granada.<\/p>\n\n\n\n<p>En la edici\u00f3n del 19 de septiembre, escucharemos el diario de bit\u00e1cora que nos env\u00edan abordo de un barco de la flotilla en aguas de Catania, leeremos el diario de viaje n\u00famero 22 que proporciona Movement to Gaza, incluimos la entrevistas realizadas a pie de manifestaci\u00f3n el jueves pasado 18 de septiembre en las calles de gran\u00e1 y leeremos el comunicado de Movement to Gaza en agradecimiento a todas las manifestaciones de ayer. Haremos una menci\u00f3n al PEMA, pacto europeo de migraci\u00f3n y asilo, aprovechando que la flotilla est\u00e1 surcando las aguas del mediterr\u00e1neo para no olvidar reclamar la protecci\u00f3n de cualquier persona que se desplace por mar, aprobado hace unos meses por la uni\u00f3n europea y que supone una clara vulneraci\u00f3n de los derechos de las personas migrantes.<\/p>\n\n\n\n<p>Fuente: <a href=\"https:\/\/radioalmaina.org\/2025\/09\/19\/todos-los-ojos-en-gaza-bitacora-de-la-global-sumud-flotilla-del-19-de-septiembre\/\" target=\"_blank\" rel=\"noreferrer noopener\">Radio Almaina<\/a><\/p>\n","protected":false},"excerpt":{"rendered":"<p>[podcast]https:\/\/dn721601.ca.archive.org\/0\/items\/todosojosgaza_202509\/TOeG_1909.mp3[\/podcast] Todos los ojos en Gaza, un breve informativo donde actualizamos el avance de la Global Sumud Flotilla que se dirige rumbo a Gaza, tras partir el 31 de agosto del puerto de Barcelona. Todos los d\u00edas contactaremos con varias personas que se encuentran navegando hacia Gaza para romper el bloqueo genocida que el estado [&hellip;]<\/p>\n","protected":false},"author":1,"featured_media":52262,"comment_status":"open","ping_status":"closed","sticky":false,"template":"","format":"standard","meta":{"footnotes":""},"categories":[1,826,953,1327],"tags":[112,27],"class_list":["post-52260","post","type-post","status-publish","format-standard","has-post-thumbnail","hentry","category-audio","category-medios-libres-2","category-mundo","category-palestina","tag-palestina","tag-solidaridad"],"_links":{"self":[{"href":"https:\/\/radiozapatista.org\/index.php?rest_route=\/wp\/v2\/posts\/52260","targetHints":{"allow":["GET"]}}],"collection":[{"href":"https:\/\/radiozapatista.org\/index.php?rest_route=\/wp\/v2\/posts"}],"about":[{"href":"https:\/\/radiozapatista.org\/index.php?rest_route=\/wp\/v2\/types\/post"}],"author":[{"embeddable":true,"href":"https:\/\/radiozapatista.org\/index.php?rest_route=\/wp\/v2\/users\/1"}],"replies":[{"embeddable":true,"href":"https:\/\/radiozapatista.org\/index.php?rest_route=%2Fwp%2Fv2%2Fcomments&post=52260"}],"version-history":[{"count":4,"href":"https:\/\/radiozapatista.org\/index.php?rest_route=\/wp\/v2\/posts\/52260\/revisions"}],"predecessor-version":[{"id":52267,"href":"https:\/\/radiozapatista.org\/index.php?rest_route=\/wp\/v2\/posts\/52260\/revisions\/52267"}],"wp:featuredmedia":[{"embeddable":true,"href":"https:\/\/radiozapatista.org\/index.php?rest_route=\/wp\/v2\/media\/52262"}],"wp:attachment":[{"href":"https:\/\/radiozapatista.org\/index.php?rest_route=%2Fwp%2Fv2%2Fmedia&parent=52260"}],"wp:term":[{"taxonomy":"category","embeddable":true,"href":"https:\/\/radiozapatista.org\/index.php?rest_route=%2Fwp%2Fv2%2Fcategories&post=52260"},{"taxonomy":"post_tag","embeddable":true,"href":"https:\/\/radiozapatista.org\/index.php?rest_route=%2Fwp%2Fv2%2Ftags&post=52260"}],"curies":[{"name":"wp","href":"https:\/\/api.w.org\/{rel}","templated":true}]}}