{"id":52227,"date":"2025-09-17T13:13:34","date_gmt":"2025-09-17T19:13:34","guid":{"rendered":"https:\/\/radiozapatista.org\/?p=52227"},"modified":"2025-09-17T13:13:35","modified_gmt":"2025-09-17T19:13:35","slug":"nuestra-fuerza-es-el-territorio-pronunciamiento-de-pueblos-y-comunidades-del-sur-sureste","status":"publish","type":"post","link":"https:\/\/radiozapatista.org\/?p=52227","title":{"rendered":"Nuestra fuerza es el territorio: pronunciamiento de pueblos y comunidades del sur-sureste"},"content":{"rendered":"\n<p><strong>Nuestra fuerza es el territorio: pronunciamiento de pueblos y comunidades del sur-sureste<\/strong><\/p>\n\n\n\n<p><strong>San Crist\u00f3bal de Las Casas Chiapas, 13 y 14 de septiembre de 2025<\/strong><\/p>\n\n\n\n<p>Pueblos, comunidades, y organizaciones de los estados de Chiapas, Guerrero, Oaxaca y Puebla nos reunimos para compartir nuestras luchas, dolores y para profundizar en las estrategias de defensa territorial de la regi\u00f3n sur-sureste que fortalezcan acciones conjuntas frente a los mecanismos de despojo que provocan sufrimiento y muerte.<\/p>\n\n\n\n<p>Este encuentro constituye para nuestras comunidades una fuente de esperanza y fortaleza frente a la imposici\u00f3n de megaproyectos. Por ello, decidimos compartir nuestra palabra los d\u00edas 13 y 14 de septiembre de 2025 en San Crist\u00f3bal de Las Casas, Chiapas, marcado por un contexto de violencia criminal y la conflictividad en la regi\u00f3n, afirmamos lo siguiente:<\/p>\n\n\n\n<p>1. Los Pueblos originarios y campesinos, que hist\u00f3ricamente hemos protegido y cuidado el territorio, nos sostenemos en nuestras formas propias de organizaci\u00f3n pol\u00edtica herencia ancestral de nuestras abuelas y abuelos para el cuidado de la vida y la Madre Tierra.<\/p>\n\n\n\n<p>2. Existe una continuidad hist\u00f3rica del despojo de los territorios de nuestros pueblos, desde la colonizaci\u00f3n hasta la imposici\u00f3n actual de los polos de desarrollo implementados por los gobiernos en complicidad con empresas y crimen organizado.<\/p>\n\n\n\n<p>3. Pese a las agresiones, la violencia y el despojo que hemos sufrido durante d\u00e9cadas, los grandes capitales, el crimen organizado y los gobiernos no han logrado doblegar a nuestros pueblos. Gracias a la organizaci\u00f3n comunitaria hemos detenido megaproyectos, desalojos y actos de violencia.<\/p>\n\n\n\n<p>4. La defensa de nuestros territorios ha tenido costos muy altos: compa\u00f1eras y compa\u00f1eros comprometidos con la justicia social han sufrido asesinatos, desapariciones, amenazas y agresiones. La maquinaria de la represi\u00f3n sigue operando en los gobiernos sean del color que sean.<\/p>\n\n\n\n<p>Hoy denunciamos que gobiernos, empresas y crimen organizado han conformado una triada de poder para imponer megaproyectos y despojar los territorios, operando con total impunidad en la regi\u00f3n sur-sureste. Ejemplos de ello son:<\/p>\n\n\n\n<ul class=\"wp-block-list\">\n<li>En Oaxaca, los llamados polos de desarrollo y el proyecto interoce\u00e1nico han tra\u00eddo criminalizaci\u00f3n contra personas defensoras, militarizaci\u00f3n y fortalecimiento del crimen organizado.<\/li>\n\n\n\n<li>En Chiapas, los proyectos mineros pretenden abarcar m\u00e1s de 85 mil hect\u00e1reas del territorio Zoque, con graves afectaciones ambientales y sociales; adem\u00e1s de la imposici\u00f3n de la carretera de \u201clas culturas mayas\u201d San Crist\u00f3bal &#8211; Palenque, se le suma el polo de desarrollo Frontera Sur que busca administrar la movilidad internacional de personas y el impulso de industrias estrat\u00e9gicas (turismo y energ\u00e9ticas), a trav\u00e9s del terror para el despojo.<\/li>\n\n\n\n<li>En Guerrero, la imposici\u00f3n de proyectos mineros y tur\u00edsticos han roto el tejido social y acrecentando la violencia en contra de comunidades organizadas en defensa de la vida.<\/li>\n\n\n\n<li>Adem\u00e1s, la turistificaci\u00f3n, la construcci\u00f3n de autopistas y nuevas infraestructuras solo han servido para profundizar el extractivismo y garantizar ganancias a las empresas, a costa de la divisi\u00f3n y el desplazamiento de nuestras comunidades.<\/li>\n\n\n\n<li>El gobierno federal, a trav\u00e9s de programas sociales y asistenciales, ha debilitado la organizaci\u00f3n comunitaria construida durante d\u00e9cadas, adem\u00e1s ha tratado de cooptar a nuestras asambleas y l\u00edderes comunitarios. La 4ta transformaci\u00f3n ha demostrado ser una continuidad para el saqueo de los territorios: no se cancelaron concesiones mineras ni megaproyectos extractivos; al contrario, se han profundizado para favorecer a los grandes capitales.<\/li>\n<\/ul>\n\n\n\n<p>El modelo de \u201cdesarrollo\u201d impuesto solo ha generado dependencia, erosi\u00f3n cultural e identitaria, desigualdad y devastaci\u00f3n ambiental. Este modelo, adem\u00e1s, est\u00e1 atravesado por el patriarcado y el colonialismo: reproduce violencias contra las mujeres, ni\u00f1os, ni\u00f1as, y adolescentes, adem\u00e1s refuerza desigualdades hist\u00f3ricas.<\/p>\n\n\n\n<p>Frente a ello, levantamos la voz con claridad:<\/p>\n\n\n\n<ul class=\"wp-block-list\">\n<li>Alto al despojo territorial en contra del compa\u00f1ero Miguel S\u00e1nchez Hern\u00e1ndez en playa Salchi.<\/li>\n\n\n\n<li>Alto a los polos de desarrollo del Itsmo oaxaque\u00f1o.<\/li>\n\n\n\n<li>Alto al despojo en contra de compa\u00f1eros de Loma San Jacinto, Oaxaca.<\/li>\n\n\n\n<li>Exigimos justicia ante la desaparici\u00f3n de Sergio Rivera Hern\u00e1ndez en la Sierra Negra de Puebla.<\/li>\n\n\n\n<li>Exigimos justicia para Vicente Su\u00e1stegui desaparecido el 05 de agosto de 2021 y Marco Antonio Su\u00e1stegui, quien sufri\u00f3 un ataque mortal el 18 de abril de 2025 y falleci\u00f3 7 d\u00edas despu\u00e9s, l\u00edderes del Consejo de Eejidos y Comunidades Opositoras a la Presa la Parota que sembraron lucha y organizaci\u00f3n comunitaria.<\/li>\n\n\n\n<li>Exigimos justicia para el jTatic Marcelo P\u00e9rez P\u00e9rez ejecutado el 20 de octubre de 2024.<\/li>\n\n\n\n<li>Exigimos a la Comisi\u00f3n Interamericana de Derechos Humanos (CIDH) el informe de fondo por el Caso Acteal.<\/li>\n\n\n\n<li>Exigimos Paz en nuestros territorios.<\/li>\n\n\n\n<li>Decimos NO a la presa Margarita Maza de Ju\u00e1rez en los Valles Centrales de Oaxaca.<\/li>\n\n\n\n<li>Decimos NO al megaproyecto de muerte de la Hidroel\u00e9ctrica Coyolopa Azula, Sierra Negra de Puebla.<\/li>\n\n\n\n<li>Decimos NO a los proyectos mineros en la Mixteca de Puebla y Oaxaca, as\u00ed como en los Valles Centrales de Oaxaca, donde pretenden imponer la extracci\u00f3n de litio, tierras raras, plata y oro para beneficio empresarial.<\/li>\n\n\n\n<li>Decimos NO a los monocultivos de palma y extracci\u00f3n minera en Chiapas.<\/li>\n\n\n\n<li>Decimos NO al proyecto de fracking de la Ronda 2.2 en la regi\u00f3n Zoque que nuevamente amenaza el territorio con su reactivaci\u00f3n.<\/li>\n\n\n\n<li>Decimos NO a la gentrificaci\u00f3n.<\/li>\n\n\n\n<li>Denunciamos la imposici\u00f3n de consultas simuladas para legitimar megaproyectos.<\/li>\n<\/ul>\n\n\n\n<p>Ratificamos que los dos pilares que sostienen nuestra vida comunitaria, autonom\u00eda &nbsp;y resistencias son el territorio y la organizaci\u00f3n colectiva. Desde ellos seguiremos caminando, al lado de los pueblos, de donde tomamos direcci\u00f3n y fuerza.<\/p>\n\n\n\n<p>\u00a1Denunciamos, la imposici\u00f3n de megaproyectos de muerte y nos organizamos para defender la vida! \u00a1Todos los pueblos y comunidades tenemos el derecho a alzar la voz y no ser reprimidos! \u00a1juntos y juntas somos m\u00e1s fuertes!<\/p>\n\n\n\n<p><strong>Personas defensoras del territorio firmantes provenientes de municipios, comunidades, y organizaciones:<\/strong><\/p>\n\n\n\n<p>San Crist\u00f3bal de Las Casas, Ocosingo Chiapas, San Francisco, Ejido Adolfo Ruiz Cort\u00ednez, Ejido Arroyo encanto municipio de Salto de Agua, Campamento 4 de agosto de Agua Clara, Tecpat\u00e1n, Oaxaca de Ju\u00e1rez, La Cumbre Puebla, Zapotil\u00e1n Salinas, &nbsp;Santiago Xanica, , Nahilte, &nbsp;Cerro de las Huertas, San Mat\u00edas Chilazoa, Monte del Toro, Tlapa de Comonfort, Colectivo de Defensores del territorio, Centro de Derechos Humanos Fray Bartolom\u00e9 de Las Casas, OIDHO, Xinich, Parroquia San Antonio de Padua, EDUCA A.C.,&nbsp;Movimiento en defensa de a vida y el territorio, Sinal, Organizaci\u00f3n Sociedad Civil Las Abejas de Acteal, Movimiento Agrario Ind\u00edgena Zapatista, Centro de Derechos Humanos Tepeyac, del Itsmo de Tehuantepec, A.C., Gobierno Comunitario de Chil\u00f3n, CODEDI, Frente No a la Miner\u00eda por un Futuro de Todas y Todos, Centro de Derechos Humanos de la Monta\u00f1a Tlachinollan.<\/p>\n\n\n\n<p><a href=\"https:\/\/frayba.org.mx\/sites\/default\/files\/2025-09\/250914_declaratoria%20tercer%20encuentro%20regional%20sur%20sureste_final.pdf\">Descarga el Pronunciamiento en PDF<\/a>(311.09 KB)<\/p>\n\n\n\n<p><\/p>\n","protected":false},"excerpt":{"rendered":"<p>Nuestra fuerza es el territorio: pronunciamiento de pueblos y comunidades del sur-sureste San Crist\u00f3bal de Las Casas Chiapas, 13 y 14 de septiembre de 2025 Pueblos, comunidades, y organizaciones de los estados de Chiapas, Guerrero, Oaxaca y Puebla nos reunimos para compartir nuestras luchas, dolores y para profundizar en las estrategias de defensa territorial de [&hellip;]<\/p>\n","protected":false},"author":21,"featured_media":52228,"comment_status":"open","ping_status":"closed","sticky":false,"template":"","format":"standard","meta":{"footnotes":""},"categories":[957,51,6,55,958,954,935],"tags":[58,53,567,147,23,545,87,148,27,483],"class_list":["post-52227","post","type-post","status-publish","format-standard","has-post-thumbnail","hentry","category-autonomia","category-autor","category-chiapas","category-frayba","category-megaproyectos","category-mexico","category-temas","tag-derechos-humanos","tag-justicia","tag-megaproyectos","tag-militarizacion","tag-paramilitares","tag-pueblos-indigenas","tag-represion","tag-resistencia","tag-solidaridad","tag-tierra-y-territorio"],"_links":{"self":[{"href":"https:\/\/radiozapatista.org\/index.php?rest_route=\/wp\/v2\/posts\/52227","targetHints":{"allow":["GET"]}}],"collection":[{"href":"https:\/\/radiozapatista.org\/index.php?rest_route=\/wp\/v2\/posts"}],"about":[{"href":"https:\/\/radiozapatista.org\/index.php?rest_route=\/wp\/v2\/types\/post"}],"author":[{"embeddable":true,"href":"https:\/\/radiozapatista.org\/index.php?rest_route=\/wp\/v2\/users\/21"}],"replies":[{"embeddable":true,"href":"https:\/\/radiozapatista.org\/index.php?rest_route=%2Fwp%2Fv2%2Fcomments&post=52227"}],"version-history":[{"count":1,"href":"https:\/\/radiozapatista.org\/index.php?rest_route=\/wp\/v2\/posts\/52227\/revisions"}],"predecessor-version":[{"id":52229,"href":"https:\/\/radiozapatista.org\/index.php?rest_route=\/wp\/v2\/posts\/52227\/revisions\/52229"}],"wp:featuredmedia":[{"embeddable":true,"href":"https:\/\/radiozapatista.org\/index.php?rest_route=\/wp\/v2\/media\/52228"}],"wp:attachment":[{"href":"https:\/\/radiozapatista.org\/index.php?rest_route=%2Fwp%2Fv2%2Fmedia&parent=52227"}],"wp:term":[{"taxonomy":"category","embeddable":true,"href":"https:\/\/radiozapatista.org\/index.php?rest_route=%2Fwp%2Fv2%2Fcategories&post=52227"},{"taxonomy":"post_tag","embeddable":true,"href":"https:\/\/radiozapatista.org\/index.php?rest_route=%2Fwp%2Fv2%2Ftags&post=52227"}],"curies":[{"name":"wp","href":"https:\/\/api.w.org\/{rel}","templated":true}]}}