{"id":52219,"date":"2025-09-17T09:54:52","date_gmt":"2025-09-17T15:54:52","guid":{"rendered":"https:\/\/radiozapatista.org\/?p=52219"},"modified":"2025-09-17T09:54:54","modified_gmt":"2025-09-17T15:54:54","slug":"el-foro-global-nyeleni-refuerza-la-lucha-por-la-soberania-y-los-derechos-humanos","status":"publish","type":"post","link":"https:\/\/radiozapatista.org\/?p=52219","title":{"rendered":"El Foro Global Ny\u00e9l\u00e9ni refuerza la lucha por la soberan\u00eda y los derechos humanos"},"content":{"rendered":"\n<p>Fuente: <a href=\"https:\/\/viacampesina.org\/es\/el-foro-global-nyeleni-refuerza-la-lucha-por-la-soberania-y-los-derechos-humanos\/\" target=\"_blank\" rel=\"noreferrer noopener\">V\u00eda Campesina<\/a><br>Esta entrada est\u00e1 disponible tambi\u00e9n en <a href=\"https:\/\/viacampesina.org\/en\/2025\/09\/nyeleni-global-forum-builds-struggle-for-sovereignty-and-human-rights\/\">English<\/a> y <a href=\"https:\/\/viacampesina.org\/fr\/le-forum-mondial-nyeleni-renforce-la-lutte-pour-la-souverainete-et-les-droits-humains\/\">Fran\u00e7ais<\/a>. <\/p>\n\n\n\n<p>El tercer Foro Global Ny\u00e9l\u00e9ni se celebr\u00f3 n Kandy, Sri Lanka, del 6 al 13 de septiembre, uniendo a movimientos sociales de todo el mundo para discutir varios temas, entre ellos el creciente autoritarismo, la soberan\u00eda alimentaria, la reforma agraria, la atenci\u00f3n m\u00e9dica y la justicia clim\u00e1tica.<\/p>\n\n\n\n<p>\u201c&nbsp;El Foro se erige como una plataforma global de resistencia y solidaridad, basada en los principios de la soberan\u00eda alimentaria, el feminismo de base, la agroecolog\u00eda, la justicia social, de g\u00e9nero y clim\u00e1tica, la soberan\u00eda popular y energ\u00e9tica, y la democracia econ\u00f3mica\u201d,&nbsp;<a href=\"https:\/\/nyeleniglobalforum.org\/2025\/09\/08\/the-3rd-nyeleni-global-forum-opens-in-sri-lanka-calls-for-systemic-transformation-resonate-loudly\/\">se lee en<\/a>&nbsp;el comunicado de prensa inaugural.<\/p>\n\n\n\n<p>El foro se inaugur\u00f3 el 6 de septiembre en el Instituto Nacional de Desarrollo Cooperativo de Kandy, Sri Lanka. Participan m\u00e1s de 700 delegadxs de 100 nacionalidades diferentes.<\/p>\n\n\n\n<h3 class=\"wp-block-heading\"><strong>El programa incluy\u00f3 asambleas de mujeres y j\u00f3venes, solidaridad con Palestina<\/strong><\/h3>\n\n\n\n<p>El primer d\u00eda del foro, las delegaciones regionales de \u00c1frica, el Cercano Oriente y el Norte de \u00c1frica, Asia y el Pac\u00edfico, Am\u00e9rica Latina y el Caribe, Europa y Asia Central, y Am\u00e9rica del Norte convocaron sus reuniones preparatorias para discutir nuestra Agenda de Acci\u00f3n Pol\u00edtica Com\u00fan, desarrollada a trav\u00e9s de meses de consultas regionales e internacionales.&nbsp;<\/p>\n\n\n\n<p>Por la tarde, las delegadas se reunieron para la Asamblea de G\u00e9nero y Diversidad Sexual y Aliadas. \u00abPersonas de todas las razas, idiomas, sexualidades, identidades y capacidades son bienvenidas a construir con nosotras. Este espacio es fundamental\u00bb, dijo Paula Gioia, de La V\u00eda Campesina.<\/p>\n\n\n\n<p>El segundo d\u00eda se celebraron reuniones como la Asamblea de J\u00f3venes, la Asamblea de Mujeres y el Encuentro de Pueblos Ind\u00edgenas. \u00abLa reforma agraria implica tener j\u00f3venes presentes en espacios dignos, con educaci\u00f3n, salud, tierra, alimentaci\u00f3n y acceso a la producci\u00f3n local\u00bb, afirm\u00f3 Paulina Margarita Caal Chocooj, delegada del Movimiento Agroecol\u00f3gico de Am\u00e9rica Latina y el Caribe (MAELA).<\/p>\n\n\n\n<p>El tercer d\u00eda se celebr\u00f3 en solidaridad con Palestina, denunciando la inacci\u00f3n de los gobiernos y la ONU para intervenir en un genocidio en curso. \u00abLa acci\u00f3n pol\u00edtica que estamos llevando a cabo en este foro se conecta con todas las dem\u00e1s acciones que se est\u00e1n llevando a cabo en todo el mundo, incluyendo la Flotilla de la Libertad, los Amigos de La Haya y otras innumerables alianzas a nivel local, regional, nacional e internacional\u00bb, declar\u00f3 Jana Nakhal, del Comit\u00e9 Directivo Global en representaci\u00f3n de la regi\u00f3n NENA.<\/p>\n\n\n\n<figure class=\"wp-block-image size-full\"><img loading=\"lazy\" decoding=\"async\" width=\"1024\" height=\"682\" src=\"https:\/\/radiozapatista.org\/wp-content\/uploads\/2025\/09\/54771706593_c1378e93a0_k-1024x682-2.jpg\" alt=\"\" class=\"wp-image-52221\" srcset=\"https:\/\/radiozapatista.org\/wp-content\/uploads\/2025\/09\/54771706593_c1378e93a0_k-1024x682-2.jpg 1024w, https:\/\/radiozapatista.org\/wp-content\/uploads\/2025\/09\/54771706593_c1378e93a0_k-1024x682-2-350x233.jpg 350w, https:\/\/radiozapatista.org\/wp-content\/uploads\/2025\/09\/54771706593_c1378e93a0_k-1024x682-2-768x512.jpg 768w, https:\/\/radiozapatista.org\/wp-content\/uploads\/2025\/09\/54771706593_c1378e93a0_k-1024x682-2-700x466.jpg 700w\" sizes=\"auto, (max-width: 1024px) 100vw, 1024px\" \/><\/figure>\n\n\n\n<h3 class=\"wp-block-heading\"><strong>El Primer Foro Mundial sobre Soberan\u00eda Alimentaria sienta las bases para un movimiento global<\/strong><\/h3>\n\n\n\n<p>El Foro Ny\u00e9l\u00e9ni de este a\u00f1o se basa en los esfuerzos de foros anteriores, el primero de los cuales tuvo lugar en la aldea rural de Ny\u00e9l\u00e9ni, en Mali, en donde los l\u00edderes del movimiento campesino y agrario celebraron el Primer Foro Mundial sobre Soberan\u00eda Alimentaria en 2007. Este primer foro fue organizado por Amigos de la Tierra Internacional, V\u00eda Campesina, la Marcha Mundial de las Mujeres, ROPPA, el Foro Mundial de Pescadores y Trabajadores de la Pesca (WFF) y el Foro Mundial de Pueblos Pescadores (WFFP), y reuni\u00f3 a 600 delegados de los cinco continentes, representando a diversos sectores de la sociedad interesados \u200b\u200ben la agricultura y la alimentaci\u00f3n.&nbsp;<\/p>\n\n\n\n<p>Este primer foro dio como resultado la Declaraci\u00f3n de Ny\u00e9l\u00e9ni, un documento fundamental para el movimiento, y design\u00f3 a Ny\u00e9l\u00e9ni como el nombre de la red internacional de movimientos sociales. Hoy, el nombre de la aldea se ha convertido en sin\u00f3nimo del movimiento campesino mundial y la lucha por la soberan\u00eda alimentaria.&nbsp;<\/p>\n\n\n\n<p>Desde entonces se han celebrado otros foros Ny\u00e9l\u00e9ni, entre ellos Ny\u00e9l\u00e9ni Europa 2011 en Austria, el segundo Foro Global Ny\u00e9l\u00e9ni en 2015 que tuvo lugar en Mali, y Ny\u00e9l\u00e9ni Europa 2016 en Cluj-Napoca, Rumania.<\/p>\n\n\n\n<p><\/p>\n","protected":false},"excerpt":{"rendered":"<p>Fuente: V\u00eda CampesinaEsta entrada est\u00e1 disponible tambi\u00e9n en English y Fran\u00e7ais. El tercer Foro Global Ny\u00e9l\u00e9ni se celebr\u00f3 n Kandy, Sri Lanka, del 6 al 13 de septiembre, uniendo a movimientos sociales de todo el mundo para discutir varios temas, entre ellos el creciente autoritarismo, la soberan\u00eda alimentaria, la reforma agraria, la atenci\u00f3n m\u00e9dica y [&hellip;]<\/p>\n","protected":false},"author":1,"featured_media":52222,"comment_status":"open","ping_status":"closed","sticky":false,"template":"","format":"standard","meta":{"footnotes":""},"categories":[957,826,953],"tags":[246,799,171,112,1441],"class_list":["post-52219","post","type-post","status-publish","format-standard","has-post-thumbnail","hentry","category-autonomia","category-medios-libres-2","category-mundo","tag-agroecologia","tag-la-via-campesina","tag-medio-ambiente","tag-palestina","tag-soberania-alimentaria"],"_links":{"self":[{"href":"https:\/\/radiozapatista.org\/index.php?rest_route=\/wp\/v2\/posts\/52219","targetHints":{"allow":["GET"]}}],"collection":[{"href":"https:\/\/radiozapatista.org\/index.php?rest_route=\/wp\/v2\/posts"}],"about":[{"href":"https:\/\/radiozapatista.org\/index.php?rest_route=\/wp\/v2\/types\/post"}],"author":[{"embeddable":true,"href":"https:\/\/radiozapatista.org\/index.php?rest_route=\/wp\/v2\/users\/1"}],"replies":[{"embeddable":true,"href":"https:\/\/radiozapatista.org\/index.php?rest_route=%2Fwp%2Fv2%2Fcomments&post=52219"}],"version-history":[{"count":1,"href":"https:\/\/radiozapatista.org\/index.php?rest_route=\/wp\/v2\/posts\/52219\/revisions"}],"predecessor-version":[{"id":52223,"href":"https:\/\/radiozapatista.org\/index.php?rest_route=\/wp\/v2\/posts\/52219\/revisions\/52223"}],"wp:featuredmedia":[{"embeddable":true,"href":"https:\/\/radiozapatista.org\/index.php?rest_route=\/wp\/v2\/media\/52222"}],"wp:attachment":[{"href":"https:\/\/radiozapatista.org\/index.php?rest_route=%2Fwp%2Fv2%2Fmedia&parent=52219"}],"wp:term":[{"taxonomy":"category","embeddable":true,"href":"https:\/\/radiozapatista.org\/index.php?rest_route=%2Fwp%2Fv2%2Fcategories&post=52219"},{"taxonomy":"post_tag","embeddable":true,"href":"https:\/\/radiozapatista.org\/index.php?rest_route=%2Fwp%2Fv2%2Ftags&post=52219"}],"curies":[{"name":"wp","href":"https:\/\/api.w.org\/{rel}","templated":true}]}}