{"id":52215,"date":"2025-09-17T09:04:16","date_gmt":"2025-09-17T15:04:16","guid":{"rendered":"https:\/\/radiozapatista.org\/?p=52215"},"modified":"2025-09-17T09:04:16","modified_gmt":"2025-09-17T15:04:16","slug":"20-sep-cdmx-mega-marcha-mexico-x-gaza","status":"publish","type":"post","link":"https:\/\/radiozapatista.org\/?p=52215","title":{"rendered":"[20 sep &#8211; CDMX] Mega Marcha M\u00e9xico x Gaza"},"content":{"rendered":"\n<p class=\"has-text-align-center\"><strong>\u00a1Este s\u00e1bado, 20 de septiembre, \u00daNETE A LA MARCHA HACIA LA EMBAJADA SIONISTA!<\/strong><\/p>\n\n\n\n<p>Volvemos a tomar las calles para exigir la protecci\u00f3n de la flotilla Sumud, en la que viajan compa\u00f1erxs mexicanxs que intentan romper el cerco alimentario en Gaza. Adem\u00e1s, sabemos que es imperativo golpear los intereses del Estado gen0c*da, por eso \u00a1exigimos que el gobierno mexicano rompa relaciones con Isr43l, de una vez por todas.<\/p>\n\n\n\n<p>Esta lucha no nos es lejana, es la misma lucha global contra el imperialismo y el capital. \u00a1Alto al gen0c<em>d<\/em>o!<\/p>\n\n\n\n<p>\ud83d\udccd Metro Auditorio &#8211; Embajada de Israel.<br>\ud83d\udd67 3 pm.<br>\ud83d\uddd3 s\u00e1bado, 20 de septiembre.<\/p>\n\n\n\n<p><a href=\"https:\/\/www.facebook.com\/share\/p\/1BN7VmFvMw\">https:\/\/www.facebook.com\/share\/p\/1BN7VmFvMw<\/a><br><a href=\"https:\/\/www.instagram.com\/p\/DOpPbZYDKQ9\/?igsh=MWtqYmoxamVtNTNvYw==\">https:\/\/www.instagram.com\/p\/DOpPbZYDKQ9\/?igsh=MWtqYmoxamVtNTNvYw==<\/a><\/p>\n\n\n<div class=\"wp-block-image\">\n<figure class=\"aligncenter size-large\"><img loading=\"lazy\" decoding=\"async\" width=\"819\" height=\"1024\" src=\"https:\/\/radiozapatista.org\/wp-content\/uploads\/2025\/09\/marcha1-819x1024.jpg\" alt=\"\" class=\"wp-image-52216\" srcset=\"https:\/\/radiozapatista.org\/wp-content\/uploads\/2025\/09\/marcha1-819x1024.jpg 819w, https:\/\/radiozapatista.org\/wp-content\/uploads\/2025\/09\/marcha1-240x300.jpg 240w, https:\/\/radiozapatista.org\/wp-content\/uploads\/2025\/09\/marcha1-768x960.jpg 768w, https:\/\/radiozapatista.org\/wp-content\/uploads\/2025\/09\/marcha1.jpg 1024w\" sizes=\"auto, (max-width: 819px) 100vw, 819px\" \/><\/figure>\n<\/div>\n\n<div class=\"wp-block-image\">\n<figure class=\"aligncenter size-large\"><img loading=\"lazy\" decoding=\"async\" width=\"819\" height=\"1024\" src=\"https:\/\/radiozapatista.org\/wp-content\/uploads\/2025\/09\/marcha2-819x1024.jpg\" alt=\"\" class=\"wp-image-52217\" srcset=\"https:\/\/radiozapatista.org\/wp-content\/uploads\/2025\/09\/marcha2-819x1024.jpg 819w, https:\/\/radiozapatista.org\/wp-content\/uploads\/2025\/09\/marcha2-240x300.jpg 240w, https:\/\/radiozapatista.org\/wp-content\/uploads\/2025\/09\/marcha2-768x960.jpg 768w, https:\/\/radiozapatista.org\/wp-content\/uploads\/2025\/09\/marcha2.jpg 1024w\" sizes=\"auto, (max-width: 819px) 100vw, 819px\" \/><\/figure>\n<\/div>","protected":false},"excerpt":{"rendered":"<p>\u00a1Este s\u00e1bado, 20 de septiembre, \u00daNETE A LA MARCHA HACIA LA EMBAJADA SIONISTA! Volvemos a tomar las calles para exigir la protecci\u00f3n de la flotilla Sumud, en la que viajan compa\u00f1erxs mexicanxs que intentan romper el cerco alimentario en Gaza. Adem\u00e1s, sabemos que es imperativo golpear los intereses del Estado gen0c*da, por eso \u00a1exigimos que [&hellip;]<\/p>\n","protected":false},"author":1,"featured_media":0,"comment_status":"open","ping_status":"closed","sticky":false,"template":"","format":"standard","meta":{"footnotes":""},"categories":[954,183,1327],"tags":[1437,112,27],"class_list":["post-52215","post","type-post","status-publish","format-standard","hentry","category-mexico","category-blog","category-palestina","tag-marcha","tag-palestina","tag-solidaridad"],"_links":{"self":[{"href":"https:\/\/radiozapatista.org\/index.php?rest_route=\/wp\/v2\/posts\/52215","targetHints":{"allow":["GET"]}}],"collection":[{"href":"https:\/\/radiozapatista.org\/index.php?rest_route=\/wp\/v2\/posts"}],"about":[{"href":"https:\/\/radiozapatista.org\/index.php?rest_route=\/wp\/v2\/types\/post"}],"author":[{"embeddable":true,"href":"https:\/\/radiozapatista.org\/index.php?rest_route=\/wp\/v2\/users\/1"}],"replies":[{"embeddable":true,"href":"https:\/\/radiozapatista.org\/index.php?rest_route=%2Fwp%2Fv2%2Fcomments&post=52215"}],"version-history":[{"count":1,"href":"https:\/\/radiozapatista.org\/index.php?rest_route=\/wp\/v2\/posts\/52215\/revisions"}],"predecessor-version":[{"id":52218,"href":"https:\/\/radiozapatista.org\/index.php?rest_route=\/wp\/v2\/posts\/52215\/revisions\/52218"}],"wp:attachment":[{"href":"https:\/\/radiozapatista.org\/index.php?rest_route=%2Fwp%2Fv2%2Fmedia&parent=52215"}],"wp:term":[{"taxonomy":"category","embeddable":true,"href":"https:\/\/radiozapatista.org\/index.php?rest_route=%2Fwp%2Fv2%2Fcategories&post=52215"},{"taxonomy":"post_tag","embeddable":true,"href":"https:\/\/radiozapatista.org\/index.php?rest_route=%2Fwp%2Fv2%2Ftags&post=52215"}],"curies":[{"name":"wp","href":"https:\/\/api.w.org\/{rel}","templated":true}]}}