{"id":52204,"date":"2025-09-16T09:03:25","date_gmt":"2025-09-16T15:03:25","guid":{"rendered":"https:\/\/radiozapatista.org\/?p=52204"},"modified":"2025-09-16T09:03:27","modified_gmt":"2025-09-16T15:03:27","slug":"11-12-oct-puebla-foro-por-la-defensa-de-la-vida-y-los-territorios","status":"publish","type":"post","link":"https:\/\/radiozapatista.org\/?p=52204","title":{"rendered":"[11-12 oct &#8211; Puebla] Foro por la Defensa de la Vida y los Territorios"},"content":{"rendered":"<div class=\"wp-block-image\">\n<figure class=\"aligncenter size-large\"><img loading=\"lazy\" decoding=\"async\" width=\"724\" height=\"1024\" src=\"https:\/\/radiozapatista.org\/wp-content\/uploads\/2025\/09\/foropuebla-724x1024.jpg\" alt=\"\" class=\"wp-image-52205\" srcset=\"https:\/\/radiozapatista.org\/wp-content\/uploads\/2025\/09\/foropuebla-724x1024.jpg 724w, https:\/\/radiozapatista.org\/wp-content\/uploads\/2025\/09\/foropuebla-212x300.jpg 212w, https:\/\/radiozapatista.org\/wp-content\/uploads\/2025\/09\/foropuebla-768x1087.jpg 768w, https:\/\/radiozapatista.org\/wp-content\/uploads\/2025\/09\/foropuebla.jpg 800w\" sizes=\"auto, (max-width: 724px) 100vw, 724px\" \/><\/figure>\n<\/div>\n\n\n<h4 class=\"wp-block-heading has-text-align-center\">CONVOCATORIA<\/h4>\n\n\n\n<p>Considerando que los pueblos ind\u00edgenas somos guardianes de la naturaleza y de la historia, que durante m\u00e1s de 534 a\u00f1os hemos resistido la guerra colonial, el despojo y el saqueo que siguen presentes en nuestros territorios.<\/p>\n\n\n\n<p>Que la voracidad del sistema capitalista ha condenado al mundo a la devastaci\u00f3n ambiental, a la miseria de millones de seres humanos y a una crisis sin salida, en la que el modelo minero, energ\u00e9tico y de infraestructura extractiva es eje central.<\/p>\n\n\n\n<p>Que los gobiernos \u2014desde los neoliberales hasta la llamada Cuarta Transformaci\u00f3n\u2014 han otorgado concesiones mineras y aprobado megaproyectos como el Corredor Interoce\u00e1nico del Istmo de Tehuantepec, el Tren Interoce\u00e1nico de carga, los parques e\u00f3licos en el Istmo de Oaxaca, las mineras en la Mixteca poblano-oaxaque\u00f1a y la Sierra Norte de Puebla, as\u00ed como gasoductos e hidroel\u00e9ctricas en diferentes regiones, sin consulta ni consentimiento de los pueblos, violando nuestro derecho a la libre determinaci\u00f3n y a la autonom\u00eda.<\/p>\n\n\n\n<p>Que el extractivismo, en complicidad con empresas transnacionales y capitales globales, est\u00e1 destruyendo y saqueando nuestros cerros, manantiales, r\u00edos, bosques, tierras, lugares sagrados y la vida misma.<\/p>\n\n\n\n<p>Que la violencia empresarial, organizada junto con el crimen y los grupos paramilitares que son parte del mismo estado criminal, busca imponer el despojo, fragmentar el tejido comunitario y criminalizar a quienes defendemos la vida y el territorio.<\/p>\n\n\n\n<p>Desde los pueblos originarios del Valle de Tehuac\u00e1n y la Mixteca poblano-oaxaque\u00f1a, donde el neoextractivismo y los megaproyectos avanzan con despojo, violencia y muerte, levantamos la voz y convocamos a los pueblos, comunidades, colectivos, organizaciones, movimientos sociales, medios libres y personas solidarias a participar en el:<\/p>\n\n\n\n<p class=\"has-text-align-center\"><strong>Tercer Foro Regional por la Defensa de la Vida y los Territorios<br>11 y 12 de octubre \u2013 Reyes Metzontla, Puebla, Reserva de la Biosfera Tehuac\u00e1n-Cuicatl\u00e1n<\/strong><\/p>\n\n\n\n<p>Este foro da continuidad a los procesos colectivos iniciados en Zapotitl\u00e1n Salinas, donde pueblos y organizaciones nos hemos encontrado para hacer frente a la guerra contra la vida. Hoy queremos seguir ampliando los puentes de lucha, desde lo local a lo regional, en el coraz\u00f3n de Oaxaca y Puebla.<\/p>\n\n\n\n<h4 class=\"wp-block-heading\">Convocamos a:<\/h4>\n\n\n\n<p>Los pueblos y comunidades a debatir los desaf\u00edos comunes y fortalecer nuestras asambleas, la autonom\u00eda y las formas de organizaci\u00f3n comunitaria.<\/p>\n\n\n\n<!--more-->\n\n\n\n<p>Los colectivos y organizaciones a articular trabajos conjuntos y avanzar hacia una red regional de defensa del territorio, que impulse acciones solidarias, comunicaci\u00f3n popular y resistencia activa.<\/p>\n\n\n\n<p>Quienes ejercen la defensa jur\u00eddica comunitaria a construir estrategias conjuntas para denunciar a nivel nacional e internacional las violaciones a nuestros derechos colectivos.<\/p>\n\n\n\n<p>Las juventudes, mujeres, abuelas y abuelos, hombres y mujeres a compartir saberes, experiencias y luchas, para tejer un camino de autonom\u00eda y esperanza frente al capital y al Estado.<\/p>\n\n\n\n<p>Porque hoy es urgente:<\/p>\n\n\n\n<ul class=\"wp-block-list\">\n<li>Cancelar las concesiones mineras y los megaproyectos impuestos en Oaxaca y Puebla sin consentimiento de los pueblos.<\/li>\n\n\n\n<li>Defender los lugares sagrados, el agua, los bosques y el aire.<\/li>\n\n\n\n<li>Detener la guerra contra las comunidades y contra todos los pueblos originarios.<\/li>\n\n\n\n<li>Exigir justicia para nuestros asesinados y la presentaci\u00f3n con vida de nuestros desaparecidos.<\/li>\n<\/ul>\n\n\n\n<p>El extractivismo y los megaproyectos son la continuidad del colonialismo: nos quieren divididos, saqueados y destruidos. Pero desde lo com\u00fan, desde abajo y desde nuestros territorios, seguimos construyendo caminos de vida, dignidad y autonom\u00eda.<\/p>\n\n\n\n<p class=\"has-text-align-center\">\u00a1Por la vida, contra el despojo y los megaproyectos de muerte!<br>\u00a1La Madre Tierra no se vende, se ama y se defiende!<\/p>\n\n\n\n<h4 class=\"wp-block-heading\">Convocan:<\/h4>\n\n\n\n<p>CNI (Congreso Nacional Ind\u00edgena) MAIZ(Movimiento Agrario Ind\u00edgena Zapatista )<br>Radios Ecos de la Sal, Zapotitl\u00e1n Salinas, Frente NO a la Miner\u00eda por un Futuro de todos y todas, Foro Permanente en Defensa de la Tierra y el Territorio, Educa,Campo AC, GLEFAS, Centro de Formaci\u00f3n para la Autonom\u00eda Teocentli, UCIZONI (Union de Comunidades de la Zona Norte del Istmo), Pueblos Unidos de la Regi\u00f3n Cholulteca y de los Volcanes, La Flor Peri Odico &#8220;In x\u00f3chitl in cu\u00edcatl&#8221;, El Tekpatl &#8220;peri\u00f3dico cr\u00edtico y de combate&#8221;, Red de Radios Ind\u00edgenas y Comunitarias del Sureste Mexicano, Red de Accio&#8217;n frente al Libre Comercio (RMALC), el Grupo de Trabajo &#8220;Fronteras, regionalizaci\u00f3n y globalizaci\u00f3n del Consejo Latinoamericano de Ciencias Sociales y el Seminario Permanente de Estudioz Chicanos y de Fronteras. Laboratorio Popular de Medios Libres, Noticias de abajo, Cooperativa Nutze, Radio Comunitaria las Voces de los pueblos, Colectivo Altepechikawalistli, Vivero Comunitario San Juan del R\u00edo,<br>Radio Comunitaria ind\u00edgena Zacatepec &#8220;La voz del pueblo&#8221;,<br>Colectiva Mujeres que luchan, Xalapa, Colectiva Ayuuk Tox\u00ebjk, Colectivo Huitzil Urbano, Ollin Quetza, A.C, colectivo guam\u00fachil, Semillas de Luz, Radio Pochota Amatlan,<br>CDH Tepeyac del Istmo de Tehuantepec, A. C, Centro de derechos humanos de los pueblos del sur de Veracruz &#8221; Bety cari\u00f1o&#8221;,\u00a0sol\u00a0rojo<\/p>\n","protected":false},"excerpt":{"rendered":"<p>CONVOCATORIA Considerando que los pueblos ind\u00edgenas somos guardianes de la naturaleza y de la historia, que durante m\u00e1s de 534 a\u00f1os hemos resistido la guerra colonial, el despojo y el saqueo que siguen presentes en nuestros territorios. Que la voracidad del sistema capitalista ha condenado al mundo a la devastaci\u00f3n ambiental, a la miseria de [&hellip;]<\/p>\n","protected":false},"author":1,"featured_media":0,"comment_status":"open","ping_status":"closed","sticky":false,"template":"","format":"standard","meta":{"footnotes":""},"categories":[957,958,954,183],"tags":[1541,567,483],"class_list":["post-52204","post","type-post","status-publish","format-standard","hentry","category-autonomia","category-megaproyectos","category-mexico","category-blog","tag-encuentrss","tag-megaproyectos","tag-tierra-y-territorio"],"_links":{"self":[{"href":"https:\/\/radiozapatista.org\/index.php?rest_route=\/wp\/v2\/posts\/52204","targetHints":{"allow":["GET"]}}],"collection":[{"href":"https:\/\/radiozapatista.org\/index.php?rest_route=\/wp\/v2\/posts"}],"about":[{"href":"https:\/\/radiozapatista.org\/index.php?rest_route=\/wp\/v2\/types\/post"}],"author":[{"embeddable":true,"href":"https:\/\/radiozapatista.org\/index.php?rest_route=\/wp\/v2\/users\/1"}],"replies":[{"embeddable":true,"href":"https:\/\/radiozapatista.org\/index.php?rest_route=%2Fwp%2Fv2%2Fcomments&post=52204"}],"version-history":[{"count":1,"href":"https:\/\/radiozapatista.org\/index.php?rest_route=\/wp\/v2\/posts\/52204\/revisions"}],"predecessor-version":[{"id":52206,"href":"https:\/\/radiozapatista.org\/index.php?rest_route=\/wp\/v2\/posts\/52204\/revisions\/52206"}],"wp:attachment":[{"href":"https:\/\/radiozapatista.org\/index.php?rest_route=%2Fwp%2Fv2%2Fmedia&parent=52204"}],"wp:term":[{"taxonomy":"category","embeddable":true,"href":"https:\/\/radiozapatista.org\/index.php?rest_route=%2Fwp%2Fv2%2Fcategories&post=52204"},{"taxonomy":"post_tag","embeddable":true,"href":"https:\/\/radiozapatista.org\/index.php?rest_route=%2Fwp%2Fv2%2Ftags&post=52204"}],"curies":[{"name":"wp","href":"https:\/\/api.w.org\/{rel}","templated":true}]}}