{"id":52202,"date":"2025-09-16T08:55:03","date_gmt":"2025-09-16T14:55:03","guid":{"rendered":"https:\/\/radiozapatista.org\/?p=52202"},"modified":"2025-09-16T08:55:04","modified_gmt":"2025-09-16T14:55:04","slug":"12-19-oct-chiapas-novenario-por-el-padre-marcelo-perez","status":"publish","type":"post","link":"https:\/\/radiozapatista.org\/?p=52202","title":{"rendered":"[12-19 oct &#8211; Chiapas] Novenario por el Padre Marcelo P\u00e9rez"},"content":{"rendered":"\n<p class=\"has-text-align-center\">San Andr\u00e9s Larrainzar, Chiapas.<br>A 6 de septiembre de 2025.<\/p>\n\n\n\n<p>Asunto: Carta de Invitaci\u00f3n al Primer<br>Aniversario de la Pascua del Padre<br>Marcelo P\u00e9rez P\u00e9rez<\/p>\n\n\n\n<p>A las parroquias,<br>comunidades eclesiales,<br>organizaciones sociales y pueblos<br>que caminaron junto al<br>Padre Marcelo P\u00e9rez P\u00e9rez:<\/p>\n\n\n\n<p>Con profundo respeto y esperanza en el Dios de la vida, les extendemos una cordial invitaci\u00f3n para participar en el novenario del Primer Aniversario de la Pascua del Padre Marcelo P\u00e9rez P\u00e9rez, quien entreg\u00f3 su vida en fidelidad al Evangelio, a la justicia y a los m\u00e1s pobres.<\/p>\n\n\n\n<p>El novenario comenzar\u00e1 el domingo 12 de octubre y finalizar\u00e1 el domingo 19 de octubre, del presente a\u00f1o, con el siguiente esp\u00edritu: Celebrar la vida y el testimonio del Padre Marcelo, quien con valent\u00eda y ternura acompa\u00f1\u00f3 a los pueblos originarios, defendi\u00f3 la tierra y promovi\u00f3 la paz desde el Evangelio. Renovar nuestro compromiso con las causas que \u00e9l abraz\u00f3, especialmente la defensa de la vida, la justicia, la dignidad de los pueblos y el cuidado de la creaci\u00f3n. Orar juntos como Iglesia peregrina, reconociendo que su martirio es semilla de esperanza y profetismo para nuestro tiempo.<\/p>\n\n\n\n<p>Hemos organizado una propuesta* de acompa\u00f1amiento, de la siguiente manera:<\/p>\n\n\n\n<ol class=\"wp-block-list\">\n<li>DOMINGO 12 DE OCTUBRE: Parroquia Simojovel, CEBs<\/li>\n\n\n\n<li>LUNES 13 DE OCTUBRE: Luz y Fuerza del Pueblo<\/li>\n\n\n\n<li>MARTES 14 DE OCTUBRE: Modevite \/ Parroquia Guadalupe<\/li>\n\n\n\n<li>MI\u00c9RCOLES 15 DE OCTUBRE: Parroquia Chenalh\u00f3<\/li>\n\n\n\n<li>JUEVES 16 DE OCTUBRE: Frayba \/ Pueblo Creyente<\/li>\n\n\n\n<li>VIERNES 17 DE OCTUBRE: Las Abejas de Acteal \/ Socoltenango<\/li>\n\n\n\n<li>S\u00c1BADO 18 DE OCTUBRE: Parroquia El Bosque<\/li>\n\n\n\n<li>DOMINGO 19 DE OCTUBRE: Swefor<\/li>\n\n\n\n<li>LUNES 20 DE OCTUBRE: Peregrinaci\u00f3n y Misa.<\/li>\n<\/ol>\n\n\n\n<p>La llegada es a las 8:30am. Inicio del rezo a las 9am (el rezo lo organiza la familia y Consejo de San Andr\u00e9s), el lugar ser\u00e1 en la tumba del padre Marcelo, en San Andr\u00e9s Larrainzar. Al final del rez\u00f3 se pide la participaci\u00f3n de grupo y\/u organizaci\u00f3n (palabras de solidaridad y fortaleza a la familia, tambi\u00e9n pueden llevar signos, cantos o testimonios que expresen el v\u00ednculo que compartieron con el P. Marcelo). Es necesario avisar a la familia del padre Marcelo para asegurar su asistencia. Se sugiere que lleven su lunch para compartir al final.<\/p>\n\n\n\n<p>*Es una propuesta para llegar a acompa\u00f1ar a la familia del padre Marcelo durante el novenario. Somos organizaciones, parroquias y grupos que en vida el padre Marcelo nos acompa\u00f1\u00f3, y que esto sea un signo de nuestro agradecimiento a la familia. Es una propuesta, pondr\u00e1n cambiar libremente si no pueden ese d\u00eda. Al mismo tiempo extendemos la invitaci\u00f3n a todos los hermanos y hermanas, parroquias y grupos de la Provincia de Chiapas y de otras partes, que gustan sumarse a participar en este novenario. <\/p>\n\n\n\n<p>O bien realizar este novenario desde sus parroquias.<\/p>\n\n\n\n<p>Su presencia, oraci\u00f3n y solidaridad ser\u00e1 para nosotros un signo de comuni\u00f3n, resistencia y esperanza. Con afecto fraterno en Cristo y Mar\u00eda.<\/p>\n\n\n\n<p class=\"has-text-align-center\">Fraternalmente<br>Grupo \u201cMemoria Viva Totik Marcelo\u201d<br>Familiares del Padre Marcelo<br>Consejo Parroquial San Andr\u00e9s Ap\u00f3stol<\/p>\n\n\n\n<p><\/p>\n","protected":false},"excerpt":{"rendered":"<p>San Andr\u00e9s Larrainzar, Chiapas.A 6 de septiembre de 2025. Asunto: Carta de Invitaci\u00f3n al PrimerAniversario de la Pascua del PadreMarcelo P\u00e9rez P\u00e9rez A las parroquias,comunidades eclesiales,organizaciones sociales y pueblosque caminaron junto alPadre Marcelo P\u00e9rez P\u00e9rez: Con profundo respeto y esperanza en el Dios de la vida, les extendemos una cordial invitaci\u00f3n para participar en el [&hellip;]<\/p>\n","protected":false},"author":1,"featured_media":0,"comment_status":"open","ping_status":"closed","sticky":false,"template":"","format":"standard","meta":{"footnotes":""},"categories":[6,183],"tags":[917,912,1485],"class_list":["post-52202","post","type-post","status-publish","format-standard","hentry","category-chiapas","category-blog","tag-chiapas","tag-narcoestado","tag-padre-marcelo"],"_links":{"self":[{"href":"https:\/\/radiozapatista.org\/index.php?rest_route=\/wp\/v2\/posts\/52202","targetHints":{"allow":["GET"]}}],"collection":[{"href":"https:\/\/radiozapatista.org\/index.php?rest_route=\/wp\/v2\/posts"}],"about":[{"href":"https:\/\/radiozapatista.org\/index.php?rest_route=\/wp\/v2\/types\/post"}],"author":[{"embeddable":true,"href":"https:\/\/radiozapatista.org\/index.php?rest_route=\/wp\/v2\/users\/1"}],"replies":[{"embeddable":true,"href":"https:\/\/radiozapatista.org\/index.php?rest_route=%2Fwp%2Fv2%2Fcomments&post=52202"}],"version-history":[{"count":1,"href":"https:\/\/radiozapatista.org\/index.php?rest_route=\/wp\/v2\/posts\/52202\/revisions"}],"predecessor-version":[{"id":52203,"href":"https:\/\/radiozapatista.org\/index.php?rest_route=\/wp\/v2\/posts\/52202\/revisions\/52203"}],"wp:attachment":[{"href":"https:\/\/radiozapatista.org\/index.php?rest_route=%2Fwp%2Fv2%2Fmedia&parent=52202"}],"wp:term":[{"taxonomy":"category","embeddable":true,"href":"https:\/\/radiozapatista.org\/index.php?rest_route=%2Fwp%2Fv2%2Fcategories&post=52202"},{"taxonomy":"post_tag","embeddable":true,"href":"https:\/\/radiozapatista.org\/index.php?rest_route=%2Fwp%2Fv2%2Ftags&post=52202"}],"curies":[{"name":"wp","href":"https:\/\/api.w.org\/{rel}","templated":true}]}}