{"id":52187,"date":"2025-09-16T08:08:52","date_gmt":"2025-09-16T14:08:52","guid":{"rendered":"https:\/\/radiozapatista.org\/?p=52187"},"modified":"2025-09-16T08:09:42","modified_gmt":"2025-09-16T14:09:42","slug":"conferencia-de-prensa-rumbo-a-la-6a-asamblea-nacional-por-el-agua-la-vida-y-el-territorio-en-loma-de-bacum-sonora","status":"publish","type":"post","link":"https:\/\/radiozapatista.org\/?p=52187","title":{"rendered":"[22 sep &#8211; CDMX] Conferencia de prensa rumbo a la 6a Asamblea Nacional por el Agua, la Vida y el Territorio en Loma de Bacum, Sonora"},"content":{"rendered":"\n<p>Se extiende la invitaci\u00f3n a medios de comunicaci\u00f3n, organizaciones y colectivos a la conferencia de prensa rumbo a la 6a Asamblea Nacional por el agua la Vida y el Territorio que se llevar\u00e1 a cabo el d\u00eda lunes, 22 de septiembre a las 5:00 PM en la Casa de los pueblos y comunidades ind\u00edgenas &#8220;Samir Flores Soberanes&#8221;, ubicada en Av. M\u00e9xico &#8211; Coyoac\u00e1n, # 343, Colonia Xoco, Benito Ju\u00e1rez, CDMX.<\/p>\n\n\n\n<h4 class=\"wp-block-heading\">Participan:<\/h4>\n\n\n\n<p>-Representantes de la Naci\u00f3n de la tribu Yaqui del Heroico pueblo de Loma de Bacum, Sonora.<\/p>\n\n\n\n<p>-Congreso Nacional Ind\u00edgena CNI &#8211; CIG<\/p>\n\n\n\n<p>-Representantes de las sedes anteriores de la Asamblea Nacional por el Agua y la Vida<\/p>\n\n\n\n<p>#asambleanacionalporelaguaylavida<br>#CNI<br>#NuestraLuchaEsPorLaVida<br>#NoEsSequ\u00edaEsSaqueo<\/p>\n","protected":false},"excerpt":{"rendered":"<p>Se extiende la invitaci\u00f3n a medios de comunicaci\u00f3n, organizaciones y colectivos a la conferencia de prensa rumbo a la 6a Asamblea Nacional por el agua la Vida y el Territorio que se llevar\u00e1 a cabo el d\u00eda lunes, 22 de septiembre a las 5:00 PM en la Casa de los pueblos y comunidades ind\u00edgenas &#8220;Samir [&hellip;]<\/p>\n","protected":false},"author":1,"featured_media":0,"comment_status":"open","ping_status":"closed","sticky":false,"template":"","format":"standard","meta":{"footnotes":""},"categories":[957,1024,943,958,954,183],"tags":[579,567,483],"class_list":["post-52187","post","type-post","status-publish","format-standard","hentry","category-autonomia","category-cni-temas","category-cni","category-megaproyectos","category-mexico","category-blog","tag-agua","tag-megaproyectos","tag-tierra-y-territorio"],"_links":{"self":[{"href":"https:\/\/radiozapatista.org\/index.php?rest_route=\/wp\/v2\/posts\/52187","targetHints":{"allow":["GET"]}}],"collection":[{"href":"https:\/\/radiozapatista.org\/index.php?rest_route=\/wp\/v2\/posts"}],"about":[{"href":"https:\/\/radiozapatista.org\/index.php?rest_route=\/wp\/v2\/types\/post"}],"author":[{"embeddable":true,"href":"https:\/\/radiozapatista.org\/index.php?rest_route=\/wp\/v2\/users\/1"}],"replies":[{"embeddable":true,"href":"https:\/\/radiozapatista.org\/index.php?rest_route=%2Fwp%2Fv2%2Fcomments&post=52187"}],"version-history":[{"count":3,"href":"https:\/\/radiozapatista.org\/index.php?rest_route=\/wp\/v2\/posts\/52187\/revisions"}],"predecessor-version":[{"id":52190,"href":"https:\/\/radiozapatista.org\/index.php?rest_route=\/wp\/v2\/posts\/52187\/revisions\/52190"}],"wp:attachment":[{"href":"https:\/\/radiozapatista.org\/index.php?rest_route=%2Fwp%2Fv2%2Fmedia&parent=52187"}],"wp:term":[{"taxonomy":"category","embeddable":true,"href":"https:\/\/radiozapatista.org\/index.php?rest_route=%2Fwp%2Fv2%2Fcategories&post=52187"},{"taxonomy":"post_tag","embeddable":true,"href":"https:\/\/radiozapatista.org\/index.php?rest_route=%2Fwp%2Fv2%2Ftags&post=52187"}],"curies":[{"name":"wp","href":"https:\/\/api.w.org\/{rel}","templated":true}]}}