{"id":52179,"date":"2025-09-12T20:25:26","date_gmt":"2025-09-13T02:25:26","guid":{"rendered":"https:\/\/radiozapatista.org\/?p=52179"},"modified":"2025-09-17T09:56:14","modified_gmt":"2025-09-17T15:56:14","slug":"impunidad-y-criminalizacion-imperan-a-un-ano-del-halconazo-morenista","status":"publish","type":"post","link":"https:\/\/radiozapatista.org\/?p=52179","title":{"rendered":"Impunidad y criminalizaci\u00f3n imperan a un a\u00f1o del \u201chalconazo morenista\u201d"},"content":{"rendered":"\n<p>Fuente: <a href=\"https:\/\/avispa.org\/impunidad-y-criminalizacion-imperan-a-un-ano-del-halconazo-morenista\/\">Avispa Midia<\/a><br>Por Aldo Santiago<br><em><sup>Fotos por Elizabeth D\u00edaz\/Sue\u00f1a Dignidad<\/sup><\/em><\/p>\n\n\n\n<p>El pasado 5 de septiembre se cumpli\u00f3&nbsp;<a href=\"https:\/\/avispa.org\/organizaciones-estudiantes-y-defensores-denuncian-impunidad-frente-represion-a-protestas-en-ciudad-de-mexico\/\">un a\u00f1o de los hechos de violencia y represi\u00f3n policial<\/a>&nbsp;contra m\u00e1s de 40 personas \u2013 entre ellas defensores del territorio, periodistas y estudiantes\u2013 ocurridos en las alcald\u00edas de Xochimilco y Tlalpan, en el contexto de movilizaciones pac\u00edficas que exig\u00edan la cancelaci\u00f3n de una carpeta de investigaci\u00f3n contra Hortensia Tel\u00e9sforo, defensora de la Casa de los Pueblos de Atlapulco, al sur de la Ciudad de M\u00e9xico.<\/p>\n\n\n\n<p>Aquel d\u00eda, en lugar de di\u00e1logo, la protesta enfrent\u00f3 la violenta irrupci\u00f3n de miembros de grupos de choque, quienes armados con palos agredieron y detuvieron de manera arbitraria a cinco personas, todo mientras elementos policiales presentes se abstuvieron de defender a los manifestantes. Las y los detenidos fueron trasladados al Ministerio P\u00fablico de Tlalpan, donde m\u00e1s tarde, las protestas por su liberaci\u00f3n fueron respondidas por los elementos policiacos con actos de represi\u00f3n que incluyeron robo, tortura, violencia sexual y psicol\u00f3gica.<\/p>\n\n\n\n<p>A un a\u00f1o de la jornada de violencia institucional, conocida ya como el \u201chalconazo morenista\u201d &#8211; por la similitud en que funcionarios utilizaron grupos de choque para reprimir la protesta social, tal como sucedi\u00f3 durante la d\u00e9cada de los 70s con grupos paramilitares denominados como \u2018halcones\u2019-&nbsp;las v\u00edctimas denuncian que no hay justicia ni reparaci\u00f3n: mientras&nbsp;funcionarios y polic\u00edas responsables siguen impunes,&nbsp;persisten las carpetas judiciales abiertas contra quienes fueron criminalizados. Peor a\u00fan, lejos de cesar, la persecuci\u00f3n y&nbsp;<a href=\"applewebdata:\/\/4B7F2A1B-63D1-4FD8-8408-CCF3FD700628\/amenazas%20se%20mantienen%20como%20mensaje%20de%20advertencia%20contra\">amenazas se mantienen como mensaje de advertencia<\/a>&nbsp;contra activistas y defensores del territorio en la Ciudad de M\u00e9xico (CDMX).<\/p>\n\n\n\n<!--more-->\n\n\n\n<figure class=\"wp-block-image\"><a class=\"td-modal-image\" href=\"https:\/\/avispa.org\/wp-content\/uploads\/2025\/09\/05-DE-SEP-FGJCDMXtsApp-Image-2025-09-06-at-2.38.05-AM.jpeg\"><img decoding=\"async\" src=\"https:\/\/avispa.org\/wp-content\/uploads\/2025\/09\/05-DE-SEP-FGJCDMXtsApp-Image-2025-09-06-at-2.38.05-AM-1024x682.jpeg\" alt=\"\" class=\"wp-image-120774\"\/><\/a><\/figure>\n\n\n\n<p>En la antesala del pr\u00f3ximo mundial de futbol en M\u00e9xico, a realizarse en el a\u00f1o 2026, sobre todo la zona sur de la CDMX est\u00e1 recibiendo presiones que podr\u00edan&nbsp;<a href=\"https:\/\/lavoladora.org\/gentrificacion-y-desplazamientos-los-otros-impactos-del-mundial-en-cdmx\/\">acelerar procesos de gentrificaci\u00f3n, desplazamiento y despojo<\/a>&nbsp;contra los pueblos que ah\u00ed viven, por lo que la protesta social est\u00e1 en la mira de las autoridades. En ese contexto&nbsp;presentamos extractos de una charla con&nbsp;Elizabeth D\u00edaz, fundadora de la colectiva&nbsp;<em>Sue\u00f1a Dignidad<\/em>, quien comparti\u00f3 para&nbsp;<em>Avispa M\u00eddia<\/em>&nbsp;una actualizaci\u00f3n del caso, sus efectos en la vida de las personas y comunidades, as\u00ed como un llamado a mantener viva la lucha por la memoria.<\/p>\n\n\n\n<hr class=\"wp-block-separator has-alpha-channel-opacity\"\/>\n\n\n\n<p><strong><em>Avispa M\u00eddia (AM): \u00bfQu\u00e9 ha pasado con los procesos judiciales contra defensores del territorio en Xochimilco despu\u00e9s de aquel 5 de septiembre?<\/em><\/strong><\/p>\n\n\n\n<p>Elizabeth D\u00edaz (ED): En el&nbsp;caso de Xochimilco, realmente no ha habido un avance. A la compa\u00f1era Hortensia Tel\u00e9sforo le quitaron la carpeta de investigaci\u00f3n, pero los otros cinco compa\u00f1eros que fueron arrestados siguen enfrentando carpetas de investigaci\u00f3n en su contra.<\/p>\n\n\n\n<p><strong><em>AM: En la conmemoraci\u00f3n de un a\u00f1o del \u201chalconazo morenista\u201d, ustedes se manifestaron en la Fiscal\u00eda de la CDMX, \u00bfCu\u00e1l fue la respuesta de las autoridades?<\/em><\/strong><\/p>\n\n\n\n<p>ED:&nbsp;A pesar de que nos plantamos afuera de la Fiscal\u00eda General de Justicia, mientras los implicados tuvieron una reuni\u00f3n en cuanto a sus carpetas, no se ve una soluci\u00f3n inmediata. Al contrario, hay una desviaci\u00f3n sistem\u00e1tica en donde el gobierno no est\u00e1 poniendo de su parte para que puedan avanzar y puedan ya estar libres, porque finalmente est\u00e1n sometidos a c\u00f3mo vaya avanzando su proceso.<\/p>\n\n\n\n<p><strong><em>AM: Adem\u00e1s de la persecuci\u00f3n judicial, \u00bfqu\u00e9 otras consecuencias han enfrentado?<\/em><\/strong><\/p>\n\n\n\n<p>ED: Algo que habl\u00e1bamos entre todos los afectados, que somos bastantes, m\u00e1s de 40 personas, es que muchas tuvimos que desplazarnos. Yo tuve un exilio pol\u00edtico de m\u00e1s de seis meses, me tuve que ir del pa\u00eds. Eso provoc\u00f3 tambi\u00e9n ciertas cosas dentro de otros contextos, no en Xochimilco, pero s\u00ed en otros lugares donde tambi\u00e9n otras personas que han sido criminalizadas por el Estado han tenido que desplazarse.<\/p>\n\n\n\n<p>Sobre todo las afectaciones emocionales. Uno ya no vive igual, ya no se sale igual. Hay menos organizaci\u00f3n, que claro, sigue habiendo mucha resistencia, pero s\u00ed hay un antes y un despu\u00e9s de lo que pas\u00f3. Y creemos que es lo que ha querido hacer el gobierno de la Ciudad de M\u00e9xico, parar este tipo de acciones contundentes que se han llevado a cabo, que se siguen haciendo, pero no con la misma frecuencia. Las personas que estuvimos ese d\u00eda, pues tenemos ya otra forma de involucrarnos y lo vamos retomando apenas, despu\u00e9s de un a\u00f1o.<\/p>\n\n\n\n<figure class=\"wp-block-image\"><a class=\"td-modal-image\" href=\"https:\/\/avispa.org\/wp-content\/uploads\/2025\/09\/05-DE-SEP-FGJCDMXtsApp-Image-2025-09-06-at-2.38.24-AM.jpeg\"><img decoding=\"async\" src=\"https:\/\/avispa.org\/wp-content\/uploads\/2025\/09\/05-DE-SEP-FGJCDMXtsApp-Image-2025-09-06-at-2.38.24-AM-1024x682.jpeg\" alt=\"\" class=\"wp-image-120763\"\/><\/a><\/figure>\n\n\n\n<p><strong><em>AM:&nbsp;<\/em><\/strong><strong><em>\u00bfQu\u00e9 ha ocurrido con las denuncias que presentaron por los hechos de represi\u00f3n?<br><\/em><\/strong>ED: Dos d\u00edas despu\u00e9s de la represi\u00f3n, las personas afectadas fuimos a presentar una denuncia a la Comisi\u00f3n de Derechos Humanos de la Ciudad de M\u00e9xico. A eso no se le ha dado seguimiento. Ha sido muy indolente la Comisi\u00f3n porque ni siquiera se ha pronunciado y ellos pudieron constatar de primera mano lo afectados que est\u00e1bamos, tanto de golpes que eran visibles como despu\u00e9s, con todos los ex\u00e1menes psicol\u00f3gicos que nos hicieron a varias personas que sufrimos tortura.&nbsp;<\/p>\n\n\n\n<p>En el caso de la Fiscal\u00eda tambi\u00e9n se levantaron denuncias. En mi caso yo levant\u00e9 una carpeta de investigaci\u00f3n en contra de funcionarios de la Ciudad de M\u00e9xico, en especial de polic\u00edas. Yo s\u00ed pude documentar a tres polic\u00edas, su cara, con video y foto de quienes yo creo son mis agresores.<\/p>\n\n\n\n<p>Mi carpeta de investigaci\u00f3n pude consultarla una vez y realmente es larga, pero sobre todo lo que sobresale ah\u00ed, es una investigaci\u00f3n hacia mi persona. Ha sido muy revictimizante porque yo fui v\u00edctima de tortura sexual, tambi\u00e9n de robo, de golpes y no hay ning\u00fan avance. Todo lo que dice mi carpeta es que no hay nada, y realmente lo que hacen dentro de la investigaci\u00f3n es mandar escritos para investigar qui\u00e9n soy, y justo ahora que regres\u00e9 de mi exilio, he tratado de acercarme para ver c\u00f3mo sigue mi carpeta y no me la quieren ense\u00f1ar.<\/p>\n\n\n\n<p>Ya van dos veces que voy a la fiscal\u00eda; me cambiaron de persona encargada de mi carpeta y no me notificaron, nunca me han avisado de nada. Ahorita estamos haciendo mucho hincapi\u00e9 para poder ver, con mi abogada, cu\u00e1les son los avances, pero nos est\u00e1n cambiando de fecha continuamente. Por eso decimos que est\u00e1n congeladas, porque vamos, preguntamos y no nos dan ning\u00fan tipo de respuesta.<\/p>\n\n\n\n<figure class=\"wp-block-image\"><a class=\"td-modal-image\" href=\"https:\/\/avispa.org\/wp-content\/uploads\/2025\/09\/05-DE-SEP-FGJCDMXtsApp-Image-2025-09-06-at-2.38.02-AM.jpeg\"><img decoding=\"async\" src=\"https:\/\/avispa.org\/wp-content\/uploads\/2025\/09\/05-DE-SEP-FGJCDMXtsApp-Image-2025-09-06-at-2.38.02-AM-1024x682.jpeg\" alt=\"\" class=\"wp-image-120752\"\/><\/a><\/figure>\n\n\n\n<p><strong><em>AM:&nbsp;Tras las jornadas de conmemoraci\u00f3n a un a\u00f1o de los hechos, \u00bfcu\u00e1l ha sido el compromiso de las autoridades?<\/em><\/strong><\/p>\n\n\n\n<p>ED: Ahora con la manifestaci\u00f3n del viernes se llegaron a dos acuerdos con el gobierno de la Ciudad de M\u00e9xico, que era empezar a tener mesas de di\u00e1logo para el cierre de las carpetas de los compa\u00f1eros criminalizados injustamente. Tambi\u00e9n para destrabar las carpetas de las personas que hemos estado exigiendo justicia. Pero no hemos visto avance tampoco.<\/p>\n\n\n\n<p>Algo que tambi\u00e9n nos preocupa e indigna bastante es que el otro a\u00f1o tuvimos mucha cobertura medi\u00e1tica y este a\u00f1o los medios hegem\u00f3nicos de comunicaci\u00f3n no se acercaron. Tuvimos que ser las personas que hemos sido violentadas, y que tambi\u00e9n ejercemos el periodismo, quienes hemos tratado de buscar a otros medios, que se acerquen a darle continuidad a esto.<\/p>\n\n\n\n<p><strong><em>AM: \u00bfDurante las jornadas a un a\u00f1o de la represi\u00f3n, destacaron el papel de la memoria como una forma de lucha, podr\u00edas compartirnos m\u00e1s de esto?<\/em><\/strong><\/p>\n\n\n\n<p>ED: Creo fervientemente que las personas defensoras, periodistas y quienes habitamos estos procesos de lucha y resistencia somos memoria viva. Para m\u00ed y para muchos de nosotros, la memoria es algo vital para construir otros caminos de justicia,<\/p>\n\n\n\n<p>no dejar en el olvido, a pesar de lo doloroso y tambi\u00e9n lo tedioso que puede ser.<\/p>\n\n\n\n<p>Nosotros s\u00ed creemos que a partir de la memoria estamos buscando justicia y sobre todo tambi\u00e9n d\u00e1ndola a nosotras mismas. Por eso tambi\u00e9n dentro de estas jornadas apelamos a la m\u00fasica, al baile, a agarrar el micr\u00f3fono; tambi\u00e9n a las pintas, como una cuesti\u00f3n de decir: \u201cAqu\u00ed estamos y aqu\u00ed seguiremos\u201d, porque todav\u00eda no se ha hecho nada en contra de esto que fue para nosotros un \u201chalconazo morenista\u201d. Realmente nos deber\u00eda de preocupar a todas las personas que estamos en lucha y en resistencia aqu\u00ed, porque la gravedad de los hechos del otro a\u00f1o es inaudito, fue algo bastante deplorable y no puede ser que lo olvidemos.&nbsp;<\/p>\n\n\n\n<figure class=\"wp-block-image\"><a class=\"td-modal-image\" href=\"https:\/\/avispa.org\/wp-content\/uploads\/2025\/09\/05-DE-SEP-FGJCDMXtsApp-Image-2025-09-06-at-2.38.23-AM.jpeg\"><img decoding=\"async\" src=\"https:\/\/avispa.org\/wp-content\/uploads\/2025\/09\/05-DE-SEP-FGJCDMXtsApp-Image-2025-09-06-at-2.38.23-AM-1024x682.jpeg\" alt=\"\" class=\"wp-image-120757\"\/><\/a><\/figure>\n\n\n\n<p>Para nosotros la memoria es muy importante, nos mantiene con la lucha activa, por eso invitamos a las personas que nos lean, que nos escuchen. A sumarse a las manifestaciones, a compartir los materiales y tambi\u00e9n acercarse a las otras colectividades que sufrieron diferentes tipos de violaciones a sus derechos humanos.<\/p>\n\n\n\n<p>Que se acerquen tambi\u00e9n a preguntarles a ellos, a las personas que ahorita est\u00e1n ejerciendo la defensa en varios lugares estrat\u00e9gicos del sur, porque pues ahora con todo lo del mundial se vienen luchas muy intensas y hemos visto c\u00f3mo se ha intensificado la violencia. Afortunadamente no ha habido otro evento tan complejo en la Ciudad de M\u00e9xico como el del 5 de septiembre, pero tememos que se queda en el olvido y, si no hay un seguimiento, se pueda replicar de una forma peor.<\/p>\n\n\n\n<p>Tambi\u00e9n apelamos mucho justo a la memoria y pensar que estamos viviendo un clima parecido a cuando sucedieron los hechos del 68 (masacre de estudiantes en Tlatelolco).&nbsp;No olvidar que la historia se puede repetir, y por eso la memoria viva, pero sobre todo en cuestiones que nos pueden ayudar a evitar el ejercicio de este tipo de violencias contra las personas que estamos defendiendo los territorios.<\/p>\n","protected":false},"excerpt":{"rendered":"<p>Fuente: Avispa MidiaPor Aldo SantiagoFotos por Elizabeth D\u00edaz\/Sue\u00f1a Dignidad El pasado 5 de septiembre se cumpli\u00f3&nbsp;un a\u00f1o de los hechos de violencia y represi\u00f3n policial&nbsp;contra m\u00e1s de 40 personas \u2013 entre ellas defensores del territorio, periodistas y estudiantes\u2013 ocurridos en las alcald\u00edas de Xochimilco y Tlalpan, en el contexto de movilizaciones pac\u00edficas que exig\u00edan la [&hellip;]<\/p>\n","protected":false},"author":21,"featured_media":52180,"comment_status":"open","ping_status":"closed","sticky":false,"template":"","format":"standard","meta":{"footnotes":""},"categories":[957,51,826,958,954,935],"tags":[58,53,567,147,23,545,87,148,27,483],"class_list":["post-52179","post","type-post","status-publish","format-standard","has-post-thumbnail","hentry","category-autonomia","category-autor","category-medios-libres-2","category-megaproyectos","category-mexico","category-temas","tag-derechos-humanos","tag-justicia","tag-megaproyectos","tag-militarizacion","tag-paramilitares","tag-pueblos-indigenas","tag-represion","tag-resistencia","tag-solidaridad","tag-tierra-y-territorio"],"_links":{"self":[{"href":"https:\/\/radiozapatista.org\/index.php?rest_route=\/wp\/v2\/posts\/52179","targetHints":{"allow":["GET"]}}],"collection":[{"href":"https:\/\/radiozapatista.org\/index.php?rest_route=\/wp\/v2\/posts"}],"about":[{"href":"https:\/\/radiozapatista.org\/index.php?rest_route=\/wp\/v2\/types\/post"}],"author":[{"embeddable":true,"href":"https:\/\/radiozapatista.org\/index.php?rest_route=\/wp\/v2\/users\/21"}],"replies":[{"embeddable":true,"href":"https:\/\/radiozapatista.org\/index.php?rest_route=%2Fwp%2Fv2%2Fcomments&post=52179"}],"version-history":[{"count":2,"href":"https:\/\/radiozapatista.org\/index.php?rest_route=\/wp\/v2\/posts\/52179\/revisions"}],"predecessor-version":[{"id":52224,"href":"https:\/\/radiozapatista.org\/index.php?rest_route=\/wp\/v2\/posts\/52179\/revisions\/52224"}],"wp:featuredmedia":[{"embeddable":true,"href":"https:\/\/radiozapatista.org\/index.php?rest_route=\/wp\/v2\/media\/52180"}],"wp:attachment":[{"href":"https:\/\/radiozapatista.org\/index.php?rest_route=%2Fwp%2Fv2%2Fmedia&parent=52179"}],"wp:term":[{"taxonomy":"category","embeddable":true,"href":"https:\/\/radiozapatista.org\/index.php?rest_route=%2Fwp%2Fv2%2Fcategories&post=52179"},{"taxonomy":"post_tag","embeddable":true,"href":"https:\/\/radiozapatista.org\/index.php?rest_route=%2Fwp%2Fv2%2Ftags&post=52179"}],"curies":[{"name":"wp","href":"https:\/\/api.w.org\/{rel}","templated":true}]}}