{"id":52173,"date":"2025-09-12T14:17:40","date_gmt":"2025-09-12T20:17:40","guid":{"rendered":"https:\/\/radiozapatista.org\/?p=52173"},"modified":"2025-09-17T09:56:53","modified_gmt":"2025-09-17T15:56:53","slug":"marchamos-por-autodeterminacion-en-contra-de-la-presa-milpillas-y-en-defensa-del-rio-atenco","status":"publish","type":"post","link":"https:\/\/radiozapatista.org\/?p=52173","title":{"rendered":"Marchamos por autodeterminaci\u00f3n, en contra de la Presa Milpillas y en defensa del r\u00edo Atenco"},"content":{"rendered":"\n<p>El d\u00eda de hoy, 12 de Septiembre de 2025, el Movimiento en Defensa del Territorio y el R\u00edo Atenco, el Observatorio de Conflictos Mineros en Zacatecas y la REMA hemos salido a las calles de Jim\u00e9nez del Te\u00fal, Zacatecas, a manifestarnos de manera pac\u00edfica con el firme objetivo de ratificar nuestro total rechazo al proyecto de la presa Milpillas, que desde hace 10 a\u00f1os los gobiernos municipales, estatales y ahora el federal intentan imponer en nuestro territorio.<\/p>\n\n\n\n<p>Este proyecto, hoy incluido en el Plan H\u00eddrico Nacional, carece de sustento t\u00e9cnico y cient\u00edfico. Lo \u00fanico que lo respalda es un estudio de factibilidad de 2018, plagado de afirmaciones falsas, omisiones y contradicciones. Sabemos por datos de la propia Comisi\u00f3n Nacional del Agua (CONAGUA), que los 5 acu\u00edferos de la regi\u00f3n centro est\u00e1n agotados, con un d\u00e9ficit de 262.5 millones de metros c\u00fabicos anuales, mientras que la presa Milpillas s\u00f3lo cubrir\u00eda 41 millones de metros c\u00fabicos, por lo que se necesitar\u00edan 7 presas para m\u00ednimamente cubrir las necesidades de abasto de agua.<\/p>\n\n\n\n<p>Este proyecto pretende desviar 92% del caudal del R\u00edo Atenco, lo que definitivamente es una sentencia de muerte para \u00e9ste, nuestro r\u00edo, y con \u00e9l una sentencia de muerte para nosotras, las comunidades que desde tiempos ancestrales hemos vivido de sus aguas, en su ribera. La continuidad de la permanencia del r\u00edo y sus ecosistemas son de vital importancia para nuestra propia supervivencia.<\/p>\n\n\n\n<p>Los tres niveles de gobierno nos quieren enga\u00f1ar diciendo que habr\u00e1 \u201cdesarrollo y progreso\u201d, pero nada m\u00e1s basta voltear a ver a las comunidades en el pa\u00eds que ya han tenido la experiencia con imposici\u00f3n de presas en sus territorios, para reconocer estas mentiras. Aqu\u00ed algunos ejemplos:<\/p>\n\n\n\n<ul class=\"wp-block-list\">\n<li>La comunidad Puente de Arcediano, en Jalisco, donde en 2003 se present\u00f3 el proyecto de la presa de Arcediano en las barrancas de Huentit\u00e1n, despu\u00e9s de haber demolido las casas y el pueblo entero, en 2009 se suspendi\u00f3 la obra por fallas t\u00e9cnicas. El gobierno federal se neg\u00f3 a reconocer y pagar los da\u00f1os, y el pueblo dej\u00f3 de existir.&nbsp;<\/li>\n\n\n\n<li>La comunidad ind\u00edgena Cantiles de El Ciruelo, donde se construy\u00f3 la presa El Caj\u00f3n en 2006 en Nayarit y Jalisco:&nbsp; adem\u00e1s de los 4 municipios afectados, 7 asentamientos fueron inundados. La reubicaci\u00f3n y pago de las tierras estuvo plagado de irregularidades, y&nbsp; las autoridades responsables nunca realizaron las obras prometidas&nbsp; como parte de la indemnizaci\u00f3n por la afectaci\u00f3n de sus tierras.<\/li>\n\n\n\n<li>Comunidades chinantecas donde hace m\u00e1s de 50 a\u00f1os se construy\u00f3 en el r\u00edo Papaloapan en Oaxaca la presa Cerro de Oro, en donde 26,000 campesinas y campesinos de 37 ejidos fueron afectados, y 36,000 hect\u00e1reas de tierra f\u00e9rtil fue inundada. Las comunidades ribere\u00f1as ind\u00edgenas&nbsp; fueron desplazadas de manera forzada sin indemnizaci\u00f3n alguna.<\/li>\n\n\n\n<li>Las comunidades de la Yesca en Nayarit, as\u00ed como Hostotipaquillo, Magdalena y Tequila en Jalisco: afectadas por la presa La Yesca, la cu\u00e1l comenz\u00f3 a construirse en 2007. 10,000 habitantes perdieron sus medios de subsistencia. Las autoridades encargadas nunca pagaron el monto por la utilizaci\u00f3n de los terrenos, no se indemniz\u00f3 ni se cumpli\u00f3 con las obras prometidas.<\/li>\n\n\n\n<li>Proyecto hidrol\u00f3gico Veracruz ubicado en la regi\u00f3n Zongolica: esta obra impact\u00f3 a 20 comunidades ind\u00edgenas, quienes vendieron los terrenos fueron enga\u00f1adas y presionadas para que vendieran. Ellas tambi\u00e9n por oponerse vivieron una una campa\u00f1a de deslegitimaci\u00f3n, intimidaci\u00f3n y criminalizaci\u00f3n.<\/li>\n<\/ul>\n\n\n\n<!--more-->\n\n\n\n<p>Estos son tan solo una peque\u00f1a muestra de lo que ha pasado a lo largo y ancho del pa\u00eds.&nbsp; Todo parece indicar que la forma en la que operan los pol\u00edticos en turno es un modelo que les ha funcionado. Las mentiras, la forma de entrar en las comunidades coaccionando, amenazando, hostigando a los pobladores, rompiendo el tejido social, reprimiendo y criminalizando la protesta social, todo con el prop\u00f3sito de finalmente destruir los territorios y despojar a comunidades enteras de sus bienes lo cual deja poblaciones m\u00e1s empobrecidas, con falta de alimentaci\u00f3n o espacios y agua con qu\u00e9 cultivar, desplazadas a vivir en peores condiciones en los cinturones de pobreza de las grandes ciudades.<\/p>\n\n\n\n<p>Es importante se\u00f1alar que en Europa desde hace d\u00e9cadas ya no se construyen presas y, en muchos pa\u00edses, incluso se han comenzado a desmantelar, pues se ha demostrado que este modelo de gesti\u00f3n del agua es obsoleto, costoso e insostenible. Las experiencias internacionales muestran que las presas no son la soluci\u00f3n al acceso al agua ni a la seguridad h\u00eddrica, sino que generan graves impactos sociales, econ\u00f3micos y ambientales, as\u00ed como se han develado los intereses econ\u00f3micos y pol\u00edticos de acaparamiento y privatizaci\u00f3n del agua de sus promoventes.&nbsp;<\/p>\n\n\n\n<p>Esta marcha pac\u00edfica que estamos haciendo el d\u00eda de hoy es con el fin de denunciar que nuestros pueblos est\u00e1n igualmente siendo acosados y hostigados. Queremos que este mensaje le llegue a la presidenta Sheimbaum y le pedimos que cumpla con su palabra de que <em>\u201csi las comunidades no est\u00e1n&nbsp; de acuerdo con la presa, el proyecto no se hace\u201d<\/em>.&nbsp;<\/p>\n\n\n\n<p>Tambi\u00e9n queremos decirles que no estamos dispuestos a ceder nuestro territorio ni el agua. Que ratificamos nuestro rotundo rechazo al proyecto de la presa Milpillas, San Andr\u00e9s o cualquier otro nombre que le quieran poner.<\/p>\n\n\n\n<p>Estamos tambi\u00e9n frente a la presidencia municipal de Jim\u00e9nez del Te\u00fal denunciando que el presidente municipal, Daniel Cisneros Esparza, se ha convertido en agente promotor de este proyecto, que desde hace meses no hace otra cosa en el municipio que visitar comunidades tratando de convencernos de que pidamos obras a cambio de la destrucci\u00f3n de nuestro territorio. Obras que son obligaci\u00f3n de los tres niveles de gobierno, porque no nos hacen ning\u00fan favor, por eso pagamos nuestros impuestos y tal parece que somos ciudadanos de tercera y no los merecemos. Jim\u00e9nez del Te\u00fal, dicen, es el municipio m\u00e1s pobre del Estado de Zacatecas. No somos pobres, nos han empobrecido todos los pol\u00edticos que han pasado por estas tierras.&nbsp;&nbsp;<\/p>\n\n\n\n<p>Tambi\u00e9n denunciamos con preocupaci\u00f3n el cambio de la titular de la Procuradur\u00eda Agraria en el estado sin que se haya dado a conocer p\u00fablicamente, y que el nuevo Delegado de esta instituci\u00f3n, Francisco P\u00e9rez Compe\u00e1n, alfil del gobierno estatal en turno al d\u00eda siguiente de su recolocaci\u00f3n en la Procuradur\u00eda Agraria, anduvo en nuestras comunidades presionando para que aceptemos la presa. Nos pronunciamos en contra de este nombramiento y pedimos a las autoridades federales, a la Presidenta Claudia Sheimbaum y al Procurador V\u00edctor Su\u00e1rez, que reconsideren este nombramiento y que no cedan ante las presiones, ya que este personaje ha hecho mucho da\u00f1o a nuestras comunidades agrarias.&nbsp;<\/p>\n\n\n\n<p>Por otra parte,a los oportunistas del Frente Popular de Lucha por Zacatecas, a la Coordinadora Nacional Plan de Ayala Movimiento Nacional (CEMPA Zacatecas)&nbsp; y a su operador pol\u00edtico, el senador Jos\u00e9 Narro C\u00e9spedes, quienes recientemente han declarado y pretendido mostrar supuestos \u201cavances\u201d en la presa mediante di\u00e1logos con ejidatarios. Es falso que las comunidades estemos negociando: lo que hacen es mentir para legitimar un proyecto rechazado. A estos actores ya los hemos expulsado de nuestros territorios y les reiteramos que no tienen cabida en nuestras decisiones colectivas.<\/p>\n\n\n\n<p>Finalmente queremos decir que esta marcha es pac\u00edfica y ciudadana sin tintes partidistas, es por el derecho que tenemos de defender la vida, el territorio y el patrimonio de nuestras futuras generaciones. Nos deslindamos de pol\u00edticos oportunistas que intentan montarse en nuestro movimiento para tratar de usarnos como trampol\u00edn para sus pr\u00f3ximas&nbsp; campa\u00f1as en busca de alg\u00fan puesto dentro del ayuntamiento, congreso local o federal, gobierno del Estado u otros.<\/p>\n\n\n\n<p>Gritamos claro para que nos escuchen NO A LA PRESA MILPILLAS en territorio de Jim\u00e9nez del Te\u00fal y Sombrerete. Ya basta de abusos, hostigamientos y amenazas.<\/p>\n\n\n\n<p>Agradecemos a las m\u00e1s de cuarenta organizaciones que firmaron el <a href=\"https:\/\/es.witness.org\/2025\/09\/pronunciamiento-de-witness-lac-exigiendo-proteccion-para-las-personas-defensoras-del-rio-atenco-zacatecas\/?fbclid=IwY2xjawMxTHtleHRuA2FlbQIxMQABHsah-oMoDKG-e8-iPu55mcDnV1eACjEb8eML1fzzzLnlirckLlX57rylhee5_aem_5ujXiyvxlOtJ1Ymxy03rgg\">Pronunciamiento exigiendo protecci\u00f3n<\/a> para quienes nos manifestamos pac\u00edficamente el d\u00eda de hoy. Ante un contexto de riesgo, la solidaridad y la uni\u00f3n nacional e internacional se convierten en nuestra mayor fortaleza para defender la vida, los r\u00edos y la autodeterminaci\u00f3n de los pueblos.<\/p>\n\n\n\n<p><strong>MOVIMIENTO EN DEFENSA DEL TERRITORIO Y EL R\u00cdO ATENCO<\/strong><\/p>\n\n\n\n<p><strong>OBSERVATORIO DE CONFLICTOS MINEROS DE ZACATECAS<\/strong><\/p>\n\n\n\n<p><strong>RED MEXICANA DE AFECTADOS\/AS POR LA MINER\u00cdA<\/strong><\/p>\n\n\n\n<figure class=\"wp-block-image size-full\"><img loading=\"lazy\" decoding=\"async\" width=\"1024\" height=\"576\" src=\"https:\/\/radiozapatista.org\/wp-content\/uploads\/2025\/09\/Foto2_marcha-1-1024x576-1.jpeg\" alt=\"\" class=\"wp-image-52174\" srcset=\"https:\/\/radiozapatista.org\/wp-content\/uploads\/2025\/09\/Foto2_marcha-1-1024x576-1.jpeg 1024w, https:\/\/radiozapatista.org\/wp-content\/uploads\/2025\/09\/Foto2_marcha-1-1024x576-1-350x197.jpeg 350w, https:\/\/radiozapatista.org\/wp-content\/uploads\/2025\/09\/Foto2_marcha-1-1024x576-1-768x432.jpeg 768w\" sizes=\"auto, (max-width: 1024px) 100vw, 1024px\" \/><\/figure>\n\n\n\n<figure class=\"wp-block-image size-full\"><img loading=\"lazy\" decoding=\"async\" width=\"998\" height=\"561\" src=\"https:\/\/radiozapatista.org\/wp-content\/uploads\/2025\/09\/Foto3_marcha_11zon.jpeg\" alt=\"\" class=\"wp-image-52175\" srcset=\"https:\/\/radiozapatista.org\/wp-content\/uploads\/2025\/09\/Foto3_marcha_11zon.jpeg 998w, https:\/\/radiozapatista.org\/wp-content\/uploads\/2025\/09\/Foto3_marcha_11zon-350x197.jpeg 350w, https:\/\/radiozapatista.org\/wp-content\/uploads\/2025\/09\/Foto3_marcha_11zon-768x432.jpeg 768w\" sizes=\"auto, (max-width: 998px) 100vw, 998px\" \/><\/figure>\n\n\n\n<figure class=\"wp-block-image size-full is-resized\"><img loading=\"lazy\" decoding=\"async\" width=\"770\" height=\"1024\" src=\"https:\/\/radiozapatista.org\/wp-content\/uploads\/2025\/09\/Foto4_11zon-770x1024-1.jpeg\" alt=\"\" class=\"wp-image-52176\" style=\"width:840px;height:auto\" srcset=\"https:\/\/radiozapatista.org\/wp-content\/uploads\/2025\/09\/Foto4_11zon-770x1024-1.jpeg 770w, https:\/\/radiozapatista.org\/wp-content\/uploads\/2025\/09\/Foto4_11zon-770x1024-1-226x300.jpeg 226w, https:\/\/radiozapatista.org\/wp-content\/uploads\/2025\/09\/Foto4_11zon-770x1024-1-768x1021.jpeg 768w\" sizes=\"auto, (max-width: 770px) 100vw, 770px\" \/><\/figure>\n\n\n\n<p><\/p>\n","protected":false},"excerpt":{"rendered":"<p>El d\u00eda de hoy, 12 de Septiembre de 2025, el Movimiento en Defensa del Territorio y el R\u00edo Atenco, el Observatorio de Conflictos Mineros en Zacatecas y la REMA hemos salido a las calles de Jim\u00e9nez del Te\u00fal, Zacatecas, a manifestarnos de manera pac\u00edfica con el firme objetivo de ratificar nuestro total rechazo al proyecto [&hellip;]<\/p>\n","protected":false},"author":21,"featured_media":52177,"comment_status":"open","ping_status":"closed","sticky":false,"template":"","format":"standard","meta":{"footnotes":""},"categories":[957,51,826,958,954,935],"tags":[58,53,567,147,545,87,148,483,1538],"class_list":["post-52173","post","type-post","status-publish","format-standard","has-post-thumbnail","hentry","category-autonomia","category-autor","category-medios-libres-2","category-megaproyectos","category-mexico","category-temas","tag-derechos-humanos","tag-justicia","tag-megaproyectos","tag-militarizacion","tag-pueblos-indigenas","tag-represion","tag-resistencia","tag-tierra-y-territorio","tag-zacatecas"],"_links":{"self":[{"href":"https:\/\/radiozapatista.org\/index.php?rest_route=\/wp\/v2\/posts\/52173","targetHints":{"allow":["GET"]}}],"collection":[{"href":"https:\/\/radiozapatista.org\/index.php?rest_route=\/wp\/v2\/posts"}],"about":[{"href":"https:\/\/radiozapatista.org\/index.php?rest_route=\/wp\/v2\/types\/post"}],"author":[{"embeddable":true,"href":"https:\/\/radiozapatista.org\/index.php?rest_route=\/wp\/v2\/users\/21"}],"replies":[{"embeddable":true,"href":"https:\/\/radiozapatista.org\/index.php?rest_route=%2Fwp%2Fv2%2Fcomments&post=52173"}],"version-history":[{"count":2,"href":"https:\/\/radiozapatista.org\/index.php?rest_route=\/wp\/v2\/posts\/52173\/revisions"}],"predecessor-version":[{"id":52225,"href":"https:\/\/radiozapatista.org\/index.php?rest_route=\/wp\/v2\/posts\/52173\/revisions\/52225"}],"wp:featuredmedia":[{"embeddable":true,"href":"https:\/\/radiozapatista.org\/index.php?rest_route=\/wp\/v2\/media\/52177"}],"wp:attachment":[{"href":"https:\/\/radiozapatista.org\/index.php?rest_route=%2Fwp%2Fv2%2Fmedia&parent=52173"}],"wp:term":[{"taxonomy":"category","embeddable":true,"href":"https:\/\/radiozapatista.org\/index.php?rest_route=%2Fwp%2Fv2%2Fcategories&post=52173"},{"taxonomy":"post_tag","embeddable":true,"href":"https:\/\/radiozapatista.org\/index.php?rest_route=%2Fwp%2Fv2%2Ftags&post=52173"}],"curies":[{"name":"wp","href":"https:\/\/api.w.org\/{rel}","templated":true}]}}