{"id":52170,"date":"2025-09-11T21:55:21","date_gmt":"2025-09-12T03:55:21","guid":{"rendered":"https:\/\/radiozapatista.org\/?p=52170"},"modified":"2025-09-17T09:57:35","modified_gmt":"2025-09-17T15:57:35","slug":"no-a-la-presa-milpillas-en-zacatecas-convocan-a-manifestacion-pacifica-en-defensa-del-rio","status":"publish","type":"post","link":"https:\/\/radiozapatista.org\/?p=52170","title":{"rendered":"\u00a1No a la presa Milpillas!: En Zacatecas convocan a manifestaci\u00f3n pac\u00edfica en defensa del r\u00edo"},"content":{"rendered":"\n<p>Fuente: <a href=\"https:\/\/avispa.org\/no-a-la-presa-milpillas-en-zacatecas-convocan-a-manifestacion-pacifica-en-defensa-del-rio\/\">Avispa Midia<\/a><br>Por Roc\u00edo Heredia<br><em><sub>En portada: Habitantes opositores a la presa Milpillas. Foto: GRIETA<\/sub><\/em><\/p>\n\n\n\n<p>Desde la Red de Afectados por la Miner\u00eda (REMA) convocan a una manifestaci\u00f3n pac\u00edfica a realizarse ma\u00f1ana, 12 de septiembre, en el municipio Jim\u00e9nez del Te\u00fal, Zacatecas, contra la imposici\u00f3n de la presa Milpillas y a favor de la defensa del r\u00edo Atenco. Mediante convocatoria, integrantes de la Red detallaron que este llamado se encuentra especialmente dirigido \u201ca organizaciones sociales, colectivos, comunidades aliadas, acad\u00e9micos, artistas, periodistas y medios de comunicaci\u00f3n\u201d, esperando que respalden la acci\u00f3n.&nbsp;<\/p>\n\n\n\n<p>Te puede interesar &#8211;&nbsp;<a href=\"https:\/\/avispa.org\/autoridades-de-zacatecas-buscan-imponer-presa-milpillas-pese-a-rechazo-de-comunidades\/\" target=\"_blank\" rel=\"noreferrer noopener\">Autoridades de Zacatecas buscan imponer presa Milpillas pese a rechazo de comunidades<\/a><\/p>\n\n\n\n<p>En abril de este a\u00f1o, David Monreal, -Gobernador actual de Zacatecas-, junto a la presidenta de M\u00e9xico, Claudia Sheinbaum y con el respaldo de la Comisi\u00f3n Nacional del Agua (CONAGUA), anunciaron oficialmente la reactivaci\u00f3n del proyecto Presa Milpillas, pausado durante todo el sexenio anterior.<\/p>\n\n\n\n<p>El motivo de retomar este proyecto responde a que fue integrado en el Plan M\u00e9xico -la estrategia econ\u00f3mica nacional impulsada por la mandataria morenista-, donde forma parte de los 17 proyectos estrat\u00e9gicos que buscan \u201casegurar\u201d el abastecimiento del agua en el pa\u00eds.&nbsp;<\/p>\n\n\n\n<p>En marzo del 2017, el entonces gobernador pri\u00edsta en Zacatecas, Alejandro Tello Cristerna, anunci\u00f3 el inicio del proyecto que desde entonces ha tenido el objetivo de abastecer de agua a la regi\u00f3n central de la ciudad. Oficialmente el plan se trata de llevar agua del r\u00edo Milpillas (o Atenco, conocido as\u00ed por los habitantes) durante los pr\u00f3ximos 50 a\u00f1os, al corredor Fresnillo-Zacatecas para proveer a 514 mil habitantes.<\/p>\n\n\n\n<figure class=\"wp-block-image\"><a class=\"td-modal-image\" href=\"https:\/\/avispa.org\/wp-content\/uploads\/2025\/09\/Milpillas-1.jpg\"><img decoding=\"async\" src=\"https:\/\/avispa.org\/wp-content\/uploads\/2025\/09\/Milpillas-1.jpg\" alt=\"\" class=\"wp-image-120742\"\/><\/a><figcaption class=\"wp-element-caption\"><em><sup>Foto: NTR Zacatecas&nbsp;<\/sup><\/em><\/figcaption><\/figure>\n\n\n\n<p>Pobladores de las comunidades ubicadas en los municipios Jim\u00e9nez del Te\u00fal, Sombrerete, Fresnillo y Zacatecas capital, se oponen al discurso oficial pues -como han expresado a trav\u00e9s de sus&nbsp;<a href=\"https:\/\/www.remamx.org\/2025\/08\/comunicado-una-invitacion-al-dialogo-no-condicionado-a-la-aceptacion-de-la-presa-milpillas\/\">comunicados<\/a>-, tan s\u00f3lo la construcci\u00f3n de la presa destruir\u00e1 los ecosistemas que hay en la cuenca. Con apoyo de ambientalistas, han evaluado que la presa desaparecer\u00eda el 92% de las aguas de manantial que alimentan al R\u00edo Atenco, centro de existencia de las comunidades y ejidos. En total habr\u00eda 19 comunidades afectadas.&nbsp;<\/p>\n\n\n\n<!--more-->\n\n\n\n<p>Adem\u00e1s, se\u00f1alan que las autoridades s\u00f3lo est\u00e1n escuchando y validando la opini\u00f3n de quienes habitan el centro urbano y la zona industrial, descartando las razones del sector agr\u00edcola, lo anterior por cuestiones de inter\u00e9s econ\u00f3mico por parte de la clase pol\u00edtica.<\/p>\n\n\n\n<p>El gobernador Monreal, ha&nbsp;<a href=\"https:\/\/www.zacatecas.gob.mx\/es-presa-milpillas-muestra-del-respaldo-de-la-presidenta-claudia-sheinbaum-a-zacatecas-gobernador-david-monreal-avila\/\">explicado<\/a>&nbsp;que se trata de un proyecto de desarrollo que incentivar\u00e1 el crecimiento econ\u00f3mico, tur\u00edstico y agr\u00edcola en la regi\u00f3n, un acuerdo sostenido a trav\u00e9s del di\u00e1logo con las comunidades, sin embargo, los habitantes de los municipios afectados niegan que sus opiniones se hayan tomado en cuenta.<\/p>\n\n\n\n<figure class=\"wp-block-image\"><a class=\"td-modal-image\" href=\"https:\/\/avispa.org\/wp-content\/uploads\/2025\/09\/Milpillas-2.jpeg\"><img decoding=\"async\" src=\"https:\/\/avispa.org\/wp-content\/uploads\/2025\/09\/Milpillas-2.jpeg\" alt=\"\" class=\"wp-image-120743\"\/><\/a><figcaption class=\"wp-element-caption\"><em><sup>Foto: Meganoticias<\/sup><\/em><\/figcaption><\/figure>\n\n\n\n<p>En marzo de este a\u00f1o, Efra\u00edn Morales L\u00f3pez, director de la Comisi\u00f3n Nacional del Agua (Conagua), inform\u00f3 a trav\u00e9s de una conferencia matutina de gobierno (ma\u00f1anera) que la obra en cuesti\u00f3n \u201crepresenta una inversi\u00f3n de alrededor de 8 mil 900 millones de pesos, aunque para este a\u00f1o se otorgar\u00e1n 350 millones como inversi\u00f3n inicial\u201d.<\/p>\n\n\n\n<p>El 10 de septiembre, el Frente Social por la Soberan\u00eda Popular de Zacatecas (FSSPZ), revel\u00f3 en&nbsp;<a href=\"https:\/\/www.facebook.com\/share\/v\/14FwMsPiUgT\/\">conferencia de prensa<\/a>&nbsp;que el financiamiento de la presa proviene del gobierno estatal, federal y del sector privado donde ubican a Grupo Modelo, empresa cervecera que cuenta con una planta colindante con el municipio de Calera, instalada desde 1997 y adquirida en 2013 por la compa\u00f1\u00eda belga Anheuser-Busch InBev.&nbsp;<\/p>\n\n\n\n<p>As\u00ed mismo, el Frente se\u00f1al\u00f3 con preocupaci\u00f3n que el 51% de la inversi\u00f3n vendr\u00e1 de una asociaci\u00f3n p\u00fablico-privada. Esta tendr\u00e1 una concesi\u00f3n de 25 a\u00f1os para recuperar el gasto y generar ganancias, una situaci\u00f3n que elevar\u00e1 el costo de agua para quienes habitan el corredor Fresnillo-Zacatecas-Guadalupe, y en contraparte generar\u00e1 ganancias extraordinarias para la empresa que obtenga la concesi\u00f3n.&nbsp;<\/p>\n\n\n\n<p>En declaraciones oficiales de gobierno, la situaci\u00f3n actual del proyecto se encuentra en la etapa de \u201cpre-inversi\u00f3n\u201d y en sub-etapa de \u201cpreparaci\u00f3n\u201d, mientras que el inicio operativo est\u00e1 previsto para el a\u00f1o 2028. Por ello, los habitantes que se ver\u00e1n afectados ante la construcci\u00f3n de este proyecto han comenzado a movilizarse.<\/p>\n","protected":false},"excerpt":{"rendered":"<p>Fuente: Avispa MidiaPor Roc\u00edo HerediaEn portada: Habitantes opositores a la presa Milpillas. Foto: GRIETA Desde la Red de Afectados por la Miner\u00eda (REMA) convocan a una manifestaci\u00f3n pac\u00edfica a realizarse ma\u00f1ana, 12 de septiembre, en el municipio Jim\u00e9nez del Te\u00fal, Zacatecas, contra la imposici\u00f3n de la presa Milpillas y a favor de la defensa del [&hellip;]<\/p>\n","protected":false},"author":21,"featured_media":52171,"comment_status":"open","ping_status":"closed","sticky":false,"template":"","format":"standard","meta":{"footnotes":""},"categories":[957,51,826,958,954,935],"tags":[53,567,147,545,87,148,27,483],"class_list":["post-52170","post","type-post","status-publish","format-standard","has-post-thumbnail","hentry","category-autonomia","category-autor","category-medios-libres-2","category-megaproyectos","category-mexico","category-temas","tag-justicia","tag-megaproyectos","tag-militarizacion","tag-pueblos-indigenas","tag-represion","tag-resistencia","tag-solidaridad","tag-tierra-y-territorio"],"_links":{"self":[{"href":"https:\/\/radiozapatista.org\/index.php?rest_route=\/wp\/v2\/posts\/52170","targetHints":{"allow":["GET"]}}],"collection":[{"href":"https:\/\/radiozapatista.org\/index.php?rest_route=\/wp\/v2\/posts"}],"about":[{"href":"https:\/\/radiozapatista.org\/index.php?rest_route=\/wp\/v2\/types\/post"}],"author":[{"embeddable":true,"href":"https:\/\/radiozapatista.org\/index.php?rest_route=\/wp\/v2\/users\/21"}],"replies":[{"embeddable":true,"href":"https:\/\/radiozapatista.org\/index.php?rest_route=%2Fwp%2Fv2%2Fcomments&post=52170"}],"version-history":[{"count":2,"href":"https:\/\/radiozapatista.org\/index.php?rest_route=\/wp\/v2\/posts\/52170\/revisions"}],"predecessor-version":[{"id":52226,"href":"https:\/\/radiozapatista.org\/index.php?rest_route=\/wp\/v2\/posts\/52170\/revisions\/52226"}],"wp:featuredmedia":[{"embeddable":true,"href":"https:\/\/radiozapatista.org\/index.php?rest_route=\/wp\/v2\/media\/52171"}],"wp:attachment":[{"href":"https:\/\/radiozapatista.org\/index.php?rest_route=%2Fwp%2Fv2%2Fmedia&parent=52170"}],"wp:term":[{"taxonomy":"category","embeddable":true,"href":"https:\/\/radiozapatista.org\/index.php?rest_route=%2Fwp%2Fv2%2Fcategories&post=52170"},{"taxonomy":"post_tag","embeddable":true,"href":"https:\/\/radiozapatista.org\/index.php?rest_route=%2Fwp%2Fv2%2Ftags&post=52170"}],"curies":[{"name":"wp","href":"https:\/\/api.w.org\/{rel}","templated":true}]}}