{"id":52164,"date":"2025-09-03T17:15:00","date_gmt":"2025-09-03T23:15:00","guid":{"rendered":"https:\/\/radiozapatista.org\/?p=52164"},"modified":"2025-09-10T12:19:12","modified_gmt":"2025-09-10T18:19:12","slug":"onu-ordena-al-gobierno-de-mexico-la-liberacion-inmediata-de-los-cinco-defensores-tseltales-de-san-juan-cancuc","status":"publish","type":"post","link":"https:\/\/radiozapatista.org\/?p=52164","title":{"rendered":"ONU ordena al gobierno de M\u00e9xico la liberaci\u00f3n inmediata de los cinco defensores tseltales de San Juan Cancuc"},"content":{"rendered":"\n<p>Tuxtla Guti\u00e9rrez, Chiapas<\/p>\n\n\n\n<p>3 de septiembre de 2025<\/p>\n\n\n\n<p><strong>Bolet\u00edn No. 07<\/strong><\/p>\n\n\n\n<p><strong>ONU ordena al gobierno de M\u00e9xico la liberaci\u00f3n inmediata de los cinco defensores tseltales de San Juan Cancuc<\/strong><\/p>\n\n\n\n<ul class=\"wp-block-list\">\n<li><strong>El caso de los cinco presos de San Juan\u00a0Cancuc se inscribe en un patr\u00f3n sistem\u00e1tico de criminalizaci\u00f3n contra personas defensoras ind\u00edgenas de derechos humanos, la tierra y el territorio en Chiapas.\u00a0<\/strong><\/li>\n<\/ul>\n\n\n\n<p>En la Opini\u00f3n 21\/2025, publicada el 17 de mayo de 2025, el Grupo de Trabajo sobre Detenciones Arbitrarias de la Organizaci\u00f3n de las Naciones Unidas (ONU) se pronunci\u00f3 sobre el caso de los cinco defensores comunitarios tseltales de San Juan Cancuc privados arbitrariamente de la libertad desde junio de 2022, recluidos en el Centro Estatal de Reinserci\u00f3n Social para Sentenciados (CERSS) No. 5, en San Crist\u00f3bal de Las Casas, acusados injustamente del homicidio de un polic\u00eda municipal.&nbsp;<\/p>\n\n\n\n<p>El Grupo de Trabajo se\u00f1ala que el Estado mexicano no tuvo respuestas a diversos alegatos, tampoco est\u00e1 convencido de que las autoridades hayan cumplido con los procedimientos legales para llevar a cabo las detenciones en contra de los cinco. Asimismo, refiri\u00f3 que tras su visita a M\u00e9xico en septiembre de 2023, reiter\u00f3 que la prisi\u00f3n preventiva oficiosa vulnera el derecho a la libertad, as\u00ed como a la presunci\u00f3n de inocencia y la igualdad ante la ley.<\/p>\n\n\n\n<p>Resalt\u00f3 que hubo irregularidades en la detenci\u00f3n, ya que no se cumplieron los procedimientos legales; violaciones al derecho a la libertad y al debido proceso; juicio injusto y discriminaci\u00f3n por su condici\u00f3n ind\u00edgena, y por ser defensores de derechos humanos y del territorio. En este sentido, el Grupo de Trabajo pide al Estado mexicano la liberaci\u00f3n inmediata de los cinco presos maya tseltales de San Juan Cancuc, y una reparaci\u00f3n integral.&nbsp;<\/p>\n\n\n\n<p>Adem\u00e1s, insta al Gobierno a llevar a cabo una investigaci\u00f3n exhaustiva e independiente de las circunstancias en torno a la privaci\u00f3n arbitraria de libertad de los cinco defensores, y adopte las medidas pertinentes contra los responsables de la violaci\u00f3n de sus derechos. Es de responsabilidad del Estado mexicano cumplir sin dilaciones los puntos ordenados por la opini\u00f3n.<\/p>\n\n\n\n<p>El Grupo de Trabajo reconoce que el caso de los cinco presos de San Juan Cancuc se inscribe en un patr\u00f3n sistem\u00e1tico de criminalizaci\u00f3n contra defensores ind\u00edgenas de derechos humanos, la tierra y el territorio en Chiapas. Desde 2020 se han documentado al menos siete casos con acusaciones infundadas, detenciones arbitrarias, tortura y condenas basadas en pruebas fabricadas, reforzadas por la figura de prisi\u00f3n preventiva oficiosa.<\/p>\n\n\n\n<p>Recordamos que el Centro de Derechos Humanos Fray Bartolom\u00e9 de Las Casas (Frayba), a partir de la documentaci\u00f3n y el acompa\u00f1amiento jur\u00eddico realizado, se\u00f1al\u00f3 diversas violaciones en perjuicio de los defensores comunitarios como: detenci\u00f3n arbitraria, desaparici\u00f3n forzada e incomunicaci\u00f3n, criminalizaci\u00f3n por su identidad ind\u00edgena y por la defensa del territorio, fabricaci\u00f3n de delitos, violaciones al debido proceso, traducci\u00f3n deficiente e ineficaz, falta de imparcialidad de la jueza, peritajes contradictorios y practicados por personas sin c\u00e9dula profesional, as\u00ed como actos de maltrato procesal. Fue por la gravedad de estas irregularidades que el Frayba decidi\u00f3 remitir el caso al Grupo de Trabajo sobre la Detenci\u00f3n Arbitraria de la ONU.<\/p>\n\n\n\n<p>Se resalt\u00f3 el contexto del municipio de San Juan Cancuc, donde la oposici\u00f3n comunitaria a la imposici\u00f3n de megaproyectos como presas hidroel\u00e9ctricas, la \u201csupercarretera\u201d San Crist\u00f3bal &#8211; Palenque y la militarizaci\u00f3n del territorio ha generado una respuesta represiva del Estado, utilizando la criminalizaci\u00f3n para atemorizar, inhibir y desmovilizar a las comunidades ind\u00edgenas. Esta pr\u00e1ctica constituye una forma de castigo ejemplar contra quienes ejercen la defensa de derechos, expresando adem\u00e1s un racismo estructural que afecta principalmente a personas tseltales en Chiapas.<\/p>\n\n\n\n<p>Actualmente se encuentra pendiente de estudio un nuevo juicio de amparo por este caso. Es por ello que hacemos un en\u00e9rgico llamado al Poder Judicial de la Federaci\u00f3n, para que efect\u00fae un estudio profundo del caso, tomando en consideraci\u00f3n la Opini\u00f3n del Grupo de Trabajo, a efecto de que se emita una sentencia que repare plenamente sus derechos, con \u00e9nfasis en la recuperaci\u00f3n de la libertad.<\/p>\n\n\n\n<p>Hacemos un llamado a la Secretaria de Gobernaci\u00f3n federal, a la instauraci\u00f3n de un di\u00e1logo para su cumplimiento, recordando que el Grupo de Trabajo fij\u00f3 un plazo de seis meses para que el Estado informe si les ha puesto en libertad y reparado integralmente. Instamos a las organizaciones nacionales e internacionales, as\u00ed como a la sociedad mexicana a velar por el cumplimiento de dicha opini\u00f3n.<\/p>\n\n\n\n<p>\u00a1LIBERTAD PARA LOS 5 DE CANCUC!<\/p>\n\n\n\n<p>\u00a1ALTO A LA FABRICACI\u00d3N DE CULPABLES EN CHIAPAS!<\/p>\n\n\n\n<p><a href=\"https:\/\/frayba.org.mx\/sites\/default\/files\/2025-09\/250903_boletin_07_San_Juan_Cancuc.pdf\">Descarga el Bolet\u00edn No. 07 en PDF<\/a>(130.28 KB)<\/p>\n","protected":false},"excerpt":{"rendered":"<p>Tuxtla Guti\u00e9rrez, Chiapas 3 de septiembre de 2025 Bolet\u00edn No. 07 ONU ordena al gobierno de M\u00e9xico la liberaci\u00f3n inmediata de los cinco defensores tseltales de San Juan Cancuc En la Opini\u00f3n 21\/2025, publicada el 17 de mayo de 2025, el Grupo de Trabajo sobre Detenciones Arbitrarias de la Organizaci\u00f3n de las Naciones Unidas (ONU) [&hellip;]<\/p>\n","protected":false},"author":21,"featured_media":52165,"comment_status":"open","ping_status":"closed","sticky":false,"template":"","format":"standard","meta":{"footnotes":""},"categories":[957,51,6,55,954,962],"tags":[58,53,567,147,545,87,148,27,483],"class_list":["post-52164","post","type-post","status-publish","format-standard","has-post-thumbnail","hentry","category-autonomia","category-autor","category-chiapas","category-frayba","category-mexico","category-presos","tag-derechos-humanos","tag-justicia","tag-megaproyectos","tag-militarizacion","tag-pueblos-indigenas","tag-represion","tag-resistencia","tag-solidaridad","tag-tierra-y-territorio"],"_links":{"self":[{"href":"https:\/\/radiozapatista.org\/index.php?rest_route=\/wp\/v2\/posts\/52164","targetHints":{"allow":["GET"]}}],"collection":[{"href":"https:\/\/radiozapatista.org\/index.php?rest_route=\/wp\/v2\/posts"}],"about":[{"href":"https:\/\/radiozapatista.org\/index.php?rest_route=\/wp\/v2\/types\/post"}],"author":[{"embeddable":true,"href":"https:\/\/radiozapatista.org\/index.php?rest_route=\/wp\/v2\/users\/21"}],"replies":[{"embeddable":true,"href":"https:\/\/radiozapatista.org\/index.php?rest_route=%2Fwp%2Fv2%2Fcomments&post=52164"}],"version-history":[{"count":1,"href":"https:\/\/radiozapatista.org\/index.php?rest_route=\/wp\/v2\/posts\/52164\/revisions"}],"predecessor-version":[{"id":52166,"href":"https:\/\/radiozapatista.org\/index.php?rest_route=\/wp\/v2\/posts\/52164\/revisions\/52166"}],"wp:featuredmedia":[{"embeddable":true,"href":"https:\/\/radiozapatista.org\/index.php?rest_route=\/wp\/v2\/media\/52165"}],"wp:attachment":[{"href":"https:\/\/radiozapatista.org\/index.php?rest_route=%2Fwp%2Fv2%2Fmedia&parent=52164"}],"wp:term":[{"taxonomy":"category","embeddable":true,"href":"https:\/\/radiozapatista.org\/index.php?rest_route=%2Fwp%2Fv2%2Fcategories&post=52164"},{"taxonomy":"post_tag","embeddable":true,"href":"https:\/\/radiozapatista.org\/index.php?rest_route=%2Fwp%2Fv2%2Ftags&post=52164"}],"curies":[{"name":"wp","href":"https:\/\/api.w.org\/{rel}","templated":true}]}}