{"id":52161,"date":"2025-09-09T13:54:10","date_gmt":"2025-09-09T19:54:10","guid":{"rendered":"https:\/\/radiozapatista.org\/?p=52161"},"modified":"2025-09-09T13:54:11","modified_gmt":"2025-09-09T19:54:11","slug":"mision-civil-de-observacion-denuncia-retiro-de-mecanismo-de-proteccion-a-companero-promotor-del-cipog-ez","status":"publish","type":"post","link":"https:\/\/radiozapatista.org\/?p=52161","title":{"rendered":"Misi\u00f3n civil de observaci\u00f3n denuncia retiro de mecanismo de protecci\u00f3n a compa\u00f1ero promotor del CIPOG-EZ"},"content":{"rendered":"\n<p>\u00a1URGE DIFUSI\u00d3N!<\/p>\n\n\n\n<p>Compa\u00f1eros y compa\u00f1eras:<\/p>\n\n\n\n<p>Denunciamos que aproximadamente a las 8 de la noche, del d\u00eda de hoy 8 de septiembre de 2025, a nuestro compa\u00f1ero Promotor del CONCEJO IND\u00cdGENA Y POPULAR DE GUERRERO EMILIANO ZAPATA (CIPOG-EZ), as\u00ed como integrante DEL CONGRESO NACIONAL IND\u00cdGENA (CNI) se le retir\u00f3 el Mecanismo de Protecci\u00f3n a Defensores de Derechos Humanos y Periodistas en pleno traslado en un camino de Guerrero. Esto ocurri\u00f3 cuando sufri\u00f3 una descompostura en el autom\u00f3vil que manejaba, en ese momento las patrullas de la Polic\u00eda Estatal que le brindaban el acompa\u00f1amiento como parte de las medidas cautelares de nuestro compa\u00f1ero, lo dejaron solo y sin protecci\u00f3n, a pesar de que saben que su vida e integridad f\u00edsica est\u00e1n en grave riesgo, ya que enfrenta amenazas directas de grupos armados que operan en la zona.<\/p>\n\n\n\n<p>Exigimos que el Estado cumpla con el Mecanismo de Protecci\u00f3n para nuestro compa\u00f1ero y lo responsabilizamos de cualquier ataque, agresi\u00f3n o da\u00f1o contra su persona.<\/p>\n\n\n\n<p>A nuestros hermanos y hermanas les llamamos a estar atentos y a denunciar la negligencia del Estado que pone en riesgo la vida de nuestros compa\u00f1eros.<\/p>\n\n\n\n<p>ATENTAMENTE:<\/p>\n\n\n\n<p>MISI\u00d3N CIVIL DE OBSERVACI\u00d3N SEXTA<\/p>\n\n\n\n<p>#EstadodeGuerrero<br>#CNI<br>#CIPOGEZ<\/p>\n\n\n\n<p><\/p>\n","protected":false},"excerpt":{"rendered":"<p>\u00a1URGE DIFUSI\u00d3N! Compa\u00f1eros y compa\u00f1eras: Denunciamos que aproximadamente a las 8 de la noche, del d\u00eda de hoy 8 de septiembre de 2025, a nuestro compa\u00f1ero Promotor del CONCEJO IND\u00cdGENA Y POPULAR DE GUERRERO EMILIANO ZAPATA (CIPOG-EZ), as\u00ed como integrante DEL CONGRESO NACIONAL IND\u00cdGENA (CNI) se le retir\u00f3 el Mecanismo de Protecci\u00f3n a Defensores de [&hellip;]<\/p>\n","protected":false},"author":21,"featured_media":52162,"comment_status":"open","ping_status":"closed","sticky":false,"template":"","format":"standard","meta":{"footnotes":""},"categories":[957,51,826,958,954,935],"tags":[58,53,567,147,23,545,87,148,27,483],"class_list":["post-52161","post","type-post","status-publish","format-standard","has-post-thumbnail","hentry","category-autonomia","category-autor","category-medios-libres-2","category-megaproyectos","category-mexico","category-temas","tag-derechos-humanos","tag-justicia","tag-megaproyectos","tag-militarizacion","tag-paramilitares","tag-pueblos-indigenas","tag-represion","tag-resistencia","tag-solidaridad","tag-tierra-y-territorio"],"_links":{"self":[{"href":"https:\/\/radiozapatista.org\/index.php?rest_route=\/wp\/v2\/posts\/52161","targetHints":{"allow":["GET"]}}],"collection":[{"href":"https:\/\/radiozapatista.org\/index.php?rest_route=\/wp\/v2\/posts"}],"about":[{"href":"https:\/\/radiozapatista.org\/index.php?rest_route=\/wp\/v2\/types\/post"}],"author":[{"embeddable":true,"href":"https:\/\/radiozapatista.org\/index.php?rest_route=\/wp\/v2\/users\/21"}],"replies":[{"embeddable":true,"href":"https:\/\/radiozapatista.org\/index.php?rest_route=%2Fwp%2Fv2%2Fcomments&post=52161"}],"version-history":[{"count":1,"href":"https:\/\/radiozapatista.org\/index.php?rest_route=\/wp\/v2\/posts\/52161\/revisions"}],"predecessor-version":[{"id":52163,"href":"https:\/\/radiozapatista.org\/index.php?rest_route=\/wp\/v2\/posts\/52161\/revisions\/52163"}],"wp:featuredmedia":[{"embeddable":true,"href":"https:\/\/radiozapatista.org\/index.php?rest_route=\/wp\/v2\/media\/52162"}],"wp:attachment":[{"href":"https:\/\/radiozapatista.org\/index.php?rest_route=%2Fwp%2Fv2%2Fmedia&parent=52161"}],"wp:term":[{"taxonomy":"category","embeddable":true,"href":"https:\/\/radiozapatista.org\/index.php?rest_route=%2Fwp%2Fv2%2Fcategories&post=52161"},{"taxonomy":"post_tag","embeddable":true,"href":"https:\/\/radiozapatista.org\/index.php?rest_route=%2Fwp%2Fv2%2Ftags&post=52161"}],"curies":[{"name":"wp","href":"https:\/\/api.w.org\/{rel}","templated":true}]}}