{"id":52158,"date":"2025-09-09T13:44:56","date_gmt":"2025-09-09T19:44:56","guid":{"rendered":"https:\/\/radiozapatista.org\/?p=52158"},"modified":"2025-09-09T13:44:58","modified_gmt":"2025-09-09T19:44:58","slug":"observatorio-del-agua-advierte-opacidad-en-megaproyecto-hidrico-en-oaxaca","status":"publish","type":"post","link":"https:\/\/radiozapatista.org\/?p=52158","title":{"rendered":"Observatorio del agua advierte opacidad en megaproyecto h\u00eddrico en Oaxaca"},"content":{"rendered":"\n<p>Fuente: Avispa Midia<\/p>\n\n\n\n<p>Por Sare Frabes<\/p>\n\n\n\n<p><em><sup>Foto de portada: Roc\u00edo Flores\/Oaxaca Media<\/sup><\/em><\/p>\n\n\n\n<p><br>El Observatorio Ciudadano Comunitario del Agua y Medio Ambiente de los Valles Centrales de Oaxaca (OCCAMA) advirti\u00f3 sobre los graves riesgos sociales, ambientales y t\u00e9cnicos del proyecto&nbsp;<em>Presa Margarita Maza<\/em>, previamente conocido como&nbsp;<em>Paso Ancho<\/em>. Esta iniciativa contempla la construcci\u00f3n de una presa, un acueducto de m\u00e1s de 100 kil\u00f3metros y una planta potabilizadora con un presupuesto actualizado de&nbsp;7,840 millones de pesos, monto que&nbsp;<a href=\"https:\/\/avispa.org\/conagua-anuncia-arranque-de-la-presa-paso-ancho-en-oaxaca\/\">casi duplica lo anunciado por Efra\u00edn Morales L\u00f3pez<\/a>, director general de la Comisi\u00f3n Nacional del Agua (Conagua), durante marzo de este a\u00f1o.<br><br>De acuerdo con el OCCAMA, los diferentes montos del presupuesto y tiempos para el inicio de las obras, sumado a la falta de consulta y estudios correspondientes generan preocupaci\u00f3n sobre la planeaci\u00f3n y ejecuci\u00f3n del proyecto, cuyo antecedente de implementaci\u00f3n fracas\u00f3 en el a\u00f1o 2014.<\/p>\n\n\n\n<p>\u201cEl problema principal que tenemos ahora es un desfase en la informaci\u00f3n y en los tiempos. Estamos por saber el anteproyecto, pero ya hay, muy avanzado, los procesos financieros de aprobaci\u00f3n y los compromisos pol\u00edticos de que la presa se va a construir. Apenas vamos a tener esta informaci\u00f3n, hay una ruta hipot\u00e9tica de cu\u00e1les son las comunidades\u201d, asever\u00f3 Juan Jos\u00e9&nbsp;Consejo Due\u00f1as, integrante del Observatorio, sobre las poblaciones que ser\u00e1n afectadas por las obras.<\/p>\n\n\n\n<p>Fue en el marco del Plan Nacional H\u00eddrico, cuando el director de Conagua refiri\u00f3 que la construcci\u00f3n iniciar\u00eda en agosto de este a\u00f1o con una inversi\u00f3n inicial de 700 millones de pesos para concluir en el a\u00f1o 2027. Sin embargo, los integrantes del Observatorio se\u00f1alan que los documentos de licitaci\u00f3n publicados en la plataforma gubernamental Compras MX se\u00f1alan montos que casi duplican la cifra original lo que, sumado a las contradicciones en la informaci\u00f3n entre los gobiernos federal y estatal dan sustento a m\u00e1s dudas y suspicacias.<\/p>\n\n\n\n<h3 class=\"wp-block-heading\" id=\"h-opacidad-y-antecedentes-de-un-fracaso\"><strong>Opacidad y antecedentes de un fracaso<\/strong><\/h3>\n\n\n\n<p>Uno de los se\u00f1alamientos centrales del Observatorio es la falta de transparencia y&nbsp;opacidad&nbsp;con la que se ha manejado el proyecto. Adem\u00e1s reclamaron los compromisos p\u00fablicos, reiterados por la presidenta Claudia Sheinbaum, de garantizar procesos de consulta obligatorios en obras de este tipo, cuando hasta el momento no se ha difundido informaci\u00f3n clara ni se han realizado consultas previas con las comunidades directamente afectadas.&nbsp;<\/p>\n\n\n\n<p>Esto sobre todo en relaci\u00f3n a los impactos ambientales que consideran podr\u00edan afectar la Cordillera Norte, una zona clave para la recarga de los acu\u00edferos y el mantenimiento de la biodiversidad en la regi\u00f3n de los Valles Centrales. Aunado a ello, en el \u00e1mbito social resaltaron los impactos negativos de las comunidades ubicadas a lo largo del acueducto, la planta potabilizadora y las poblaciones r\u00edo abajo del proyecto.<\/p>\n\n\n\n<p>Adem\u00e1s, el Observatorio subraya que la&nbsp;Manifestaci\u00f3n de Impacto Ambiental en modalidad Regional (MIA-R)&nbsp;, documento indispensable para conocer los impactos en el ecosistema, a\u00fan no ha sido puesto a disposici\u00f3n del p\u00fablico. \u201cLos estudios de la MIA-R son un elemento clave que debe ser p\u00fablico para que no se pasen por alto la legislaci\u00f3n en materia ambiental en la que el gobierno federal ha hecho mucho hincapi\u00e9\u201d, sostuvieron mediante posicionamiento.<\/p>\n\n\n\n<figure class=\"wp-block-image\"><a class=\"td-modal-image\" href=\"https:\/\/avispa.org\/wp-content\/uploads\/2025\/09\/CONAGUA-y-el-gobierno-de-Oaxaca-reiniciaran-construccion-de-la-presa-Paso-Ancho-clausurada-en-2014-1-600x400-1.jpg\"><img decoding=\"async\" src=\"https:\/\/avispa.org\/wp-content\/uploads\/2025\/09\/CONAGUA-y-el-gobierno-de-Oaxaca-reiniciaran-construccion-de-la-presa-Paso-Ancho-clausurada-en-2014-1-600x400-1.jpg\" alt=\"\" class=\"wp-image-120686\"\/><\/a><\/figure>\n\n\n\n<p>El escepticismo de las comunidades no es en vano. En el a\u00f1o 2014, el proyecto Paso Ancho fue cancelado por la Procuradur\u00eda Federal de Protecci\u00f3n al Ambiente (Profepa) debido a fallas t\u00e9cnicas y omisiones graves.Para el OCCAMA, la actual presa Margarita Maza \u201cparece emular el desastroso proyecto de Paso Ancho y el Acueducto del Bicentenario\u201d, dos iniciativas que nunca se concretaron y que dejaron un historial de desconfianza entre la poblaci\u00f3n de Valles Centrales.<\/p>\n\n\n\n<p>En 2024, el gobernador de Oaxaca anunci\u00f3 la reactivaci\u00f3n de Paso Ancho, ahora rebautizado como Margarita Maza, y lo present\u00f3 ante la presidenta Sheinbaum sin compartir informaci\u00f3n a la sociedad. Ante ello, comunidades han solicitado reuniones que no se han concretado con los gobiernos federal y estatal para discutir el nuevo proyecto. \u201cDesde agosto del 2024, manifestamos nuestra preocupaci\u00f3n por la falta de informaci\u00f3n sobre el asunto, con el grave antecedente de las fallas y omisiones que hicieron de Paso Ancho una obra inviable t\u00e9cnica social y jur\u00eddicamente\u201d, denunciaron.&nbsp;<\/p>\n\n\n\n<p>En mayo de 2025, el director del Organismo Cuenca Pac\u00edfico Sur de Conagua inform\u00f3 que el proyecto pas\u00f3 a llamarse&nbsp;Presa Margarita Maza&nbsp;y se ubicar\u00eda en Rancho Viejo, Sola de Vega. Aunque se habl\u00f3 de dimensiones menores, reconoci\u00f3 que a\u00fan no exist\u00edan los estudios completos, pese a que la obra \u201cpodr\u00eda iniciar en agosto\u201d.<\/p>\n\n\n\n<p>Ese mismo mes, la Comisi\u00f3n Estatal del Agua para el Bienestar adjudic\u00f3 a&nbsp;FRO Ingenieros&nbsp;el contrato para los estudios de ingenier\u00eda b\u00e1sica y anteproyecto por m\u00e1s de 64 millones de pesos, tras descalificar a la \u00fanica empresa competidora. Para el OCCAMA, este proceso fue poco competitivo y la falta de acceso a los estudios presentados confirman la opacidad.&nbsp;<\/p>\n\n\n\n<figure class=\"wp-block-image\"><a class=\"td-modal-image\" href=\"https:\/\/avispa.org\/wp-content\/uploads\/2025\/09\/Pipas-Oaxaca.jpeg\"><img decoding=\"async\" src=\"https:\/\/avispa.org\/wp-content\/uploads\/2025\/09\/Pipas-Oaxaca.jpeg\" alt=\"\" class=\"wp-image-120687\"\/><\/a><\/figure>\n\n\n\n<p>El 8 de agosto, una nota de prensa difundi\u00f3 que iniciaban las licitaciones. En Compras MX apareci\u00f3 la ficha \u201cPresa Margarita Maza (Paso Ancho)\u201d, que promete abastecer de forma continua a 641 mil habitantes. D\u00edas despu\u00e9s, el gobierno estatal asegur\u00f3 en un comunicado que la primera etapa de coordinaci\u00f3n, licitaci\u00f3n y supervisi\u00f3n se cumpli\u00f3 \u201cen tiempo y forma\u201d y que la obra beneficiar\u00e1 directamente a la poblaci\u00f3n de Valles Centrales.<\/p>\n\n\n\n<p>Las comunidades y organizaciones cuestionan la inversi\u00f3n millonaria para el proyecto Margarita Maza, puesto que, anal\u00edzan, los recursos deber\u00edan ser encauzados al mejoramiento y reparaci\u00f3n de las redes urbanas de suministro y distribuci\u00f3n de agua en la zona metropolitana de la capital oaxaque\u00f1a. \u201cResultar\u00eda ocioso invertir en una obra p\u00fablica mayor, si actualmente se pierde en fugas, cerca del 50% del agua disponible\u201d, aseveraron mediante pronunciamiento.<\/p>\n\n\n\n<h3 class=\"wp-block-heading\" id=\"h-alternativas\"><strong>Alternativas<\/strong><\/h3>\n\n\n\n<p>Las organizaciones del OCCAMA plantean alternativas comunitarias, frente a la imposici\u00f3n del megaproyecto, centradas en la gesti\u00f3n del agua desde abajo mediante t\u00e9cnicas y estrategias de cosecha de lluvia, riego eficiente, saneamiento ecol\u00f3gico y reciclaje de aguas. Adem\u00e1s, promueven la protecci\u00f3n de la Cordillera Norte, fundamental para la recarga de acu\u00edferos y la biodiversidad que albergan los ecosistemas en la regi\u00f3n de Valles Centrales.<\/p>\n\n\n\n<p>El Observatorio remarca que estas pr\u00e1cticas no son nuevas, sino son retomadas del conocimiento de pueblos originarios y comunidades para la planeaci\u00f3n comunitaria del agua, la producci\u00f3n org\u00e1nica, el saneamiento seco y las peque\u00f1as presas filtrantes.&nbsp;<\/p>\n\n\n\n<p>\u201cHay que hacer el riego eficiente, hay que cosechar la lluvia, hay que limpiar el agua con sistemas de rehuso y de limitaci\u00f3n. Hay un conjunto de medidas que no solo ya conocemos, sino que se ponen en pr\u00e1ctica en peque\u00f1a escala en muchos lugares en los Valles centrales.<\/p>\n\n\n\n<p>No hay que ver qu\u00e9 podr\u00edamos hacer, sino hay que ver lo que ya se est\u00e1 haciendo y apoyar eso\u201d, sostuvo&nbsp;Consejo Due\u00f1as del Observatorio.<\/p>\n","protected":false},"excerpt":{"rendered":"<p>Fuente: Avispa Midia Por Sare Frabes Foto de portada: Roc\u00edo Flores\/Oaxaca Media El Observatorio Ciudadano Comunitario del Agua y Medio Ambiente de los Valles Centrales de Oaxaca (OCCAMA) advirti\u00f3 sobre los graves riesgos sociales, ambientales y t\u00e9cnicos del proyecto&nbsp;Presa Margarita Maza, previamente conocido como&nbsp;Paso Ancho. Esta iniciativa contempla la construcci\u00f3n de una presa, un acueducto [&hellip;]<\/p>\n","protected":false},"author":21,"featured_media":52159,"comment_status":"open","ping_status":"closed","sticky":false,"template":"","format":"standard","meta":{"footnotes":""},"categories":[957,51,826,958,954,935],"tags":[58,53,567,147,918,545,87,148,27,483],"class_list":["post-52158","post","type-post","status-publish","format-standard","has-post-thumbnail","hentry","category-autonomia","category-autor","category-medios-libres-2","category-megaproyectos","category-mexico","category-temas","tag-derechos-humanos","tag-justicia","tag-megaproyectos","tag-militarizacion","tag-oaxaca","tag-pueblos-indigenas","tag-represion","tag-resistencia","tag-solidaridad","tag-tierra-y-territorio"],"_links":{"self":[{"href":"https:\/\/radiozapatista.org\/index.php?rest_route=\/wp\/v2\/posts\/52158","targetHints":{"allow":["GET"]}}],"collection":[{"href":"https:\/\/radiozapatista.org\/index.php?rest_route=\/wp\/v2\/posts"}],"about":[{"href":"https:\/\/radiozapatista.org\/index.php?rest_route=\/wp\/v2\/types\/post"}],"author":[{"embeddable":true,"href":"https:\/\/radiozapatista.org\/index.php?rest_route=\/wp\/v2\/users\/21"}],"replies":[{"embeddable":true,"href":"https:\/\/radiozapatista.org\/index.php?rest_route=%2Fwp%2Fv2%2Fcomments&post=52158"}],"version-history":[{"count":1,"href":"https:\/\/radiozapatista.org\/index.php?rest_route=\/wp\/v2\/posts\/52158\/revisions"}],"predecessor-version":[{"id":52160,"href":"https:\/\/radiozapatista.org\/index.php?rest_route=\/wp\/v2\/posts\/52158\/revisions\/52160"}],"wp:featuredmedia":[{"embeddable":true,"href":"https:\/\/radiozapatista.org\/index.php?rest_route=\/wp\/v2\/media\/52159"}],"wp:attachment":[{"href":"https:\/\/radiozapatista.org\/index.php?rest_route=%2Fwp%2Fv2%2Fmedia&parent=52158"}],"wp:term":[{"taxonomy":"category","embeddable":true,"href":"https:\/\/radiozapatista.org\/index.php?rest_route=%2Fwp%2Fv2%2Fcategories&post=52158"},{"taxonomy":"post_tag","embeddable":true,"href":"https:\/\/radiozapatista.org\/index.php?rest_route=%2Fwp%2Fv2%2Ftags&post=52158"}],"curies":[{"name":"wp","href":"https:\/\/api.w.org\/{rel}","templated":true}]}}