{"id":52154,"date":"2025-09-08T22:19:35","date_gmt":"2025-09-09T04:19:35","guid":{"rendered":"https:\/\/radiozapatista.org\/?p=52154"},"modified":"2025-09-08T22:19:37","modified_gmt":"2025-09-09T04:19:37","slug":"flotilla-global-sumud-sufre-ataque-del-barco-donde-viajan-los-organizadores","status":"publish","type":"post","link":"https:\/\/radiozapatista.org\/?p=52154","title":{"rendered":"Flotilla Global Sumud sufre ataque del barco donde viajan los organizadores"},"content":{"rendered":"\n<p>Fuente: <a href=\"https:\/\/avispa.org\/flotilla-global-sumud-sufre-ataque-del-barco-donde-viajan-los-organizadores\/\">Avispa Midia<\/a><\/p>\n\n\n\n<p>Por Santiago Navarro F<\/p>\n\n\n\n<p><sup>Foto: Instagram v\u00eda @yaseminacr_&nbsp;<\/sup><\/p>\n\n\n\n<p>El barco donde viajan los organizadores de la Flotilla Global Sumud sufre un ataque perpetrado por un dron, as\u00ed lo han afirmado los organizadores en un comunicado lanzado este 8 de septiembre. El acto de agresi\u00f3n, que no ha sido reclamado, no tuvo \u00e9xito al querer truncar el avance de esta misi\u00f3n civil internacional que busca llevar ayuda humanitaria a la Franja de Gaza y llevar un mensaje de solidaridad al pueblo palestino.<\/p>\n\n\n\n<p>Ver tambi\u00e9n: <a href=\"https:\/\/avispa.org\/israel-amenaza-a-flotilla-sumud-y-estibadores-de-genova-anuncian-alzarse-en-toda-italia\/\">Israel amenaza a Flotilla Sumud y estibadores de G\u00e9nova anuncian alzarse en toda Italia&nbsp;<\/a><\/p>\n\n\n\n<p>De acuerdo con el comunicado oficial de la organizaci\u00f3n difundido esta ma\u00f1ana, el barco principal de la flotilla, bautizado como &#8220;Barco Familia&#8221;, el cual porta la bandera portuguesa, fue atacado presuntamente por un dron mientras se encontraba atracado en aguas tunecinas. El artefacto impact\u00f3 contra la embarcaci\u00f3n, provocando un incendio que caus\u00f3 &#8220;da\u00f1os por fuego en la cubierta principal y en el almac\u00e9n bajo&#8221;, aseveran los organizadores. https:\/\/www.facebook.com\/plugins\/video.php?height=476&amp;href=https%3A%2F%2Fwww.facebook.com%2FAvispaMidia%2Fvideos%2F1823533548235249%2F&amp;show_text=false&amp;width=267&amp;t=0<\/p>\n\n\n\n<p>El ataque, ocurrido en la noche de este lunes (8), tuvo lugar a escasas horas de la partida de la flotilla desde el puerto de Sidi Bou Said, pr\u00f3ximo a T\u00fanez capital. A bordo de esta embarcaci\u00f3n se encontraban miembros del Comit\u00e9 Directivo de la misi\u00f3n. Afortunadamente, y en lo que la organizaci\u00f3n ha calificado de &#8220;milagro&#8221;, los seis pasajeros y tripulantes a bordo resultaron ilesos.<\/p>\n\n\n\n<p>En un contundente mensaje, los organizadores de la Global Sumud Flotilla (GSF) han tildado el incidente de &#8220;acto de agresi\u00f3n destinado a intimidar y descarrilar nuestra misi\u00f3n&#8221;. Lejos de amedrentarse, la GSF ha reafirmado su compromiso: &#8220;Nuestra misi\u00f3n pac\u00edfica de romper el asedio a Gaza y ser solidaria con su pueblo contin\u00faa con determinaci\u00f3n y resoluci\u00f3n&#8221;.<\/p>\n\n\n\n<p>En contexto: <a href=\"https:\/\/avispa.org\/zarpan-en-secreto-decenas-de-pequenas-embarcaciones-hacia-gaza-con-ayuda-humanitaria\/\">Zarpan en secreto decenas de peque\u00f1as embarcaciones hacia Gaza con ayuda humanitaria<\/a><\/p>\n\n\n\n<p>La palabra &#8220;Sumud&#8221; \u2013que en \u00e1rabe significa &#8220;firmeza&#8221; o &#8220;resistencia pac\u00edfica&#8221;\u2013 cobra hoy m\u00e1s sentido que nunca. El ataque no ha hecho m\u00e1s que reafirmar la voluntad de los cerca de 300 voluntarios de 44 nacionalidades diferentes que conforman la flotilla. Entre ellos se encuentran figuras de alto perfil como la activista clim\u00e1tica sueca Greta Thunberg y la exprimera edil de Barcelona, Ada Colau, cuya presencia busca atraer la atenci\u00f3n global hacia la crisis humanitaria en Gaza.<\/p>\n\n\n\n<figure class=\"wp-block-image size-large\"><img loading=\"lazy\" decoding=\"async\" width=\"724\" height=\"1024\" src=\"https:\/\/radiozapatista.org\/wp-content\/uploads\/2025\/09\/image-724x1024.png\" alt=\"\" class=\"wp-image-52155\" srcset=\"https:\/\/radiozapatista.org\/wp-content\/uploads\/2025\/09\/image-724x1024.png 724w, https:\/\/radiozapatista.org\/wp-content\/uploads\/2025\/09\/image-212x300.png 212w, https:\/\/radiozapatista.org\/wp-content\/uploads\/2025\/09\/image-768x1086.png 768w, https:\/\/radiozapatista.org\/wp-content\/uploads\/2025\/09\/image.png 905w\" sizes=\"auto, (max-width: 724px) 100vw, 724px\" \/><\/figure>\n\n\n\n<p><\/p>\n","protected":false},"excerpt":{"rendered":"<p>Fuente: Avispa Midia Por Santiago Navarro F Foto: Instagram v\u00eda @yaseminacr_&nbsp; El barco donde viajan los organizadores de la Flotilla Global Sumud sufre un ataque perpetrado por un dron, as\u00ed lo han afirmado los organizadores en un comunicado lanzado este 8 de septiembre. El acto de agresi\u00f3n, que no ha sido reclamado, no tuvo \u00e9xito [&hellip;]<\/p>\n","protected":false},"author":21,"featured_media":52156,"comment_status":"open","ping_status":"closed","sticky":false,"template":"","format":"standard","meta":{"footnotes":""},"categories":[957,51,826,958,953,1327,935],"tags":[58,1537,53,567,147,112,545,148,27,483],"class_list":["post-52154","post","type-post","status-publish","format-standard","has-post-thumbnail","hentry","category-autonomia","category-autor","category-medios-libres-2","category-megaproyectos","category-mundo","category-palestina","category-temas","tag-derechos-humanos","tag-globalsumudflotilla","tag-justicia","tag-megaproyectos","tag-militarizacion","tag-palestina","tag-pueblos-indigenas","tag-resistencia","tag-solidaridad","tag-tierra-y-territorio"],"_links":{"self":[{"href":"https:\/\/radiozapatista.org\/index.php?rest_route=\/wp\/v2\/posts\/52154","targetHints":{"allow":["GET"]}}],"collection":[{"href":"https:\/\/radiozapatista.org\/index.php?rest_route=\/wp\/v2\/posts"}],"about":[{"href":"https:\/\/radiozapatista.org\/index.php?rest_route=\/wp\/v2\/types\/post"}],"author":[{"embeddable":true,"href":"https:\/\/radiozapatista.org\/index.php?rest_route=\/wp\/v2\/users\/21"}],"replies":[{"embeddable":true,"href":"https:\/\/radiozapatista.org\/index.php?rest_route=%2Fwp%2Fv2%2Fcomments&post=52154"}],"version-history":[{"count":1,"href":"https:\/\/radiozapatista.org\/index.php?rest_route=\/wp\/v2\/posts\/52154\/revisions"}],"predecessor-version":[{"id":52157,"href":"https:\/\/radiozapatista.org\/index.php?rest_route=\/wp\/v2\/posts\/52154\/revisions\/52157"}],"wp:featuredmedia":[{"embeddable":true,"href":"https:\/\/radiozapatista.org\/index.php?rest_route=\/wp\/v2\/media\/52156"}],"wp:attachment":[{"href":"https:\/\/radiozapatista.org\/index.php?rest_route=%2Fwp%2Fv2%2Fmedia&parent=52154"}],"wp:term":[{"taxonomy":"category","embeddable":true,"href":"https:\/\/radiozapatista.org\/index.php?rest_route=%2Fwp%2Fv2%2Fcategories&post=52154"},{"taxonomy":"post_tag","embeddable":true,"href":"https:\/\/radiozapatista.org\/index.php?rest_route=%2Fwp%2Fv2%2Ftags&post=52154"}],"curies":[{"name":"wp","href":"https:\/\/api.w.org\/{rel}","templated":true}]}}