{"id":52151,"date":"2025-09-08T10:20:51","date_gmt":"2025-09-08T16:20:51","guid":{"rendered":"https:\/\/radiozapatista.org\/?p=52151"},"modified":"2025-09-08T10:20:52","modified_gmt":"2025-09-08T16:20:52","slug":"te-alabo-palestina-la-tierra-que-adore-hasta-la-muerte-testamento-de-yahya-sinwar","status":"publish","type":"post","link":"https:\/\/radiozapatista.org\/?p=52151","title":{"rendered":"Te alabo Palestina, la tierra que ador\u00e9 hasta la muerte | Testamento de Yahya Sinwar"},"content":{"rendered":"\n<p>Mientras la Flotilla Global Sumud sigue navegando el Mar Mediterr\u00e1neo rumbo a Gaza desafiando el sitio gen0cida contra el pueblo palestino publicamos el testamento de Yahya Sinwar, m\u00e1rtir del pueblo gazat\u00ed asesinado por el ej\u00e9rcito de Israel. La carta fue le\u00edda en la Plaza Palestina Libre en la alameda central de la Ciudad de M\u00e9xico.<\/p>\n\n\n\n<p>Poco sabemos del pensamiento de los activistas palestinos. La media quiere sepultar su palabra con la bomba medi\u00e1tica del \u201cterr0rismo\u201d. El movimiento de solidaridad exige justamente acabar con el gen0cidio y demanda que Palestina sea libre. \u00bfPero qu\u00e9 significa libertad a los activistas y guerreros que armas en mano enfrentan la bestialidad del colonialismo sionista?<\/p>\n\n\n\n<figure class=\"wp-block-image\"><img decoding=\"async\" src=\"https:\/\/raicesenresistencia.org\/wp-content\/uploads\/2025\/09\/Yahya-Sinwar-1-1024x614.jpg\" alt=\"\" class=\"wp-image-346\"\/><figcaption class=\"wp-element-caption\"><em>Foto: Yahya Sinwar<\/em><\/figcaption><\/figure>\n\n\n\n<p><strong>Yahya Sinwar<\/strong><\/p>\n\n\n\n<p>Yahya Sinwar naci\u00f3 el 29 de octubre de 1962 en Khan Younis, un campo de refugiados palestinos situado en el extremo sur de la Franja de Gaza cuando estaba bajo dominio egipcio. All\u00ed pas\u00f3 sus primeros a\u00f1os. Su familia procede de Al-Majdal Asqalan (Ascal\u00f3n) de donde fue expulsada durante la guerra \u00e1rabe-israel\u00ed de 1948 que se desat\u00f3 meses despu\u00e9s de la fundaci\u00f3n del estado de Israel en tierras palestinas.<\/p>\n\n\n\n<p>Yahya termin\u00f3 sus estudios en la Universidad Isl\u00e1mica de Gaza, donde se licenci\u00f3 en Estudios \u00c1rabes. La polic\u00eda de Israel lo arrest\u00f3 en 1982, a los 19 a\u00f1os, por \u00abactividades isl\u00e1micas\u00bb, y de nuevo en 1985. Fue activista desde los inicios de Ham\u00e1s, en 1987, durante la primera Intifada (\u201crebeli\u00f3n\u201d o \u201clevantamiento\u201d en \u00e1rabe: \u0627\u0650\u0646\u0652\u062a\u0650\u0641\u064e\u0627\u0636\u064e\u0629\u200e). Arrestado de nuevo en 1989, en la c\u00e1rcel, se consagr\u00f3 como l\u00edder de los presos. Condenado varias veces a cadena perpetua, fue puesto en libertad en 2011 con un millar de detenidos liberados por Israel, a cambio del soldado Gilad Shalit, reh\u00e9n de Ham\u00e1s durante cinco a\u00f1os.<\/p>\n\n\n\n<p>Se convierte uno de los voceros m\u00e1s reconocidos de Ham\u00e1s en Gaza en 2017. Particip\u00f3 en el ataque a Israel del 7 de octubre de 2024. Nueve d\u00edas despu\u00e9s, 16 de octubre, fue asesinado por el ej\u00e9rcito sionista.<\/p>\n\n\n\n<p>En su testamento, Yahya Sinwar expresa: \u201cMi llamado es que permanezcan fieles a la sangre de los m\u00e1rtires, a los que se han ido y nos han dejado este camino lleno de espinas, ellos son los que abrieron el camino de la libertad con su sangre, as\u00ed que no malgasten estos sacrificios en los c\u00e1lculos de los pol\u00edticos y los juegos de la diplomacia.\u201d<\/p>\n\n\n\n<p>Aqu\u00ed reproducimos el texto de su testamento.<\/p>\n\n\n\n<figure class=\"wp-block-image\"><img decoding=\"async\" src=\"https:\/\/raicesenresistencia.org\/wp-content\/uploads\/2025\/09\/Guernica-Palestina.png\" alt=\"\" class=\"wp-image-347\"\/><figcaption class=\"wp-element-caption\">Recreaci\u00f3n del Guernica de Picasso por Palestina. Pieza en la Plaza Palestina libre en la Alameda central, Ciudad de M\u00e9xico<\/figcaption><\/figure>\n\n\n\n<p><strong>Testamento de Yahya Sinwar<\/strong><\/p>\n\n\n\n<p>Soy Yahya, hijo de un refugiado que transform\u00f3 su exilio en una patria temporal, y que convirti\u00f3 un sue\u00f1o en una batalla eterna.<\/p>\n\n\n\n<p>Mientras escribo estas palabras, recuerdo cada momento de mi vida: desde mi infancia en las callejuelas, pasando por los largos a\u00f1os de encarcelamiento, hasta cada gota de sangre derramada en el suelo de esta tierra.<\/p>\n\n\n\n<p>Nac\u00ed en Khan Younis en 1962, en una \u00e9poca en la que Palestina no era m\u00e1s que un recuerdo destrozado y cartas olvidadas en las mesas de los pol\u00edticos.<\/p>\n\n\n\n<p>Soy un hombre cuya vida se teji\u00f3 entre el fuego y las cenizas, y que comprendi\u00f3 desde muy joven que la vida bajo la ocupaci\u00f3n no es m\u00e1s que un encierro permanente.<\/p>\n\n\n\n<p>Muy pronto supe que la vida en esta tierra no es algo ordinario, y que cualquiera que nazca aqu\u00ed debe llevar en su coraz\u00f3n un arma fuerte, una voluntad inquebrantable, y ser consciente de que el camino hacia la libertad es largo.<\/p>\n\n\n\n<p>Aqu\u00ed empieza mi compromiso con ustedes, a partir del ni\u00f1o que lanz\u00f3 la primera piedra al ocupante, que aprendi\u00f3 que las piedras son las primeras palabras que dirigimos al mundo que calla ante nuestra herida.<\/p>\n\n\n\n<blockquote class=\"wp-block-quote is-layout-flow wp-block-quote-is-layout-flow\">\n<p><strong>Mi compromiso comienza con el ni\u00f1o que lanz\u00f3 la primera piedra al ocupante, que aprendi\u00f3 que las piedras son las primeras palabras que dirigimos al mundo que calla ante nuestra herida.<\/strong><\/p>\n<\/blockquote>\n\n\n\n<p>En las calles de Gaza aprend\u00ed que una persona no se mide por la edad, sino por lo que da a su pa\u00eds. Y as\u00ed fue mi vida: c\u00e1rceles y batallas, dolor, pero tambi\u00e9n esperanza.<\/p>\n\n\n\n<p>Me encarcelaron por primera vez en 1988 y me condenaron a cadena perpetua, pero no tuve miedo.<\/p>\n\n\n\n<p>En aquellas celdas oscuras, ve\u00eda en cada pared una ventana hacia el horizonte lejano, y en cada barrote una luz que iluminaba el camino hacia la libertad.<\/p>\n\n\n\n<p>En la c\u00e1rcel aprend\u00ed que la paciencia no es s\u00f3lo una virtud, sino un arma\u2026 un arma amarga, como quien se bebe el mar gota a gota.<\/p>\n\n\n\n<p>Les exhorto: Mo tengan miedo de las c\u00e1rceles. Para nosotros los palestinos, es nuestro destino, parte de nuestro largo camino hacia la libertad.<\/p>\n\n\n\n<p>La c\u00e1rcel me ense\u00f1\u00f3 que la libertad no es s\u00f3lo un derecho robado, sino una idea nacida del dolor y perfeccionada con paciencia. Cuando sal\u00ed de prisi\u00f3n en el marco de la Operaci\u00f3n Wafa al-Ahrar en 2011, no sal\u00ed igual, sal\u00ed m\u00e1s maduro, con convicciones y perspectivas largamente meditadas de que aquello por lo que luchamos no es solo una lucha pasajera, sino nuestro destino, y que lo llevamos hasta en la \u00faltima gota de nuestra sangre.<br><br><em>[En octubre de 2011, m\u00e1s de 1,400 prisioneros palestinos fueron liberados de las c\u00e1rceles de ocupaci\u00f3n de Israel en el intercambio de prisioneros conocido como Wafa al-Ahrar (\u201cFieles a la libertad\u201d), despu\u00e9s de que un soldado israel\u00ed fuera secuestrado y mantenido cautivo durante m\u00e1s de cinco a\u00f1os.]<\/em><\/p>\n\n\n\n<blockquote class=\"wp-block-quote is-layout-flow wp-block-quote-is-layout-flow\">\n<p><strong>La c\u00e1rcel me ense\u00f1\u00f3 que la libertad no es s\u00f3lo un derecho robado, sino una idea nacida del dolor y perfeccionada con paciencia. Cuando sal\u00ed de prisi\u00f3n en el marco de la Operaci\u00f3n Wafa al-Ahrar en 2011, no sal\u00ed igual, sal\u00ed m\u00e1s maduro, con convicciones y perspectivas largamente meditadas de que aquello por lo que luchamos no es solo una lucha pasajera, sino nuestro destino, y que lo llevamos hasta en la \u00faltima gota de nuestra sangre.<\/strong><\/p>\n<\/blockquote>\n\n\n\n<p>Mi \u00faltimo deseo para ustedes, queridos combatientes, es que permanezcan apegados al fusil, a la dignidad sin concesiones, apegados al sue\u00f1o de la libertad hasta que se haga realidad.<br><br>El enemigo quiere que abandonemos la resistencia, que convirtamos nuestra causa en una negociaci\u00f3n interminable.<\/p>\n\n\n\n<p>Pero yo les pido: no negocien nada que comprometa su futuro.<\/p>\n\n\n\n<figure class=\"wp-block-image\"><img decoding=\"async\" src=\"https:\/\/raicesenresistencia.org\/wp-content\/uploads\/2025\/09\/Olivo-simbolo-Palestina.-Inter-Press-Service.jpg\" alt=\"\" class=\"wp-image-348\"\/><figcaption class=\"wp-element-caption\"><em>Olivo s\u00edmbolo Palestino. Inter Press Service<\/em><\/figcaption><\/figure>\n\n\n\n<p>Los enemigos temen m\u00e1s tu firmeza que tus armas. La resistencia no es s\u00f3lo el arma que llevamos, sino nuestro amor por Palestina en cada aliento que respiramos, es nuestra voluntad de sobrevivir y desafiar su violencia, su asedio y su crueldad.<\/p>\n\n\n\n<p>Los enemigos temen m\u00e1s tu firmeza que tus armas. La resistencia no es s\u00f3lo el arma que llevamos, sino nuestro amor por Palestina en cada aliento que respiramos, es nuestra voluntad de sobrevivir y desafiar su violencia, su asedio y su crueldad.<\/p>\n\n\n\n<p>Mi llamado es que permanezcan fieles a la sangre de los m\u00e1rtires, a los que se han ido y nos han dejado este camino lleno de espinas, ellos son los que abrieron el camino de la libertad con su sangre, as\u00ed que no malgasten estos sacrificios en los c\u00e1lculos de los pol\u00edticos y los juegos de la diplomacia.<\/p>\n\n\n\n<p>Estamos aqu\u00ed para terminar lo que empezaron los primeros, y no nos desviaremos de este camino cueste lo que cueste. Gaza ha sido y seguir\u00e1 siendo la capital de la determinaci\u00f3n, el coraz\u00f3n de Palestina que nunca deja de luchar, incluso si la tierra se estrecha para nosotros, incluso si parece que esta tierra nuestra nos va a enterrar.<\/p>\n\n\n\n<p>Cuando asum\u00ed el liderazgo de Ham\u00e1s en Gaza en 2017, no se trataba solo de un traspaso de poder, sino de la continuaci\u00f3n de la lucha armada, el \u00fanico camino hist\u00f3rico hacia la liberaci\u00f3n nacional frente a la ocupaci\u00f3n.<\/p>\n\n\n\n<p>Cada d\u00eda sent\u00eda el dolor de mi pueblo asediado, y sab\u00eda que cada paso que d\u00e1bamos hacia la libertad ten\u00eda un precio. Pero les digo: el precio de la rendici\u00f3n es mucho m\u00e1s alto. Por eso, af\u00e9rrense a la tierra como se aferran las ra\u00edces de nuestros \u00e1rboles, porque ning\u00fan viento puede desarraigar a un pueblo que ha decidido vivir.<\/p>\n\n\n\n<p>En la batalla del Diluvio de Al-Aqsa, yo no era el l\u00edder de un grupo o un movimiento, sino la voz de los palestinos que so\u00f1aban con la liberaci\u00f3n. Mi convicci\u00f3n me llev\u00f3 a creer que la resistencia no es s\u00f3lo una opci\u00f3n, sino un deber. Quer\u00eda que esta batalla fuera una nueva p\u00e1gina en la epopeya de la lucha de nuestro pueblo, quer\u00eda que todas las facciones palestinas se unieran en torno a los intereses de nuestro pueblo y se situaran en la misma trinchera contra el b\u00e1rbaro e inhumano enemigo, que nunca distingui\u00f3 entre un ni\u00f1o y un anciano, o entre una piedra y un \u00e1rbol.<\/p>\n\n\n\n<p>El Diluvio de Al-Aqsa fue una batalla por las almas antes que por los cuerpos, y por la voluntad antes que por las armas.<\/p>\n\n\n\n<p>Lo que dejo no es un legado personal, sino colectivo, va dirigido a cada palestino que sue\u00f1e con la libertad, a cada madre que ha llevado en brazos a su hijo muerto, a cada padre que llor\u00f3 con todo su coraz\u00f3n por su hijo asesinado.<\/p>\n\n\n\n<p>Mi \u00faltimo legado es recordar siempre que la resistencia no es s\u00f3lo una bala disparada, sino una vida vivida con honor y dignidad.<\/p>\n\n\n\n<blockquote class=\"wp-block-quote is-layout-flow wp-block-quote-is-layout-flow\">\n<p><strong>Mi \u00faltimo legado es recordar siempre que la resistencia no es s\u00f3lo una bala disparada, sino una vida vivida con honor y dignidad.<\/strong><\/p>\n<\/blockquote>\n\n\n\n<p>El encarcelamiento y el asedio me han ense\u00f1ado que la batalla es larga, que el camino es duro, pero tambi\u00e9n he aprendido que las personas que se niegan a rendirse hacen milagros con sus propias manos.<\/p>\n\n\n\n<figure class=\"wp-block-image\"><img decoding=\"async\" src=\"https:\/\/raicesenresistencia.org\/wp-content\/uploads\/2025\/09\/Flotilla-Sumudx-Palestina-Sep-2025-b.png\" alt=\"\" class=\"wp-image-350\"\/><\/figure>\n\n\n\n<p>No esperen que el mundo les haga justicia, porque he comprobado y he sido testigo de c\u00f3mo el mundo calla ante nuestro dolor. No esperen justicia; sean justos. Lleven el sue\u00f1o de Palestina en sus corazones, y conviertan cada herida en un arma, y cada l\u00e1grima en una fuente de esperanza.<\/p>\n\n\n\n<p>Esta es mi \u00faltima palabra: no entreguen las armas, no olviden a sus m\u00e1rtires y no cedan con un sue\u00f1o que es su derecho.<\/p>\n\n\n\n<p>Nos quedamos aqu\u00ed, en nuestra tierra, en nuestros corazones, en el futuro de nuestros hijos.<\/p>\n\n\n\n<p>Te alabo Palestina, la tierra que ador\u00e9 hasta la muerte, y el sue\u00f1o que cargu\u00e9 sobre mis hombros como una monta\u00f1a inquebrantable.<\/p>\n\n\n\n<blockquote class=\"wp-block-quote is-layout-flow wp-block-quote-is-layout-flow\">\n<p><strong>Te alabo Palestina, la tierra que ador\u00e9 hasta la muerte, y el sue\u00f1o que cargu\u00e9 sobre mis hombros como una monta\u00f1a inquebrantable.<\/strong><\/p>\n<\/blockquote>\n\n\n\n<p>Si caigo, no caigan conmigo, pero lleven mi antorcha, y hagan de mi sangre un puente a trav\u00e9s del cual la generaci\u00f3n nacida de nuestras cenizas pueda ser m\u00e1s fuerte.<\/p>\n\n\n\n<p>No olviden que la patria no es una historia que contar, sino una realidad que vivir, y que de cada m\u00e1rtir nacer\u00e1n mil resistentes en el seno de esta tierra.<\/p>\n\n\n\n<p>Si vuelve el Diluvio y no estoy con ustedes, sepan que fui la primera gota en las olas de la libertad, y que viv\u00ed para verles continuar por el camino de la emancipaci\u00f3n.<\/p>\n\n\n\n<figure class=\"wp-block-image\"><img decoding=\"async\" src=\"https:\/\/raicesenresistencia.org\/wp-content\/uploads\/2025\/09\/Olivo.-Dibujo-150x150.jpg\" alt=\"\" class=\"wp-image-349\"\/><\/figure>\n\n\n\n<p><strong>Para conocer un poco m\u00e1s de Yahya Sinwar:<\/strong><\/p>\n\n\n\n<p>\u201cDe las c\u00e1rceles israel\u00edes al liderazgo de Ham\u00e1s\u201d en el portal <a href=\"https:\/\/www.descifrandolaguerra.es\/yahya-sinwar-de-las-carceles-israelies-al-liderazgo-de-hamas\/\">Descifrando la guerra<\/a><br><br>Azzam Tamimi. \u201cYahya Sinwar muri\u00f3 luchando contra Israel\u201d en el portal <a href=\"https:\/\/rebelion.org\/yahya-sinwar-murio-luchando-contra-israel\/\">Rebeli\u00f3n<\/a>.<br><br>Abdaljawad Omar. \u201cLa \u00faltima batalla de Yahya Sinwar\u201d. Portal<br><a href=\"https:\/\/rebelion.org\/la-ultima-batalla-de-yahya-sinwar\/\">Rebeli\u00f3n<\/a>.<br><br><strong>Versiones del testamento de Yahya Sinwar<\/strong><\/p>\n\n\n\n<p>Andaluc\u00eda morisca.org<br><a href=\"https:\/\/andaluciamorisca.org\/ultima-voluntad-y-testamento-de-yahya-sinwar\/\">https:\/\/andaluciamorisca.org\/ultima-voluntad-y-testamento-de-yahya-sinwar\/<br><\/a><br><br>Palestina. Testamento po\u00e9tico y poderoso de Sinwar: \u201cConvierta cada herida en arma\u201d. Resumenlatinoamericano.org<br><a href=\"https:\/\/www.resumenlatinoamericano.org\/2024\/10\/25\/palestina-testamento-poetico-y-poderoso-de-sinwar-convierta-cada-herida-en-arma\/\">https:\/\/www.resumenlatinoamericano.org\/2024\/10\/25\/palestina-testamento-poetico-y-poderoso-de-sinwar-convierta-cada-herida-en-arma\/<\/a><\/p>\n\n\n\n<p>Diario Octubre. Testamento del m\u00e1rtir Yahya Sinwar para el pueblo palestino.<br>Coordinaci\u00f3n de N\u00facleos Comunistas.\u2014 Mi mandamiento es que permanezc\u00e1is fieles a la sangre de los m\u00e1rtires, a los que se han ido y nos han dejado este camino lleno de espinas; ellos son los que abrieron el camino de la libertad con su sangre, as\u00ed que no malgast\u00e9is estos sacrificios en los c\u00e1lculos de los pol\u00edticos y los juegos de la diplomacia.<br><a href=\"https:\/\/diario-octubre.com\/2024\/11\/05\/testamento-del-martir-yahya-sinwar-para-el-pueblo-palestino\/\">https:\/\/diario-octubre.com\/2024\/11\/05\/testamento-del-martir-yahya-sinwar-para-el-pueblo-palestino\/<\/a><\/p>\n\n\n\n<p>Testamento de Yahya Sinwar. Prolewiki,org<br><a href=\"https:\/\/es.prolewiki.org\/wiki\/Biblioteca:Testamento_de_Yahya_Sinwar\">https:\/\/es.prolewiki.org\/wiki\/Biblioteca:Testamento_de_Yahya_Sinwar<\/a><\/p>\n","protected":false},"excerpt":{"rendered":"<p>Mientras la Flotilla Global Sumud sigue navegando el Mar Mediterr\u00e1neo rumbo a Gaza desafiando el sitio gen0cida contra el pueblo palestino publicamos el testamento de Yahya Sinwar, m\u00e1rtir del pueblo gazat\u00ed asesinado por el ej\u00e9rcito de Israel. La carta fue le\u00edda en la Plaza Palestina Libre en la alameda central de la Ciudad de M\u00e9xico. [&hellip;]<\/p>\n","protected":false},"author":21,"featured_media":52152,"comment_status":"open","ping_status":"closed","sticky":false,"template":"","format":"standard","meta":{"footnotes":""},"categories":[957,51,826,953,1327,935],"tags":[58,53,567,112,23,545,87,148,27,483],"class_list":["post-52151","post","type-post","status-publish","format-standard","has-post-thumbnail","hentry","category-autonomia","category-autor","category-medios-libres-2","category-mundo","category-palestina","category-temas","tag-derechos-humanos","tag-justicia","tag-megaproyectos","tag-palestina","tag-paramilitares","tag-pueblos-indigenas","tag-represion","tag-resistencia","tag-solidaridad","tag-tierra-y-territorio"],"_links":{"self":[{"href":"https:\/\/radiozapatista.org\/index.php?rest_route=\/wp\/v2\/posts\/52151","targetHints":{"allow":["GET"]}}],"collection":[{"href":"https:\/\/radiozapatista.org\/index.php?rest_route=\/wp\/v2\/posts"}],"about":[{"href":"https:\/\/radiozapatista.org\/index.php?rest_route=\/wp\/v2\/types\/post"}],"author":[{"embeddable":true,"href":"https:\/\/radiozapatista.org\/index.php?rest_route=\/wp\/v2\/users\/21"}],"replies":[{"embeddable":true,"href":"https:\/\/radiozapatista.org\/index.php?rest_route=%2Fwp%2Fv2%2Fcomments&post=52151"}],"version-history":[{"count":1,"href":"https:\/\/radiozapatista.org\/index.php?rest_route=\/wp\/v2\/posts\/52151\/revisions"}],"predecessor-version":[{"id":52153,"href":"https:\/\/radiozapatista.org\/index.php?rest_route=\/wp\/v2\/posts\/52151\/revisions\/52153"}],"wp:featuredmedia":[{"embeddable":true,"href":"https:\/\/radiozapatista.org\/index.php?rest_route=\/wp\/v2\/media\/52152"}],"wp:attachment":[{"href":"https:\/\/radiozapatista.org\/index.php?rest_route=%2Fwp%2Fv2%2Fmedia&parent=52151"}],"wp:term":[{"taxonomy":"category","embeddable":true,"href":"https:\/\/radiozapatista.org\/index.php?rest_route=%2Fwp%2Fv2%2Fcategories&post=52151"},{"taxonomy":"post_tag","embeddable":true,"href":"https:\/\/radiozapatista.org\/index.php?rest_route=%2Fwp%2Fv2%2Ftags&post=52151"}],"curies":[{"name":"wp","href":"https:\/\/api.w.org\/{rel}","templated":true}]}}