{"id":52138,"date":"2025-09-03T10:48:45","date_gmt":"2025-09-03T16:48:45","guid":{"rendered":"https:\/\/radiozapatista.org\/?p=52138"},"modified":"2025-09-05T10:23:24","modified_gmt":"2025-09-05T16:23:24","slug":"se-presenta-en-francia-el-documentario-la-punta-de-lanza-sobre-la-travesia-por-la-vida","status":"publish","type":"post","link":"https:\/\/radiozapatista.org\/?p=52138","title":{"rendered":"Se presenta en Francia el documental &#8220;La punta de lanza&#8221; sobre la Traves\u00eda por la Vida"},"content":{"rendered":"\n<p>Primavera de 2021. En plena pandemia mundial, una delegaci\u00f3n mar\u00edtima de origen maya emprende un viaje a contracorriente, 500 a\u00f1os despu\u00e9s de la llegada de los espa\u00f1oles al territorio maya, gritando: \u00ab\u00a1No nos conquistaron!\u00bb. A bordo de su velero transportan obras de arte creadas en el coraz\u00f3n de las monta\u00f1as del sureste mexicano, como un puente de resistencia y de encuentro entre los pueblos. La Traves\u00eda por la Vida acoge y entreteje las luchas de los pueblos del mundo que cruzan fronteras, como los colectivos de migrantes en Europa. M\u00e1s de 30 a\u00f1os despu\u00e9s de la insurrecci\u00f3n en Chiapas, los j\u00f3venes zapatistas nos invitan a librar una guerra pac\u00edfica, usando el arte como un arma para salvar la vida.<\/p>\n\n\n\n<p>Hoy, 3 de septiembre de 2025, se presenta en La R\u00e9ole, y el pr\u00f3ximo martes 9 de septiembre en Par\u00eds.<\/p>\n\n\n\n<figure class=\"wp-block-embed is-type-video is-provider-vimeo wp-block-embed-vimeo wp-embed-aspect-16-9 wp-has-aspect-ratio\"><div class=\"wp-block-embed__wrapper\">\n<iframe loading=\"lazy\" title=\"La Punta de la Lanza (Teaser)\" src=\"https:\/\/player.vimeo.com\/video\/1065283250?dnt=1&amp;app_id=122963\" width=\"500\" height=\"281\" frameborder=\"0\" allow=\"autoplay; fullscreen; picture-in-picture; clipboard-write; encrypted-media; web-share\" referrerpolicy=\"strict-origin-when-cross-origin\"><\/iframe>\n<\/div><\/figure>\n\n\n<div class=\"wp-block-image\">\n<figure class=\"aligncenter size-large is-resized\"><img loading=\"lazy\" decoding=\"async\" width=\"724\" height=\"1024\" src=\"https:\/\/radiozapatista.org\/wp-content\/uploads\/2025\/09\/reole-724x1024.jpg\" alt=\"\" class=\"wp-image-52139\" style=\"width:544px;height:auto\" srcset=\"https:\/\/radiozapatista.org\/wp-content\/uploads\/2025\/09\/reole-724x1024.jpg 724w, https:\/\/radiozapatista.org\/wp-content\/uploads\/2025\/09\/reole-212x300.jpg 212w, https:\/\/radiozapatista.org\/wp-content\/uploads\/2025\/09\/reole-768x1086.jpg 768w, https:\/\/radiozapatista.org\/wp-content\/uploads\/2025\/09\/reole.jpg 905w\" sizes=\"auto, (max-width: 724px) 100vw, 724px\" \/><\/figure>\n<\/div>\n\n<div class=\"wp-block-image\">\n<figure class=\"aligncenter size-full\"><img loading=\"lazy\" decoding=\"async\" width=\"547\" height=\"848\" src=\"https:\/\/radiozapatista.org\/wp-content\/uploads\/2025\/09\/paris.jpg\" alt=\"\" class=\"wp-image-52140\" srcset=\"https:\/\/radiozapatista.org\/wp-content\/uploads\/2025\/09\/paris.jpg 547w, https:\/\/radiozapatista.org\/wp-content\/uploads\/2025\/09\/paris-194x300.jpg 194w\" sizes=\"auto, (max-width: 547px) 100vw, 547px\" \/><\/figure>\n<\/div>","protected":false},"excerpt":{"rendered":"<p>Primavera de 2021. En plena pandemia mundial, una delegaci\u00f3n mar\u00edtima de origen maya emprende un viaje a contracorriente, 500 a\u00f1os despu\u00e9s de la llegada de los espa\u00f1oles al territorio maya, gritando: \u00ab\u00a1No nos conquistaron!\u00bb. A bordo de su velero transportan obras de arte creadas en el coraz\u00f3n de las monta\u00f1as del sureste mexicano, como un [&hellip;]<\/p>\n","protected":false},"author":1,"featured_media":52141,"comment_status":"open","ping_status":"closed","sticky":false,"template":"","format":"standard","meta":{"footnotes":""},"categories":[957,1318,955,826,953,222],"tags":[1139,79,1231,920,1317],"class_list":["post-52138","post","type-post","status-publish","format-standard","has-post-thumbnail","hentry","category-autonomia","category-caravana-zapatista-a-europa","category-ezln-temas","category-medios-libres-2","category-mundo","category-video","tag-artes","tag-autonomia","tag-cine","tag-europa","tag-travesia-por-la-vida"],"_links":{"self":[{"href":"https:\/\/radiozapatista.org\/index.php?rest_route=\/wp\/v2\/posts\/52138","targetHints":{"allow":["GET"]}}],"collection":[{"href":"https:\/\/radiozapatista.org\/index.php?rest_route=\/wp\/v2\/posts"}],"about":[{"href":"https:\/\/radiozapatista.org\/index.php?rest_route=\/wp\/v2\/types\/post"}],"author":[{"embeddable":true,"href":"https:\/\/radiozapatista.org\/index.php?rest_route=\/wp\/v2\/users\/1"}],"replies":[{"embeddable":true,"href":"https:\/\/radiozapatista.org\/index.php?rest_route=%2Fwp%2Fv2%2Fcomments&post=52138"}],"version-history":[{"count":2,"href":"https:\/\/radiozapatista.org\/index.php?rest_route=\/wp\/v2\/posts\/52138\/revisions"}],"predecessor-version":[{"id":52144,"href":"https:\/\/radiozapatista.org\/index.php?rest_route=\/wp\/v2\/posts\/52138\/revisions\/52144"}],"wp:featuredmedia":[{"embeddable":true,"href":"https:\/\/radiozapatista.org\/index.php?rest_route=\/wp\/v2\/media\/52141"}],"wp:attachment":[{"href":"https:\/\/radiozapatista.org\/index.php?rest_route=%2Fwp%2Fv2%2Fmedia&parent=52138"}],"wp:term":[{"taxonomy":"category","embeddable":true,"href":"https:\/\/radiozapatista.org\/index.php?rest_route=%2Fwp%2Fv2%2Fcategories&post=52138"},{"taxonomy":"post_tag","embeddable":true,"href":"https:\/\/radiozapatista.org\/index.php?rest_route=%2Fwp%2Fv2%2Ftags&post=52138"}],"curies":[{"name":"wp","href":"https:\/\/api.w.org\/{rel}","templated":true}]}}