{"id":52129,"date":"2025-09-01T21:16:38","date_gmt":"2025-09-02T03:16:38","guid":{"rendered":"https:\/\/radiozapatista.org\/?p=52129"},"modified":"2025-09-02T09:21:37","modified_gmt":"2025-09-02T15:21:37","slug":"comunicado-de-la-asamblea-nacional-por-el-agua-y-la-vida-en-exigencia-al-cese-del-asedio-y-criminalizacion-contra-quienes-defienden-el-agua-la-vida-y-el-territorio","status":"publish","type":"post","link":"https:\/\/radiozapatista.org\/?p=52129","title":{"rendered":"Comunicado de la Asamblea Nacional por el Agua y la Vida en exigencia al cese del asedio y criminalizaci\u00f3n contra quienes defienden el agua, la vida y el territorio"},"content":{"rendered":"\n<p class=\"has-text-align-right\">Oaxaca, Puebla, CDMX, Quer\u00e9taro, Tlaxcala son M\u00e9xico.<\/p>\n\n\n\n<p>Agradecemos la inmensa solidaridad de todas y todos las que se han sumado a las acciones de exigencia. Reiteramos que la justicia y las libertades solo podemos arrancarlas y sembrarlas desde abajo, desde la sociedad de buen coraz\u00f3n que es humana a\u00fan. Jam\u00e1s vendr\u00e1n de los asesinos y criminales que dicen gobernar este pa\u00eds, no vendr\u00e1 de arriba donde se maquila el exterminio, la muerte, la destrucci\u00f3n de la humanidad y el planeta.<\/p>\n\n\n\n<h4 class=\"wp-block-heading\">OAXACA (m\u00e1s 10 a\u00f1os de criminalizaci\u00f3n, persecuci\u00f3n y desplazamiento forzado en Eloxochitl\u00e1n Flores Mag\u00f3n).<\/h4>\n\n\n\n<p>La defensa del r\u00edo Xang\u00e1 Nd\u00e1 Ge y el ejercicio de la Autonom\u00eda han sido las razones para criminalizar por m\u00e1s de 10 a\u00f1os a la comunidad de Eloxochitl\u00e1n de Flores Mag\u00f3n. El cacicazgo liderado por la familia de Eliza Zepeda y Manuel Zepeda se enriquece con el despojo y destrucci\u00f3n del r\u00edo imponiendo la violencia y el compadrazgo pol\u00edtico para perseguir a quienes se les oponen. A pesar de la alianza de los tres niveles del gobierno con los caciques durante todo este tiempo, nuestras compa\u00f1eras Mazatecas sostienen una incansable lucha que no solamente ha logrado sacar a compa\u00f1eros de la c\u00e1rcel, sino que ha sentado precedentes jur\u00eddicos y organizativos con la dignidad, la fuerza y la raz\u00f3n como banderas.<\/p>\n\n\n\n<p>Persecuci\u00f3n pol\u00edtica, criminalizaci\u00f3n y desplazamiento forzado son la carta de presentaci\u00f3n de un Estado criminal que sostiene ecocidios, pero, a\u00fan con las leyes desiguales del Estado mexicano, las compa\u00f1eras mazatecas han demostrado incontables veces la inocencia de las y los compa\u00f1eros criminalizados. El reciente amparo judicial a favor de Francisco Dur\u00e1n Ortiz en el Juzgado Sexto de Distrito de Veracruz y el logro de la libertad absoluta de la maestra Olga Maribel son muestra de ello.<\/p>\n\n\n\n<p>Actualmente enfrentan la reactivaci\u00f3n de 200 \u00f3rdenes de aprehensi\u00f3n en contra de 56 personas, con argumentos absurdos lo que implica una batalla que nuestras compa\u00f1eras enfrentan y que presenta un momento importante el pr\u00f3ximo 2 de septiembre en Boca del R\u00edo Veracruz con el juicio de amparo para nuestra hermana Eusebia as\u00ed como para nuestras compa\u00f1eras y compa\u00f1eros m\u00e1s de cincuenta.<\/p>\n\n\n\n<h4 class=\"wp-block-heading\">PUEBLA (Criminalizaci\u00f3n y uso desmedido de la fuerza):<\/h4>\n\n\n\n<p>El mal gobierno hace negocio con el agua de los pueblos entreg\u00e1ndola a las empresas, fraccionamientos y negocios del capital.<\/p>\n\n\n\n<p>Las comunidades de Acuexcomac, Nealtican y Xoxtla ejercen actualmente su leg\u00edtimo derecho a la autonom\u00eda, autodeterminaci\u00f3n, defensa territorial y del agua ante la sequ\u00eda ocasionada por el despojo y tr\u00e1fico de agua con el que se han enriquecido los criminales en el poder.<\/p>\n\n\n\n<p>De manera tramposa y mentirosa el Estado mexicano presion\u00f3 con criminalizaci\u00f3n a los habitantes en el pasado para forzar a la firma de \u00abconvenios\u00bb con los pueblos de Nealtican y Acuexcomac para la entrega del agua a cambio de las libertades. Dichos convenios est\u00e1n vencidos y obsoletos por incumplimiento.<\/p>\n\n\n\n<p>Estos mecanismos de contrainsurgencia capitalista ejercidos desde el Estado mexicano y su sistema de in-justicia se intensifica considerablemente a la par que aumenta la contaminaci\u00f3n, escasez intencional y saqueo de agua de los pueblos originarios.<\/p>\n\n\n\n<p>En ese entendido la criminalizaci\u00f3n de los compa\u00f1eros Renato Romero y Pascual Berm\u00fadez es muestra de ello. El pr\u00f3ximo 1 de septiembre se llevar\u00e1 a cabo la audiencia en contra de nuestros compa\u00f1eros a quienes les criminalizan por manifestarse, por defender el agua, por ser campesinos y de pueblo originario.<\/p>\n\n\n\n<p>A Renato y Pascual les fabricaron el delito de ataques a las v\u00edas generales de comunicaci\u00f3n como lo han hecho las pasadas administraciones para encarcelar y reprimir luchas que estorban a sus planes de \u00abdesarrollo\u00bb.<\/p>\n\n\n\n<p>La detenci\u00f3n de 4 j\u00f3venes en Puebla el 30 de agosto y el operativo desproporcionado en el que participaron Polic\u00eda Municipal, de Tr\u00e1nsito, Grupo de Atenci\u00f3n al Visitante y de Proximidad y Polic\u00eda Estatal dan cuenta de una pol\u00edtica represiva y del uso desmedido de la fuerza. En casos como el de la detenci\u00f3n de \u00e9stas 4 j\u00f3venes se puede ver la triste tendencia de condenar m\u00e1s los actos de protesta que la desaparici\u00f3n tan terriblemente normalizada en nuestro pa\u00eds. El asesinato de Aida Karina entre San Luis Potos\u00ed y Zacatecas y el silencio en torno a un asesinato \u00abm\u00e1s\u00bb de una madre buscadora es un doloroso recordatorio de esa din\u00e1mica.<\/p>\n\n\n\n<h4 class=\"wp-block-heading\">CHIAPAS en San Juan Canc\u00fac (Detenci\u00f3n arbitraria en raz\u00f3n de comunidades ind\u00edgenas, defensoras del territorio):<\/h4>\n\n\n\n<p>&nbsp; &nbsp;Agust\u00edn P\u00e9rez Velasco, lleva 3 a\u00f1os y 3 meses encarcelado injustamente, junto a sus 4 compa\u00f1eros. Agust\u00edn hab\u00eda acudido a testificar en favor de ellos, para demostrar su inocencia, pero termin\u00f3 encarcelado frente al CERSS 5.<\/p>\n\n\n\n<p>Manuel S\u00e1ntiz Cruz, Juan Vel\u00e1sco Aguilar, Agust\u00edn P\u00e9rez Vel\u00e1sco, Mart\u00edn P\u00e9rez Dom\u00ednguez y Agust\u00edn P\u00e9rez Dom\u00ednguez permanecen privados de su libertad por el Estado mexicano, por defender su territorio frente a los megaproyectos de muerte y destrucci\u00f3n. Les fabricaron el delito de homicidio calificado para generar miedo, inhibici\u00f3n y desmovilizaci\u00f3n de las comunidades ind\u00edgenas tseltales que se organizan en contra de una presa hidroel\u00e9ctrica, la supercarretera y la militarizaci\u00f3n.<\/p>\n\n\n\n<p>El pr\u00f3ximo 3 de septiembre en rueda de prensa se alzar\u00e1 el llamado al Estado mexicano a cumplir con la Opini\u00f3n 21\/2025 del Grupo de Trabajo sobre la Detenci\u00f3n Arbitraria de la ONU, que reconoce la detenci\u00f3n arbitraria de los cinco de San Juan Canc\u00fac y estipula como remedio adecuado su liberaci\u00f3n inmediata.<\/p>\n\n\n\n<h4 class=\"wp-block-heading\">TLAXCALA (criminalizaci\u00f3n en raz\u00f3n de la defensa territorial, la deforestaci\u00f3n de los bosques y el cargo tradicional de autonom\u00eda y autodeterminaci\u00f3n):<\/h4>\n\n\n\n<p>Sa\u00fal Rosales ha estado 3 a\u00f1os injustamente recluido, es campesino, defensor comunitario del bosque en San Pedro Tlalcuapan, Tlaxcala. Sentenciado a 20 a\u00f1os por cr\u00edmenes que no cometi\u00f3.<\/p>\n\n\n\n<p>Su criminalizaci\u00f3n responde al acompa\u00f1amiento desde el cargo tradicional en su comunidad para la defensa territorial. En 2019 exig\u00edan al Estado mexicano la ejecuci\u00f3n de acciones para detener la devastaci\u00f3n del bosque de la Malinche. La respuesta del Estado fue la omisi\u00f3n de la protecci\u00f3n del bosque y la persecuci\u00f3n a sus defensores.<\/p>\n\n\n\n<p>Don Sa\u00fal fue criminalizado como parte de una estrategia para desarticular la defensa del territorio. Llama la atenci\u00f3n por la imposici\u00f3n del Ecoparque Malinche como otro proyecto ecocida m\u00e1s.<\/p>\n\n\n\n<h4 class=\"wp-block-heading\">CIUDAD MEXICO (Grupos paramilitares armados, detenci\u00f3n arbitraria, datos de tortura en raz\u00f3n de g\u00e9nero y defensa territorial en la alcald\u00eda Xochimilco):<\/h4>\n\n\n\n<p>El 5 DE SEPTIEMBRE de 2024 EN LA ALCALD\u00cdA XOCHIMILCO se ejecut\u00f3 un HALCONAZO con grupos paramilitares partidistas INSTRUMENTALIZADO por el Estado mexicano desde la ALCALD\u00cdA XOCHIMILCO Y EN EL MINISTERIO PUBLICO DE TLALPAN con ENCAPSULAMIENTO POLICIACO DE LA SSC Y EL GRUPO DE \u00abZORROS\u00bb, GRUPO POLICIAL ENTRENADO EN ISRAEL, USA Y COLOMBIA.<\/p>\n\n\n\n<p>C\u00f3mo resultado deriv\u00f3 en m\u00e1s de 20 detenido\/as y agredido\/as. Vario\/as de ello\/as actualmente criminalizados con procesos judiciales abiertos.<\/p>\n\n\n\n<h4 class=\"wp-block-heading\">QUER\u00c9TARO (Detenci\u00f3n arbitraria bajo tortura, agresi\u00f3n sexual,fabricaci\u00f3n de delitos en raz\u00f3n de g\u00e9nero contra una comunidad originaria, contra la defensa territorial y la ideolog\u00eda pol\u00edtica no partidista zapatista):<\/h4>\n\n\n\n<p>El 4 de junio de 2025 la POES (Polic\u00eda Estatal de Quer\u00e9taro) y polic\u00edas municipales de Amealco y otras regiones de Quer\u00e9taro realizaron una redada ilegal que result\u00f3 en la detenci\u00f3n de 7 personas (quienes no eran menores de edad) fueron llevadas al DIF municipal de Amealco Quer\u00e9taro en d\u00f3nde todo indica, ser un lugar donde se realizan dict\u00e1menes m\u00e9dicos para legitimar la fabricaci\u00f3n de pruebas para vincular a procesos a la sociedad civil com\u00fan, es decir a la clase trabajadora y presionarles a obedecer y a pagar altos costos por supuestas multas, que rondan alrededor de $15,000 pesos. El Estado mexicano en Quer\u00e9taro es referente nacional en cr\u00edmenes de estado y un lenguaje de odio, racismo y CLASISMO en contra de las comunidades originarias sobre todo mujeres, por reprimir, torturar defensoras del agua, ejecutar a civiles por supuestas faltas administrativas, etc.<\/p>\n\n\n\n<p>Este 4 de junio fue torturada y detenida injustamente y arbitrariamente nuestra compa\u00f1era Estela Hern\u00e1ndez Jim\u00e9nez quien se encontraba documentando el debido proceso de las redadas racistas e ilegales ocurridas en Santiago Mexquititl\u00e1n, Amealco Quer\u00e9taro, recibi\u00f3 tratos crueles e inhumanos con fuerza desmedida por agentes del Estado mexicano en su mayor\u00eda polic\u00edas hombres.<\/p>\n\n\n\n<p>Es alarmante que el narco estado capitalista presuma e intimide a los detenidos con posturas intimidantes haciendo referencia a actos propios del crimen organizado como es la afirmaci\u00f3n \u00abhubiera sido m\u00e1s f\u00e1cil sembrarles droga\u00bb.<\/p>\n\n\n\n<p>Lo mismo ocurri\u00f3 el 10 de junio de 2022 a los detenidos quienes refirieron est\u00e1s mismas estrategias de mostrarles droga y mencionar Ayotzinapa como un trofeo criminal de Estado al reafirmar \u00abAyotzinapa les va a quedar corto\u00bb.<\/p>\n\n\n\n<h4 class=\"wp-block-heading\">EXIGIMOS:<\/h4>\n\n\n\n<p>-Verdad, justicia, reparaci\u00f3n integral de da\u00f1os y medidas de no repetici\u00f3n para mujeres y hombres defensorxs comunitarios de Eloxochitl\u00e1n de Flores Mag\u00f3n; libertad para lxs 14 mazatecxs que no han vuelto a casa desde hace una d\u00e9cada, y para lxs 56 criminalizadxs m\u00e1s 200 \u00f3rdenes de aprehensi\u00f3n injustas e ilegales de este sistema de injusticia mexicana.<\/p>\n\n\n\n<p>-Libertad absoluta para Renato Romero y Pascua Berm\u00fadez y alto a la criminalizaci\u00f3n de la defensa del agua en la regi\u00f3n cholulteca.<\/p>\n\n\n\n<p>-Exigimos al Estado mexicano la libertad inmediata e incondicional de los cinco tzetzales detenidos arbitrariamente de San Juan Canc\u00fac Chiapas.<\/p>\n\n\n\n<p>-La libertad inmediata e incondicional de Sa\u00fal Rosales defensor del bosque, de su pueblo y de la monta\u00f1a Matlalcu\u00e9yetl.<\/p>\n\n\n\n<p>-Que se garantice la seguridad del periodismo en Puebla y todo M\u00e9xico, repudiamos las amenazas ejercidas desde el Estado mexicano contra periodistas.<\/p>\n\n\n\n<p>-La libertad incondicional desde el cierre de procesos abiertos a defensores del territorio y el agua ocurrido en Xochimilco en el halconazo morenista a miembros de la comunidad otom\u00ed y de la Asamblea Nacional por el agua y la vida.<\/p>\n\n\n\n<p>-Verdad, justicia, reparaci\u00f3n integral de da\u00f1os y medidas de no repetici\u00f3n para Estela Hern\u00e1ndez Jim\u00e9nez mujer \u00f1h\u00f6\u00f1h\u00f6 de Santiago Mexquititl\u00e1n, Amealco Quer\u00e9taro.<\/p>\n\n\n\n<h4 class=\"wp-block-heading\">INVITAMOS y CONVOCAMOS:<\/h4>\n\n\n\n<p>-Al acompa\u00f1amiento f\u00edsico y a distancia desde sus formas, tiempos y territorios, para accionar en nuestros espacios desde el ejercicio leg\u00edtimo de la protesta organizada con exigencias contundentes descritas en este comunicado, que pueden ser alertas en p\u00e1ginas oficiales y plataformas de pueblos, colectivos y organismos de derechos humanos, cartas a la autoridad, pronunciamientos, eventos de arte rebelde, videos, concentraciones en instituciones de injusticia, marchas, y todo lo que su digna rabia les indique hasta arrancar la justicia negada.<\/p>\n\n\n\n<p>-Hacemos una atenta invitaci\u00f3n para la audiencia del 2 de septiembre en Boca del R\u00edo, Veracruz para exigir justicia para los mazatecxs criminalizados y perseguidos de Eloxochitl\u00e1n Flores Mag\u00f3n Oaxaca.<\/p>\n\n\n\n<p>-Convocamos el Acompa\u00f1amiento a Renato Romero y Pascual Berm\u00fadez, defensores del agua en Xoxtla criminalizados por el mal gobierno servil de la empresa criminal Concesiones Integrales \/ Agua de Puebla para Todos. Este pr\u00f3ximo lunes 1 de septiembre de 2025 en el Centro de justicia penal federal (Av. libertad 6966, junto al penal de San Miguel Puebla).<\/p>\n\n\n\n<p>-Continuar las acciones en exigencia de la libertad e incondicional e inmediata y el cierre de los procesos abiertos contra defensores del territorio y el agua ocurridos en Xochimilco en el halconazo morenista.<\/p>\n\n\n\n<p>-Difundir la <strong>ru<\/strong>\ud835\udc1e\ud835\udc1d\ud835\udc1a \ud835\udc1d\ud835\udc1e \ud835\udc29\ud835\udc2b\ud835\udc1e\ud835\udc27\ud835\udc2c\ud835\udc1a \ud835\udc29\ud835\udc28\ud835\udc2b \ud835\udc25\ud835\udc1a \ud835\udc25\ud835\udc22\ud835\udc1b\ud835\udc1e\ud835\udc2b\ud835\udc2d\ud835\udc1a\ud835\udc1d \ud835\udc1d\ud835\udc1e \ud835\udc25\ud835\udc28\ud835\udc2c \ud835\udc1c\ud835\udc22\ud835\udc27\ud835\udc1c\ud835\udc28 compa\u00f1eros \ud835\udc1d\ud835\udc1e \ud835\udc12\ud835\udc1a\ud835\udc27 \ud835\udc09\ud835\udc2e\ud835\udc1a\ud835\udc27 Canc\u00fac que se realizar\u00e1 el 3 de septiembre de 2025 a las 10:00 a.m. en d\u00f3nde participar el Centro de Derechos Humanos Fray Bartolom\u00e9 de Las Casas.<\/p>\n\n\n\n<p>-Acompa\u00f1ar de manera permanente el ejercicio digno de b\u00fasqueda de las familias buscadoras en todo el territorio mexicano.<\/p>\n\n\n\n<p>-Asistir, acompa\u00f1arnos y tejernos en dignidad desde las acciones convocadas por la Asamblea Nacional por el agua y la vida adem\u00e1s de las convocatorias realizadas por el Congreso Nacional Ind\u00edgena.<\/p>\n\n\n\n<p>Convocamos a la Sexta Asamblea Nacional por el Agua y la Vida que se llevar\u00e1 a cabo el 18 y 19 de Octubre el Loma de B\u00e1cum, Sonora.<\/p>\n\n\n\n<p>Convocamos tambi\u00e9n su solidaridad en la rifa que estamos realizando los pueblos que integramos la Asamblea Nacional por el agua y la vida rumbo a la Sexta Asamblea Nacional por el agua la vida y el territorio.<\/p>\n\n\n\n<!--more-->\n\n\n\n<h4 class=\"wp-block-heading\">Fuentes de informaci\u00f3n.<\/h4>\n\n\n\n<p>Mazatecas por la libertad para los 14 m\u00e1s 56 mazatecxs perseguidos, criminalizado y desplazados de manera forzada.<\/p>\n\n\n\n<p><a href=\"https:\/\/www.facebook.com\/share\/17H26v9uR8\">https:\/\/www.facebook.com\/share\/17H26v9uR8<\/a><\/p>\n\n\n\n<p>-Pascual Berm\u00fadez, activista por el agua, enfrenta cargos federales<\/p>\n\n\n\n<p><a href=\"https:\/\/www.e-consulta.com\/nota\/2025-07-10\/seguridad\/pascual-bermudez-activista-por-el-agua-enfrenta-cargos-federales\">https:\/\/www.e-consulta.com\/nota\/2025-07-10\/seguridad\/pascual-bermudez-activista-por-el-agua-enfrenta-cargos-federales<\/a><\/p>\n\n\n\n<p>-Frayba caso de 5 tzetzales detenidos de San Juan Canc\u00fac Chiapas<\/p>\n\n\n\n<p><a href=\"https:\/\/www.facebook.com\/share\/17GmDvNgdP\">https:\/\/www.facebook.com\/share\/17GmDvNgdP<\/a><\/p>\n\n\n\n<p>-NODHO DH informaci\u00f3n respecto a las j\u00f3venes mujeres detenidas en el marco de la protesta en contra de la desaparici\u00f3n forzada.<\/p>\n\n\n\n<p><a href=\"https:\/\/www.facebook.com\/share\/p\/19iDQK6kbv\">https:\/\/www.facebook.com\/share\/p\/19iDQK6kbv<\/a><\/p>\n\n\n\n<p>-Concejo Ind\u00edgena de Gobierno Santiago Mexquititl\u00e1n en relaci\u00f3n a los hechos ocurridos el 4 de junio de 2025 de tortura y detenci\u00f3n arbitraria a Estela Hern\u00e1ndez.<\/p>\n\n\n\n<p><a href=\"https:\/\/www.facebook.com\/share\/p\/19qgoP7reQ\">https:\/\/www.facebook.com\/share\/p\/19qgoP7reQ<\/a><\/p>\n\n\n\n<p>-CentroProdh en relaci\u00f3n a la detenci\u00f3n arbitraria de Sa\u00fal Rosales.<\/p>\n\n\n\n<p><a href=\"https:\/\/www.facebook.com\/share\/1EnQgpReHA\">https:\/\/www.facebook.com\/share\/1EnQgpReHA<\/a><\/p>\n\n\n\n<p class=\"has-text-align-center\">ATENTAMENTE<\/p>\n\n\n\n<p class=\"has-text-align-center\">El Agua y el Territorio es del Pueblo y no del Estado<br>ASAMBLEA NACIONAL POR EL AGUA Y LA VIDA<\/p>\n\n\n\n<h4 class=\"wp-block-heading\">Suscriben:<\/h4>\n\n\n\n<p>-\u00abLa Flor Peri Odico \u00ab\u00bbIn x\u00f3chitl in cu\u00edcatl\u00bb\u00bb\u00bb<\/p>\n\n\n\n<p>-\u00abEl Tekpatl \u00ab\u00bbperi\u00f3dico cr\u00edtico y de combate\u00bb\u00bb\u00bb<\/p>\n\n\n\n<p>-Pueblos Unidos de la Regi\u00f3n Cholulteca y de los Volcanes<\/p>\n\n\n\n<p>-Nodo de Derechos Humanos<\/p>\n\n\n\n<p>-Alejandra Jim\u00e9nez Gonz\u00e1lez<\/p>\n\n\n\n<p>-Empalabrando, colectivo de la palabra viva<\/p>\n\n\n\n<p>-Concejo Ind\u00edgena de Gobierno de Santiago Mexquititl\u00e1n, Amealco, Quer\u00e9taro<\/p>\n\n\n\n<p>-Geo-graf\u00edas Comunitarias<\/p>\n\n\n\n<p>-Emilia Torres<\/p>\n\n\n\n<p>-David Jim\u00e9nez<\/p>\n\n\n\n<p>-Miriam Barranco D\u00edaz<\/p>\n\n\n\n<p>-Colectivo de apoyo al CNI- CIG, EZLN, Llego la hira de los pueblos.<\/p>\n\n\n\n<p>-Ra\u00edces en Resistencia CdMx<\/p>\n\n\n\n<p>-Red Morelense de Apoyo al -CNI-CIG\/Colectividad Nuestra Alegre Rebeld\u00eda<\/p>\n\n\n\n<p>-H\u00e9ctor Tom\u00e1s Zetina Vega<\/p>\n\n\n\n<p>-Centro de Derechos Humanos Fray Bartolom\u00e9 de Las Casas<\/p>\n\n\n\n<p>-Brigada callejera de apoyo a la mujer, E.M AC<\/p>\n\n\n\n<p>-Mujeres y la Sexta \u2013 Abya Yala<\/p>\n\n\n\n<p>-Resistencias Enlazando Dignidad-Movimiento y Coraz\u00f3n Zapatista<\/p>\n\n\n\n<p>-Uni\u00f3n Popular Apizaquense Democr\u00e1tica e Independiente<\/p>\n\n\n\n<p>-Hijxs del Ma\u00edz Pinto<\/p>\n\n\n\n<p>-Casa Obrera Tlaxcala<\/p>\n\n\n\n<p>-Grupo Tlali Nantli<\/p>\n\n\n\n<p>-Organizaci\u00f3n Campesina de la Sierra del Sur Coyuca de Ben\u00edtez \u2013 Tepetixtla<\/p>\n\n\n\n<p>-Red de Apoyo Iztapalapa Sexta (RAIS)<\/p>\n\n\n\n<p>-Colectivo de profes en la Sexta<\/p>\n\n\n\n<p>-Comunidad de Tlanezi Calli en Resistencia<\/p>\n\n\n\n<p>-Comunidad de Xochitlanezi<\/p>\n\n\n\n<p>-Colectivo Gavilanes<\/p>\n\n\n\n<p>-Colectivo de trabajo Los Cafetos<\/p>\n\n\n\n<p>-Colectivo Cuaderno Com\u00fan<\/p>\n\n\n\n<p>-Asociaci\u00f3n de Exploraci\u00f3n cient\u00edfica y recreativa Br\u00fajula Roja<\/p>\n\n\n\n<p>-Colectivo La otra justicia<\/p>\n\n\n\n<p>-Colectivo panader La grieta<\/p>\n\n\n\n<p>-Colectivo Luci\u00e9rnagas que siembran<\/p>\n\n\n\n<p>-Valentina Leduc Navarro<\/p>\n\n\n\n<p>-Milpa Constelaci\u00f3n<\/p>\n\n\n\n<p>-tumbalacasa ediciones<\/p>\n\n\n\n<p>-Mazatecas por la Libertad<\/p>\n\n\n\n<p>-Diana Itzu luna<\/p>\n\n\n\n<p>-Espacio de Lucha vs el olvido y la represi\u00f3n, Chiapas<\/p>\n\n\n\n<p>-Grupo de Trabajo No Estamos Todxs<\/p>\n\n\n\n<p>-Red de Resistencias y Rebeldias AJMAQ (Chiapas)<\/p>\n\n\n\n<p>-Sexta por la Libre Yucat\u00e1n<\/p>\n\n\n\n<p>-M\u00ednima Galer\u00eda \u00cdntima (Narraturgias de la Memoria)<\/p>\n\n\n\n<p>-Comunidad Ind\u00edgena OTOM\u00cd residente en la CDMX<\/p>\n\n\n\n<p>-Caf\u00e9 \u201cZapata Vive\u201d<\/p>\n\n\n\n<p>-Coordinaci\u00f3n Metropolitana Anticapitalista y Antipatriarcal con el CIG<\/p>\n\n\n\n<p>-UPREZ Benito Ju\u00e1rez<\/p>\n\n\n\n<p>-Colectivo la Seiba<\/p>\n\n\n\n<p>\u2013 Construyendo El Com\u00fan<\/p>\n\n\n\n<p>-Frente de Resistencia contra la Represi\u00f3n<\/p>\n\n\n\n<p>-Ma.Teresa Jard\u00ed Alonso (Abogada\/Defensora de Derechos Humanos)<\/p>\n\n\n\n<p>-Raj Elnecio (Artivista)<\/p>\n\n\n\n<p>-Resonancias Radio<\/p>\n\n\n\n<p>-Sexta por la libre Yucat\u00e1n<\/p>\n\n\n\n<p>-Comunidad Ind\u00edgena Nahua Milpa Alta CNI<\/p>\n\n\n\n<p>-Consejo de Bienes Comunales Ind\u00edgena Nahua Tlacotenco<\/p>\n\n\n\n<p>-Guardia Comunal Tlacotenco<\/p>\n\n\n\n<p>-Guardia Comunal Tona<\/p>\n\n\n\n<p>-Escuela Comunal Casa del Arte Tlaixco<\/p>\n\n\n\n<p>-ILANCUEITL danza de las Tlacualeras<\/p>\n\n\n\n<p>-Ver\u00f3nica Mar\u00edn Martinez<\/p>\n\n\n\n<p>-Asamblea General Permanente del Pueblo de San Gregorio Atlapulco<\/p>\n\n\n\n<p>-Fanzinoteka guerra idealista<\/p>\n\n\n\n<p>-Enrique D\u00e1valos, Ciudad de M\u00e9xico<\/p>\n\n\n\n<p>-Rosa Maria Barajas CdMx<\/p>\n\n\n\n<p>-J\u00e9ssica Trejo, productora de Radio UNAM<\/p>\n\n\n\n<p>-Partido de los Comunistas<\/p>\n\n\n\n<p>-Comida,no bombas Quer\u00e9taro<\/p>\n\n\n\n<p>-Universidad de la Tierra en Puebla<\/p>\n\n\n\n<p>-Ana Karen Gonz\u00e1lez Calleja<\/p>\n\n\n\n<p>-Ana Mar\u00eda Vera Smith<\/p>\n\n\n\n<p>-Mexicali Resiste<\/p>\n\n\n\n<p>-Le\u00f3n Fierro Resendiz<\/p>\n\n\n\n<p>-Red Universitaria Anticapitalista<\/p>\n\n\n\n<p>-Magda Yazm\u00edn Cano Hern\u00e1ndez<\/p>\n\n\n\n<p>-Radio Zacatepec<\/p>\n\n\n\n<p>-Frente de pueblos en defensa del agua y la tierra de Morelos, Puebla y Tlaxcala<\/p>\n\n\n\n<p>#LibertadParaEloxochitl\u00e1n<\/p>\n\n\n\n<p>#NosFaltan14<\/p>\n\n\n\n<p>#AltoAlAsedioaEloxochitlan<\/p>\n\n\n\n<p>#Cancelaci\u00f3nALas200\u00d3rdenesDeAprehensi\u00f3n<\/p>\n\n\n\n<p>#FueraconaguaDeLosPueblos<\/p>\n\n\n\n<p>#FUERACONSECIONESINTEGRALES.<\/p>\n\n\n\n<p>#F\u00e1bricaDeCulpables<\/p>\n\n\n\n<p>#LibertadParaLos5<\/p>\n\n\n\n<p>#SanJuanCanc\u00fac<\/p>\n\n\n\n<p>#ElAguaEsDelPuebloYNoDelMalGobierno<\/p>\n\n\n\n<p>#JusticiaParaEstela<\/p>\n\n\n\n<p>#JusticiaParaSa\u00fal<\/p>\n","protected":false},"excerpt":{"rendered":"<p>Oaxaca, Puebla, CDMX, Quer\u00e9taro, Tlaxcala son M\u00e9xico. Agradecemos la inmensa solidaridad de todas y todos las que se han sumado a las acciones de exigencia. Reiteramos que la justicia y las libertades solo podemos arrancarlas y sembrarlas desde abajo, desde la sociedad de buen coraz\u00f3n que es humana a\u00fan. Jam\u00e1s vendr\u00e1n de los asesinos y [&hellip;]<\/p>\n","protected":false},"author":21,"featured_media":52130,"comment_status":"open","ping_status":"closed","sticky":false,"template":"","format":"standard","meta":{"footnotes":""},"categories":[957,51,826,958,954,962,935],"tags":[58,53,567,147,23,545,87,148,27,483],"class_list":["post-52129","post","type-post","status-publish","format-standard","has-post-thumbnail","hentry","category-autonomia","category-autor","category-medios-libres-2","category-megaproyectos","category-mexico","category-presos","category-temas","tag-derechos-humanos","tag-justicia","tag-megaproyectos","tag-militarizacion","tag-paramilitares","tag-pueblos-indigenas","tag-represion","tag-resistencia","tag-solidaridad","tag-tierra-y-territorio"],"_links":{"self":[{"href":"https:\/\/radiozapatista.org\/index.php?rest_route=\/wp\/v2\/posts\/52129","targetHints":{"allow":["GET"]}}],"collection":[{"href":"https:\/\/radiozapatista.org\/index.php?rest_route=\/wp\/v2\/posts"}],"about":[{"href":"https:\/\/radiozapatista.org\/index.php?rest_route=\/wp\/v2\/types\/post"}],"author":[{"embeddable":true,"href":"https:\/\/radiozapatista.org\/index.php?rest_route=\/wp\/v2\/users\/21"}],"replies":[{"embeddable":true,"href":"https:\/\/radiozapatista.org\/index.php?rest_route=%2Fwp%2Fv2%2Fcomments&post=52129"}],"version-history":[{"count":2,"href":"https:\/\/radiozapatista.org\/index.php?rest_route=\/wp\/v2\/posts\/52129\/revisions"}],"predecessor-version":[{"id":52133,"href":"https:\/\/radiozapatista.org\/index.php?rest_route=\/wp\/v2\/posts\/52129\/revisions\/52133"}],"wp:featuredmedia":[{"embeddable":true,"href":"https:\/\/radiozapatista.org\/index.php?rest_route=\/wp\/v2\/media\/52130"}],"wp:attachment":[{"href":"https:\/\/radiozapatista.org\/index.php?rest_route=%2Fwp%2Fv2%2Fmedia&parent=52129"}],"wp:term":[{"taxonomy":"category","embeddable":true,"href":"https:\/\/radiozapatista.org\/index.php?rest_route=%2Fwp%2Fv2%2Fcategories&post=52129"},{"taxonomy":"post_tag","embeddable":true,"href":"https:\/\/radiozapatista.org\/index.php?rest_route=%2Fwp%2Fv2%2Ftags&post=52129"}],"curies":[{"name":"wp","href":"https:\/\/api.w.org\/{rel}","templated":true}]}}