{"id":52126,"date":"2025-09-01T16:17:04","date_gmt":"2025-09-01T22:17:04","guid":{"rendered":"https:\/\/radiozapatista.org\/?p=52126"},"modified":"2025-09-01T16:17:06","modified_gmt":"2025-09-01T22:17:06","slug":"puebla-exigir-justicia-costo-represion","status":"publish","type":"post","link":"https:\/\/radiozapatista.org\/?p=52126","title":{"rendered":"Puebla: Exigir justicia cost\u00f3 represi\u00f3n"},"content":{"rendered":"\n<p>Fuente: <a href=\"https:\/\/fmcholollan.org.mx\/2025\/09\/exigir-justicia-costo-represion\/\">Cholollan Radio<\/a><\/p>\n\n\n\n<p>Por <a href=\"https:\/\/fmcholollan.org.mx\/author\/d-moctuzuma-mcquade\/\">D Moctezuma McQuade<\/a>\u00a0and\u00a0<a>Daniela Guti\u00e9rrez<\/a><\/p>\n\n\n\n<figure class=\"wp-block-image\"><img decoding=\"async\" src=\"https:\/\/fmcholollan.org.mx\/wp-content\/uploads\/2025\/09\/WhatsApp-Image-2025-09-01-at-12.30.48-PM.jpeg\" alt=\"\" class=\"wp-image-7530\"\/><\/figure>\n\n\n\n<p><em>El 30 de agosto de 2025, colectivos feministas y familiares de personas desaparecidas se reunieron en Puebla para exigir justicia durante el D\u00eda Internacional de las V\u00edctimas de Desaparici\u00f3n Forzada. Esta manifestaci\u00f3n se desarroll\u00f3 en un contexto de emergencia humanitaria: seg\u00fan datos de la Comisi\u00f3n de B\u00fasqueda estatal, m\u00e1s de 4,500 personas han desaparecido en Puebla desde 2018, de las cuales el 60% son mujeres, ni\u00f1as y adolescentes. Entre los casos emblem\u00e1ticos se encuentra el de Karla Alejandra Tela Flores, cuya familia lleva m\u00e1s de un a\u00f1o enfrent\u00e1ndose a la negligencia institucional en su b\u00fasqueda de justicia.<\/em><\/p>\n\n\n\n<p><em>Durante la movilizaci\u00f3n pac\u00edfica, elementos de la Polic\u00eda Municipal detuvieron a cuatro integrantes del colectivo \u00abMorras Sororas\u00bb bajo la acusaci\u00f3n de \u00abda\u00f1os a propiedad p\u00fablica\u00bb en referencia a una fuente del Z\u00f3calo. Testimonios y videos documentaron el uso excesivo de la fuerza, agresiones f\u00edsicas y verbales, y traslado violento a las instalaciones ministeriales, seg\u00fan reportaron Infobae M\u00e9xico y la Red Nacional de Defensoras de Derechos Humanos. Tras estas detenciones, la Secretar\u00eda de las Mujeres emiti\u00f3 un comunicado pidiendo actuar con perspectiva de g\u00e9nero durante el proceso judicial.<\/em><\/p>\n\n\n\n<p><em>La detenci\u00f3n de las activistas viol\u00f3 m\u00faltiples derechos humanos y protocolos internacionales, se vulnera el derecho a la protesta pac\u00edfica, reconocido en el Art\u00edculo 9 de la Constituci\u00f3n Mexicana y en el Pacto Internacional de Derechos Civiles y Pol\u00edticos. Tambi\u00e9n se infringi\u00f3 el derecho a la libertad personal y a no ser detenido de manera arbitraria, establecido en los Art\u00edculos 14 y 16 Constitucionales y en la Convenci\u00f3n Americana de Derechos Humanos. Adem\u00e1s, se ignor\u00f3 el principio de debida diligencia con perspectiva de g\u00e9nero, contemplado en la Ley General de Acceso de las Mujeres a una Vida Libre de Violencia.<\/em><\/p>\n\n\n\n<p><em>La Ley General en Materia de Desaparici\u00f3n Forzada, en sus Art\u00edculos 17, 21 y 40, obliga al Estado a priorizar la b\u00fasqueda de personas y garantizar la participaci\u00f3n de la sociedad. Sin embargo, en lugar de cumplir con estas disposiciones, las autoridades destinaron recursos p\u00fablicos a reprimir a quienes exigen su cumplimiento. La Secretar\u00eda de las Mujeres manifest\u00f3 preocupaci\u00f3n por la detenci\u00f3n e invit\u00f3 a garantizar los derechos humanos de las detenidas, aunque esta postura no se tradujo en acciones concretas para frenar la criminalizaci\u00f3n de las defensoras.<\/em><\/p>\n\n\n\n<figure class=\"wp-block-image\"><img decoding=\"async\" src=\"https:\/\/fmcholollan.org.mx\/wp-content\/uploads\/2025\/09\/WhatsApp-Image-2025-09-01-at-12.30.49-PM-1024x554.jpeg\" alt=\"\" class=\"wp-image-7529\"\/><\/figure>\n\n\n\n<p><em>La respuesta ciudadana fue inmediata y contundente. Colectivos, organizaciones nacionales e internacionales y la sociedad civil emitieron alertas urgentes y exigieron la liberaci\u00f3n de las detenidas bajo consignas como <\/em><strong><em>#LibertadALasMorrasSororas<\/em><\/strong><em> y <\/em><strong><em>#PueblaSinRepresi\u00f3n<\/em><\/strong><em>. Durante las detenciones, se documentaron agresiones espec\u00edficas por razones de g\u00e9nero, incluyendo insultos mis\u00f3ginos y tocamientos indebidos, lo que evidenci\u00f3 un trato discriminatorio y violento por parte de las autoridades.<\/em><\/p>\n\n\n\n<p><em>Frente a estos hechos, el gobierno estatal, a trav\u00e9s de la Secretar\u00eda de Gobernaci\u00f3n, insisti\u00f3 en que la detenci\u00f3n fue \u00abapegada a la ley\u00bb. El Gobierno del Estado se declar\u00f3 respetuoso ante las diferentes formas de manifestaci\u00f3n, pero reprob\u00f3 los hechos de violencia y vandalismo, minimizando as\u00ed las violaciones documentadas e ignorando las demandas de transparencia, esta postura refleja un patr\u00f3n de impunidad y revictimizaci\u00f3n que alimenta la desconfianza en las instituciones.<\/em><em>La criminalizaci\u00f3n de las<\/em><strong><em> \u00abMorras Sororas\u00bb <\/em><\/strong><em>debilita la respuesta ante la violencia feminicida y las desapariciones en Puebla. Al reprimir a quienes exigen justicia, el Estado env\u00eda un mensaje claro: la disidencia ser\u00e1 castigada, no la violencia. Esto agrava la crisis de seguridad para mujeres, adolescentes y ni\u00f1as, quienes ya viv\u00edan en un contexto de alto riesgo.<\/em><\/p>\n\n\n\n<p><em>Ante este escenario, la solidaridad ciudadana y la presi\u00f3n internacional son cruciales para romper el ciclo de represi\u00f3n. Colectivos nacionales e internacionales han exigido la liberaci\u00f3n inmediata y el retiro de cargos contra las detenidas, as\u00ed como una investigaci\u00f3n exhaustiva de las agresiones policiales con perspectiva de g\u00e9nero y garant\u00edas de no repetici\u00f3n para todas las personas defensoras de derechos humanos.<\/em><\/p>\n\n\n\n<p><em>Finalmente, las cuatro activistas fueron puestas en libertad al mediod\u00eda del domingo, despu\u00e9s de que el caso fue turnado a la Fiscal\u00eda General de la Rep\u00fablica. La verdadera paz no se construye con represi\u00f3n, sino con justicia, memoria y la garant\u00eda de que nadie m\u00e1s desaparecer\u00e1. La lucha de las \u00abMorras Sororas\u00bb es la lucha de todas las personas que exigen un M\u00e9xico donde vivir no sea un riesgo.<\/em><\/p>\n\n\n\n<figure class=\"wp-block-image\"><img decoding=\"async\" src=\"https:\/\/fmcholollan.org.mx\/wp-content\/uploads\/2025\/09\/WhatsApp-Image-2025-09-01-at-12.30.49-PM1-1024x744.jpeg\" alt=\"\" class=\"wp-image-7528\"\/><\/figure>\n\n\n\n<p><strong><em>Fuentes de informaci\u00f3n:<\/em><\/strong><\/p>\n\n\n\n<p><em>Angulo7. (2025, agosto 31). Por la detenci\u00f3n de 4, Secretar\u00eda de Mujeres pide actuar con perspectiva de g\u00e9nero.<\/em><\/p>\n\n\n\n<p><em>Infobae M\u00e9xico. (2025, agosto 31). Detienen al menos a tres manifestantes en Puebla durante marcha en contra de las desapariciones forzadas.<\/em><\/p>\n\n\n\n<p><em>OEM. (2025, agosto 31). Detenci\u00f3n de integrantes del colectivo Morras Sororas fue apegada a la ley: Chedraui. El Sol de Puebla.<\/em><\/p>\n\n\n\n<p><em>Red Nacional de Defensoras de Derechos Humanos en M\u00e9xico. (2026, agosto 30). Alerta urgente: Agresiones y detenci\u00f3n en Puebla de cuatro feministas.<\/em><\/p>\n","protected":false},"excerpt":{"rendered":"<p>Fuente: Cholollan Radio Por D Moctezuma McQuade\u00a0and\u00a0Daniela Guti\u00e9rrez El 30 de agosto de 2025, colectivos feministas y familiares de personas desaparecidas se reunieron en Puebla para exigir justicia durante el D\u00eda Internacional de las V\u00edctimas de Desaparici\u00f3n Forzada. Esta manifestaci\u00f3n se desarroll\u00f3 en un contexto de emergencia humanitaria: seg\u00fan datos de la Comisi\u00f3n de B\u00fasqueda [&hellip;]<\/p>\n","protected":false},"author":21,"featured_media":52127,"comment_status":"open","ping_status":"closed","sticky":false,"template":"","format":"standard","meta":{"footnotes":""},"categories":[957,51,826,958,954,961,962,935],"tags":[58,53,567,23,247,545,87,148,27,483],"class_list":["post-52126","post","type-post","status-publish","format-standard","has-post-thumbnail","hentry","category-autonomia","category-autor","category-medios-libres-2","category-megaproyectos","category-mexico","category-mujeres","category-presos","category-temas","tag-derechos-humanos","tag-justicia","tag-megaproyectos","tag-paramilitares","tag-puebla","tag-pueblos-indigenas","tag-represion","tag-resistencia","tag-solidaridad","tag-tierra-y-territorio"],"_links":{"self":[{"href":"https:\/\/radiozapatista.org\/index.php?rest_route=\/wp\/v2\/posts\/52126","targetHints":{"allow":["GET"]}}],"collection":[{"href":"https:\/\/radiozapatista.org\/index.php?rest_route=\/wp\/v2\/posts"}],"about":[{"href":"https:\/\/radiozapatista.org\/index.php?rest_route=\/wp\/v2\/types\/post"}],"author":[{"embeddable":true,"href":"https:\/\/radiozapatista.org\/index.php?rest_route=\/wp\/v2\/users\/21"}],"replies":[{"embeddable":true,"href":"https:\/\/radiozapatista.org\/index.php?rest_route=%2Fwp%2Fv2%2Fcomments&post=52126"}],"version-history":[{"count":1,"href":"https:\/\/radiozapatista.org\/index.php?rest_route=\/wp\/v2\/posts\/52126\/revisions"}],"predecessor-version":[{"id":52128,"href":"https:\/\/radiozapatista.org\/index.php?rest_route=\/wp\/v2\/posts\/52126\/revisions\/52128"}],"wp:featuredmedia":[{"embeddable":true,"href":"https:\/\/radiozapatista.org\/index.php?rest_route=\/wp\/v2\/media\/52127"}],"wp:attachment":[{"href":"https:\/\/radiozapatista.org\/index.php?rest_route=%2Fwp%2Fv2%2Fmedia&parent=52126"}],"wp:term":[{"taxonomy":"category","embeddable":true,"href":"https:\/\/radiozapatista.org\/index.php?rest_route=%2Fwp%2Fv2%2Fcategories&post=52126"},{"taxonomy":"post_tag","embeddable":true,"href":"https:\/\/radiozapatista.org\/index.php?rest_route=%2Fwp%2Fv2%2Ftags&post=52126"}],"curies":[{"name":"wp","href":"https:\/\/api.w.org\/{rel}","templated":true}]}}