{"id":52096,"date":"2025-08-31T22:35:59","date_gmt":"2025-09-01T04:35:59","guid":{"rendered":"https:\/\/radiozapatista.org\/?p=52096"},"modified":"2025-09-01T10:21:39","modified_gmt":"2025-09-01T16:21:39","slug":"ante-el-genocidio-que-hace-mexico","status":"publish","type":"post","link":"https:\/\/radiozapatista.org\/?p=52096","title":{"rendered":"Ante el genocidio, \u00bfqu\u00e9 hace M\u00e9xico?"},"content":{"rendered":"\n<p>De acuerdo con el \u00faltimo reporte de Naciones Unidas (<a href=\"https:\/\/news.un.org\/es\/story\/2025\/08\/1540315\">Noticias ONU<\/a>, 10\/8\/2025), &#8220;<em>Desde octubre de 2023, m\u00e1s de 61.000 personas han muerto, entre ellas 18.000 ni\u00f1os, y 151.000 han resultado heridas. La ONU tambi\u00e9n ha documentado la muerte de m\u00e1s de 500 trabajadores humanitarios&#8221;.<\/em><\/p>\n\n\n\n<p>Este 31 de agosto, m\u00e1s de 20 embarcaciones partieron de Barcelona Espa\u00f1a, hacia la franja de Gaza en Palestina. La <a href=\"https:\/\/globalsumudflotilla.org\/es\/about\/\">Global Sumud Flotilla<\/a> (GSF) est\u00e1 acompa\u00f1ada por m\u00e1s de 300 activistas de 52 pa\u00edses,\u00a0 los cuales conforman:<\/p>\n\n\n\n<blockquote class=\"wp-block-quote is-layout-flow wp-block-quote-is-layout-flow\">\n<p class=\"has-text-align-left\"><em>Una coalici\u00f3n de personas comunes y corrientes \u2014organizadores, humanitarios, m\u00e9dicos, artistas, cl\u00e9rigos, abogados y marinos\u2014 que creen en la dignidad humana y en el poder de la acci\u00f3n no violenta.<\/em><\/p>\n\n\n\n<p class=\"has-text-align-left\"><em>En junio, lanzamos una movilizaci\u00f3n coordinada a nivel mundial por tierra, mar y aire. En verano, volvemos con una estrategia unificada: un objetivo y una coordinaci\u00f3n global como nunca antes.<\/em><\/p>\n\n\n\n<p class=\"has-text-align-left\"><em>Nuestros esfuerzos se basan en d\u00e9cadas de resistencia palestina y solidaridad internacional. Aunque pertenecemos a diferentes naciones, religiones y creencias pol\u00edticas, nos une una sola verdad: el asedio y el genocidio deben terminar.<\/em><\/p>\n\n\n\n<p class=\"has-text-align-left\"><em>Somos independientes, internacionales y no estamos afiliados a ning\u00fan gobierno o partido pol\u00edtico. Nuestra lealtad es a la justicia, la libertad y la santidad de la vida humana<\/em>.<\/p>\n<\/blockquote>\n\n\n\n<p>En palabras de Greta Thumberg.<\/p>\n\n\n\n<blockquote class=\"wp-block-quote is-layout-flow wp-block-quote-is-layout-flow\">\n<p><em>\u2026esta historia tambi\u00e9n se trata de un&nbsp; levantamiento global, de c\u00f3mo la gente est\u00e1 dando un paso al frente cuando nuestros gobiernos no lo hacen\u2026 Esta misi\u00f3n es para desafiar el extremadamente violento sistema de negocios habitual y un sistema internacional que no cumple con el derecho internacional, ni impide que Estados como Israel cometan los peores cr\u00edmenes de guerra posibles.<\/em>..<\/p>\n<\/blockquote>\n\n\n\n<p>Dentro de la <em>Global Sumud Flotilla,<\/em> viaja una delegaci\u00f3n de seis mexicanos y mexicanas, quienes comparten un objetivo en com\u00fan: \u201c<em>romper el bloqueo de Israel y abrir un corredor humanitario\u201d.<\/em><\/p>\n\n\n\n<p>En palabras de Karen Castillo, quien forma parte de la delegaci\u00f3n mexicana rumbo a Gaza:<\/p>\n\n\n\n<blockquote class=\"wp-block-quote is-layout-flow wp-block-quote-is-layout-flow\">\n<p>&#8220;<em>Hacemos una invitaci\u00f3n a todas las personas en territorio nacional. Necesitamos que, durante &nbsp;la duraci\u00f3n de est\u00e1 misi\u00f3n, salgan a las calles, env\u00eden mensajes a la embajada mexicana para exigir el paso de esta flotilla.<\/em>..&#8221;<\/p>\n<\/blockquote>\n\n\n\n<p>Como parte de las acciones solidarias que acompa\u00f1an esta iniciativa global, frente a las oficinas de la Secretaria de Relaciones Exteriores\u00a0(SRE) en la Ciudad de M\u00e9xico, se realiz\u00f3 una jornada pol\u00edtico-cultural para informar a la poblaci\u00f3n en general sobre el objetivo de la\u00a0 <em>Global Sumud Flotilla<\/em> y tambi\u00e9n para denunciar y cuestionar el silencio del Estado Mexicano ante el genocidio perpetrado por el Estado de Israel en Palestina.<\/p>\n\n\n\n<p>Ante el aviso de que Israel tratar\u00e1 como &#8220;terroristas&#8221; a las y los miembros de la Flotilla Sumud, se pide a la poblaci\u00f3n en general que se mantenga atenta e informada sobre el trayecto de la flotilla. Y tambi\u00e9n se exige al gobierno de M\u00e9xico que pida al Estado de Israel el paso seguro de las Flotillas, pues de eso depende la integridad de las y los activistas.<\/p>\n\n\n\n<p><\/p>\n\n\n\n<figure class=\"wp-block-gallery has-nested-images columns-default is-cropped wp-block-gallery-1 is-layout-flex wp-block-gallery-is-layout-flex\">\n<figure class=\"wp-block-image size-medium\"><a href=\"https:\/\/radiozapatista.org\/wp-content\/uploads\/2025\/08\/20250831_131110-scaled.jpg\"><img loading=\"lazy\" decoding=\"async\" width=\"225\" height=\"300\" data-id=\"52099\" src=\"https:\/\/radiozapatista.org\/wp-content\/uploads\/2025\/08\/20250831_131110-225x300.jpg\" alt=\"\" class=\"wp-image-52099\" srcset=\"https:\/\/radiozapatista.org\/wp-content\/uploads\/2025\/08\/20250831_131110-225x300.jpg 225w, https:\/\/radiozapatista.org\/wp-content\/uploads\/2025\/08\/20250831_131110-768x1024.jpg 768w, https:\/\/radiozapatista.org\/wp-content\/uploads\/2025\/08\/20250831_131110-1152x1536.jpg 1152w, https:\/\/radiozapatista.org\/wp-content\/uploads\/2025\/08\/20250831_131110-1536x2048.jpg 1536w, https:\/\/radiozapatista.org\/wp-content\/uploads\/2025\/08\/20250831_131110-scaled.jpg 1920w\" sizes=\"auto, (max-width: 225px) 100vw, 225px\" \/><\/a><\/figure>\n\n\n\n<figure class=\"wp-block-image size-medium\"><a href=\"https:\/\/radiozapatista.org\/wp-content\/uploads\/2025\/08\/20250831_134621-scaled.jpg\"><img loading=\"lazy\" decoding=\"async\" width=\"350\" height=\"263\" data-id=\"52101\" src=\"https:\/\/radiozapatista.org\/wp-content\/uploads\/2025\/08\/20250831_134621-350x263.jpg\" alt=\"\" class=\"wp-image-52101\" srcset=\"https:\/\/radiozapatista.org\/wp-content\/uploads\/2025\/08\/20250831_134621-350x263.jpg 350w, https:\/\/radiozapatista.org\/wp-content\/uploads\/2025\/08\/20250831_134621-1024x768.jpg 1024w, https:\/\/radiozapatista.org\/wp-content\/uploads\/2025\/08\/20250831_134621-768x576.jpg 768w, https:\/\/radiozapatista.org\/wp-content\/uploads\/2025\/08\/20250831_134621-1536x1152.jpg 1536w, https:\/\/radiozapatista.org\/wp-content\/uploads\/2025\/08\/20250831_134621-2048x1536.jpg 2048w\" sizes=\"auto, (max-width: 350px) 100vw, 350px\" \/><\/a><\/figure>\n\n\n\n<figure class=\"wp-block-image size-medium\"><a href=\"https:\/\/radiozapatista.org\/wp-content\/uploads\/2025\/08\/20250831_134851-scaled.jpg\"><img loading=\"lazy\" decoding=\"async\" width=\"225\" height=\"300\" data-id=\"52105\" src=\"https:\/\/radiozapatista.org\/wp-content\/uploads\/2025\/08\/20250831_134851-225x300.jpg\" alt=\"\" class=\"wp-image-52105\" srcset=\"https:\/\/radiozapatista.org\/wp-content\/uploads\/2025\/08\/20250831_134851-225x300.jpg 225w, https:\/\/radiozapatista.org\/wp-content\/uploads\/2025\/08\/20250831_134851-768x1024.jpg 768w, https:\/\/radiozapatista.org\/wp-content\/uploads\/2025\/08\/20250831_134851-1152x1536.jpg 1152w, https:\/\/radiozapatista.org\/wp-content\/uploads\/2025\/08\/20250831_134851-1536x2048.jpg 1536w, https:\/\/radiozapatista.org\/wp-content\/uploads\/2025\/08\/20250831_134851-scaled.jpg 1920w\" sizes=\"auto, (max-width: 225px) 100vw, 225px\" \/><\/a><\/figure>\n\n\n\n<figure class=\"wp-block-image size-medium\"><a href=\"https:\/\/radiozapatista.org\/wp-content\/uploads\/2025\/08\/20250831_134858-scaled.jpg\"><img loading=\"lazy\" decoding=\"async\" width=\"225\" height=\"300\" data-id=\"52098\" src=\"https:\/\/radiozapatista.org\/wp-content\/uploads\/2025\/08\/20250831_134858-225x300.jpg\" alt=\"\" class=\"wp-image-52098\" srcset=\"https:\/\/radiozapatista.org\/wp-content\/uploads\/2025\/08\/20250831_134858-225x300.jpg 225w, https:\/\/radiozapatista.org\/wp-content\/uploads\/2025\/08\/20250831_134858-768x1024.jpg 768w, https:\/\/radiozapatista.org\/wp-content\/uploads\/2025\/08\/20250831_134858-1152x1536.jpg 1152w, https:\/\/radiozapatista.org\/wp-content\/uploads\/2025\/08\/20250831_134858-1536x2048.jpg 1536w, https:\/\/radiozapatista.org\/wp-content\/uploads\/2025\/08\/20250831_134858-scaled.jpg 1920w\" sizes=\"auto, (max-width: 225px) 100vw, 225px\" \/><\/a><\/figure>\n\n\n\n<figure class=\"wp-block-image size-medium\"><a href=\"https:\/\/radiozapatista.org\/wp-content\/uploads\/2025\/08\/20250831_140202-scaled.jpg\"><img loading=\"lazy\" decoding=\"async\" width=\"350\" height=\"263\" data-id=\"52100\" src=\"https:\/\/radiozapatista.org\/wp-content\/uploads\/2025\/08\/20250831_140202-350x263.jpg\" alt=\"\" class=\"wp-image-52100\" srcset=\"https:\/\/radiozapatista.org\/wp-content\/uploads\/2025\/08\/20250831_140202-350x263.jpg 350w, https:\/\/radiozapatista.org\/wp-content\/uploads\/2025\/08\/20250831_140202-1024x768.jpg 1024w, https:\/\/radiozapatista.org\/wp-content\/uploads\/2025\/08\/20250831_140202-768x576.jpg 768w, https:\/\/radiozapatista.org\/wp-content\/uploads\/2025\/08\/20250831_140202-1536x1152.jpg 1536w, https:\/\/radiozapatista.org\/wp-content\/uploads\/2025\/08\/20250831_140202-2048x1536.jpg 2048w\" sizes=\"auto, (max-width: 350px) 100vw, 350px\" \/><\/a><\/figure>\n\n\n\n<figure class=\"wp-block-image size-medium\"><a href=\"https:\/\/radiozapatista.org\/wp-content\/uploads\/2025\/08\/20250831_140514-scaled.jpg\"><img loading=\"lazy\" decoding=\"async\" width=\"225\" height=\"300\" data-id=\"52097\" src=\"https:\/\/radiozapatista.org\/wp-content\/uploads\/2025\/08\/20250831_140514-225x300.jpg\" alt=\"\" class=\"wp-image-52097\" srcset=\"https:\/\/radiozapatista.org\/wp-content\/uploads\/2025\/08\/20250831_140514-225x300.jpg 225w, https:\/\/radiozapatista.org\/wp-content\/uploads\/2025\/08\/20250831_140514-768x1024.jpg 768w, https:\/\/radiozapatista.org\/wp-content\/uploads\/2025\/08\/20250831_140514-1152x1536.jpg 1152w, https:\/\/radiozapatista.org\/wp-content\/uploads\/2025\/08\/20250831_140514-1536x2048.jpg 1536w, https:\/\/radiozapatista.org\/wp-content\/uploads\/2025\/08\/20250831_140514-scaled.jpg 1920w\" sizes=\"auto, (max-width: 225px) 100vw, 225px\" \/><\/a><\/figure>\n\n\n\n<figure class=\"wp-block-image size-medium\"><a href=\"https:\/\/radiozapatista.org\/wp-content\/uploads\/2025\/08\/20250831_142724-scaled.jpg\"><img loading=\"lazy\" decoding=\"async\" width=\"350\" height=\"263\" data-id=\"52104\" src=\"https:\/\/radiozapatista.org\/wp-content\/uploads\/2025\/08\/20250831_142724-350x263.jpg\" alt=\"\" class=\"wp-image-52104\" srcset=\"https:\/\/radiozapatista.org\/wp-content\/uploads\/2025\/08\/20250831_142724-350x263.jpg 350w, https:\/\/radiozapatista.org\/wp-content\/uploads\/2025\/08\/20250831_142724-1024x768.jpg 1024w, https:\/\/radiozapatista.org\/wp-content\/uploads\/2025\/08\/20250831_142724-768x576.jpg 768w, https:\/\/radiozapatista.org\/wp-content\/uploads\/2025\/08\/20250831_142724-1536x1152.jpg 1536w, https:\/\/radiozapatista.org\/wp-content\/uploads\/2025\/08\/20250831_142724-2048x1536.jpg 2048w\" sizes=\"auto, (max-width: 350px) 100vw, 350px\" \/><\/a><\/figure>\n\n\n\n<figure class=\"wp-block-image size-medium\"><a href=\"https:\/\/radiozapatista.org\/wp-content\/uploads\/2025\/08\/20250831_143903-scaled.jpg\"><img loading=\"lazy\" decoding=\"async\" width=\"350\" height=\"263\" data-id=\"52102\" src=\"https:\/\/radiozapatista.org\/wp-content\/uploads\/2025\/08\/20250831_143903-350x263.jpg\" alt=\"\" class=\"wp-image-52102\" srcset=\"https:\/\/radiozapatista.org\/wp-content\/uploads\/2025\/08\/20250831_143903-350x263.jpg 350w, https:\/\/radiozapatista.org\/wp-content\/uploads\/2025\/08\/20250831_143903-1024x768.jpg 1024w, https:\/\/radiozapatista.org\/wp-content\/uploads\/2025\/08\/20250831_143903-768x576.jpg 768w, https:\/\/radiozapatista.org\/wp-content\/uploads\/2025\/08\/20250831_143903-1536x1152.jpg 1536w, https:\/\/radiozapatista.org\/wp-content\/uploads\/2025\/08\/20250831_143903-2048x1536.jpg 2048w\" sizes=\"auto, (max-width: 350px) 100vw, 350px\" \/><\/a><\/figure>\n\n\n\n<figure class=\"wp-block-image size-medium\"><a href=\"https:\/\/radiozapatista.org\/wp-content\/uploads\/2025\/08\/20250831_153331-scaled.jpg\"><img loading=\"lazy\" decoding=\"async\" width=\"225\" height=\"300\" data-id=\"52103\" src=\"https:\/\/radiozapatista.org\/wp-content\/uploads\/2025\/08\/20250831_153331-225x300.jpg\" alt=\"\" class=\"wp-image-52103\" srcset=\"https:\/\/radiozapatista.org\/wp-content\/uploads\/2025\/08\/20250831_153331-225x300.jpg 225w, https:\/\/radiozapatista.org\/wp-content\/uploads\/2025\/08\/20250831_153331-768x1024.jpg 768w, https:\/\/radiozapatista.org\/wp-content\/uploads\/2025\/08\/20250831_153331-1152x1536.jpg 1152w, https:\/\/radiozapatista.org\/wp-content\/uploads\/2025\/08\/20250831_153331-1536x2048.jpg 1536w, https:\/\/radiozapatista.org\/wp-content\/uploads\/2025\/08\/20250831_153331-scaled.jpg 1920w\" sizes=\"auto, (max-width: 225px) 100vw, 225px\" \/><\/a><\/figure>\n<\/figure>\n\n\n\n<p><\/p>\n","protected":false},"excerpt":{"rendered":"<p>De acuerdo con el \u00faltimo reporte de Naciones Unidas (Noticias ONU, 10\/8\/2025), &#8220;Desde octubre de 2023, m\u00e1s de 61.000 personas han muerto, entre ellas 18.000 ni\u00f1os, y 151.000 han resultado heridas. La ONU tambi\u00e9n ha documentado la muerte de m\u00e1s de 500 trabajadores humanitarios&#8221;. Este 31 de agosto, m\u00e1s de 20 embarcaciones partieron de Barcelona [&hellip;]<\/p>\n","protected":false},"author":15,"featured_media":52115,"comment_status":"open","ping_status":"closed","sticky":false,"template":"","format":"standard","meta":{"footnotes":""},"categories":[949,954,953,1327,190],"tags":[58,53,112,87,27],"class_list":["post-52096","post","type-post","status-publish","format-standard","has-post-thumbnail","hentry","category-fotorreportaje","category-mexico","category-mundo","category-palestina","category-radiozapatista","tag-derechos-humanos","tag-justicia","tag-palestina","tag-represion","tag-solidaridad"],"_links":{"self":[{"href":"https:\/\/radiozapatista.org\/index.php?rest_route=\/wp\/v2\/posts\/52096","targetHints":{"allow":["GET"]}}],"collection":[{"href":"https:\/\/radiozapatista.org\/index.php?rest_route=\/wp\/v2\/posts"}],"about":[{"href":"https:\/\/radiozapatista.org\/index.php?rest_route=\/wp\/v2\/types\/post"}],"author":[{"embeddable":true,"href":"https:\/\/radiozapatista.org\/index.php?rest_route=\/wp\/v2\/users\/15"}],"replies":[{"embeddable":true,"href":"https:\/\/radiozapatista.org\/index.php?rest_route=%2Fwp%2Fv2%2Fcomments&post=52096"}],"version-history":[{"count":10,"href":"https:\/\/radiozapatista.org\/index.php?rest_route=\/wp\/v2\/posts\/52096\/revisions"}],"predecessor-version":[{"id":52125,"href":"https:\/\/radiozapatista.org\/index.php?rest_route=\/wp\/v2\/posts\/52096\/revisions\/52125"}],"wp:featuredmedia":[{"embeddable":true,"href":"https:\/\/radiozapatista.org\/index.php?rest_route=\/wp\/v2\/media\/52115"}],"wp:attachment":[{"href":"https:\/\/radiozapatista.org\/index.php?rest_route=%2Fwp%2Fv2%2Fmedia&parent=52096"}],"wp:term":[{"taxonomy":"category","embeddable":true,"href":"https:\/\/radiozapatista.org\/index.php?rest_route=%2Fwp%2Fv2%2Fcategories&post=52096"},{"taxonomy":"post_tag","embeddable":true,"href":"https:\/\/radiozapatista.org\/index.php?rest_route=%2Fwp%2Fv2%2Ftags&post=52096"}],"curies":[{"name":"wp","href":"https:\/\/api.w.org\/{rel}","templated":true}]}}