{"id":52089,"date":"2025-08-31T12:07:23","date_gmt":"2025-08-31T18:07:23","guid":{"rendered":"https:\/\/radiozapatista.org\/?p=52089"},"modified":"2025-08-31T12:07:24","modified_gmt":"2025-08-31T18:07:24","slug":"3-sep-tuxtla-gutierrez-conferencia-de-prensa-por-la-libertad-de-los-cinco-de-san-juan-cancuc","status":"publish","type":"post","link":"https:\/\/radiozapatista.org\/?p=52089","title":{"rendered":"[3 sep &#8211; Tuxtla Guti\u00e9rrez] Conferencia de prensa por la libertad de los cinco de San Juan Cancuc"},"content":{"rendered":"\n<p>Llamamos al Estado mexicano a cumplir con la Opini\u00f3n 21\/2025 del Grupo de Trabajo sobre la Detenci\u00f3n Arbitraria de la ONU, que reconoce la detenci\u00f3n arbitraria de los cinco de San Juan Cancuc y estipula como remedio adecuado su liberaci\u00f3n inmediata.<\/p>\n\n\n\n<p>\ud83d\uddd3 Fecha: 3 de septiembre<br>\u23f0 Hora: 10:00 a.m.<br>\ud83d\udccd Lugar: Centro de Derechos Humanos Fray Ignacio Barnoya AC. 3a Sur y 4a Oriente N\u00ba 90, Anexo al Templo de San Roque, Tuxtla Guti\u00e9rrez<\/p>\n\n\n\n<p>Participan:<br>-Familiares de los presos<br>-Grupo de Trabajo No Estamos Todxs<br>-Centro de Derechos Humanos Fray Bartolom\u00e9 de Las Casas<\/p>\n\n\n\n<p>#F\u00e1bricaDeCulpables #LibertadParaLos5\u00a0#SanJuanCancuc<\/p>\n","protected":false},"excerpt":{"rendered":"<p>Llamamos al Estado mexicano a cumplir con la Opini\u00f3n 21\/2025 del Grupo de Trabajo sobre la Detenci\u00f3n Arbitraria de la ONU, que reconoce la detenci\u00f3n arbitraria de los cinco de San Juan Cancuc y estipula como remedio adecuado su liberaci\u00f3n inmediata. \ud83d\uddd3 Fecha: 3 de septiembre\u23f0 Hora: 10:00 a.m.\ud83d\udccd Lugar: Centro de Derechos Humanos Fray [&hellip;]<\/p>\n","protected":false},"author":1,"featured_media":0,"comment_status":"open","ping_status":"closed","sticky":false,"template":"","format":"standard","meta":{"footnotes":""},"categories":[6,183,962],"tags":[917,948],"class_list":["post-52089","post","type-post","status-publish","format-standard","hentry","category-chiapas","category-blog","category-presos","tag-chiapas","tag-presos"],"_links":{"self":[{"href":"https:\/\/radiozapatista.org\/index.php?rest_route=\/wp\/v2\/posts\/52089","targetHints":{"allow":["GET"]}}],"collection":[{"href":"https:\/\/radiozapatista.org\/index.php?rest_route=\/wp\/v2\/posts"}],"about":[{"href":"https:\/\/radiozapatista.org\/index.php?rest_route=\/wp\/v2\/types\/post"}],"author":[{"embeddable":true,"href":"https:\/\/radiozapatista.org\/index.php?rest_route=\/wp\/v2\/users\/1"}],"replies":[{"embeddable":true,"href":"https:\/\/radiozapatista.org\/index.php?rest_route=%2Fwp%2Fv2%2Fcomments&post=52089"}],"version-history":[{"count":1,"href":"https:\/\/radiozapatista.org\/index.php?rest_route=\/wp\/v2\/posts\/52089\/revisions"}],"predecessor-version":[{"id":52090,"href":"https:\/\/radiozapatista.org\/index.php?rest_route=\/wp\/v2\/posts\/52089\/revisions\/52090"}],"wp:attachment":[{"href":"https:\/\/radiozapatista.org\/index.php?rest_route=%2Fwp%2Fv2%2Fmedia&parent=52089"}],"wp:term":[{"taxonomy":"category","embeddable":true,"href":"https:\/\/radiozapatista.org\/index.php?rest_route=%2Fwp%2Fv2%2Fcategories&post=52089"},{"taxonomy":"post_tag","embeddable":true,"href":"https:\/\/radiozapatista.org\/index.php?rest_route=%2Fwp%2Fv2%2Ftags&post=52089"}],"curies":[{"name":"wp","href":"https:\/\/api.w.org\/{rel}","templated":true}]}}