{"id":52078,"date":"2025-08-31T11:25:33","date_gmt":"2025-08-31T17:25:33","guid":{"rendered":"https:\/\/radiozapatista.org\/?p=52078"},"modified":"2025-08-31T11:25:35","modified_gmt":"2025-08-31T17:25:35","slug":"queretaro-san-francisquito-el-barrio-indigena-urbano-que-no-se-vende","status":"publish","type":"post","link":"https:\/\/radiozapatista.org\/?p=52078","title":{"rendered":"Quer\u00e9taro: San Francisquito, el barrio ind\u00edgena urbano que no se vende"},"content":{"rendered":"\n<p>\u00c9ste es un episodio del podcast <a href=\"https:\/\/periodismodeloposible.com\/\">Periodismo de lo posible, Historias desde los territorios<\/a>, que cuenta historias sobre los logros y los caminos posibles para la protecci\u00f3n de la vida y la naturaleza, para visibilizar las acciones y estrategias que se tejen todos los d\u00edas desde las comunidades, asambleas, organizaciones y colectivos en M\u00e9xico en respuesta a los proyectos extractivistas, el cambio clim\u00e1tico y la violencia. Escucha los otros episodios aqu\u00ed: <a href=\"https:\/\/periodismodeloposible.com\/\">https:\/\/periodismodeloposible.com\/<\/a><\/p>\n\n\n\n<iframe loading=\"lazy\" width=\"100%\" height=\"300\" scrolling=\"no\" frameborder=\"no\" allow=\"autoplay\" src=\"https:\/\/w.soundcloud.com\/player\/?url=https%3A\/\/api.soundcloud.com\/tracks\/2090666946&#038;color=%23ff5500&#038;auto_play=false&#038;hide_related=false&#038;show_comments=true&#038;show_user=true&#038;show_reposts=false&#038;show_teaser=true&#038;visual=true\"><\/iframe><div style=\"font-size: 10px; color: #cccccc;line-break: anywhere;word-break: normal;overflow: hidden;white-space: nowrap;text-overflow: ellipsis; font-family: Interstate,Lucida Grande,Lucida Sans Unicode,Lucida Sans,Garuda,Verdana,Tahoma,sans-serif;font-weight: 100;\"><a href=\"https:\/\/soundcloud.com\/periodismo-de-lo-posible\" title=\"Periodismo De Lo Posible\" target=\"_blank\" style=\"color: #cccccc; text-decoration: none;\">Periodismo De Lo Posible<\/a> \u00b7 <a href=\"https:\/\/soundcloud.com\/periodismo-de-lo-posible\/queretaro-san-francisquito-el-barrio-indigena-urbano-que-no-se-vende\" title=\"T2 EP4 Quer\u00e9taro: San Francisquito, el barrio ind\u00edgena urbano que no se vende\" target=\"_blank\" style=\"color: #cccccc; text-decoration: none;\">T2 EP4 Quer\u00e9taro: San Francisquito, el barrio ind\u00edgena urbano que no se vende<\/a><\/div>\n\n\n\n<p>La historia de San Francisquito, un barrio ind\u00edgena urbano en Quer\u00e9taro, es una lucha constante por la preservaci\u00f3n de sus tradiciones, su territorio y su identidad frente a la amenaza de la gentrificaci\u00f3n. Este barrio, con ra\u00edces chichimecas, es famoso por su danza conchera y sus muros adornados con arte urbano que narran historias de resistencia y herencia ind\u00edgena. En 2015, San Francisquito comenz\u00f3 a enfrentar el peligro de un megaproyecto tur\u00edstico impulsado por los gobiernos estatal y municipal, que amenazaba con transformar el barrio en un destino comercial, desplazando a los habitantes originales y destruyendo su cultura y espacios sagrados. A trav\u00e9s de asambleas comunitarias, marchas y la creaci\u00f3n de una Confederaci\u00f3n, las y los vecinos comenzaron a organizarse y solicitaron el reconocimiento oficial de San Francisquito como un barrio ind\u00edgena urbano como una forma de defender sus derechos y protegerse ante nuevos desarrollos inmobiliarios.<\/p>\n\n\n\n<h2 class=\"wp-block-heading\">Contexto e historia<\/h2>\n\n\n\n<p>Los procesos gentrificadores producto del capitalismo se siguen extendiendo a lo largo del mundo, imponiendo formas de vida que no contemplan la cultura originaria ni las necesidades reales de la poblaci\u00f3n de los territorios que son invadidos por los grandes capitales.&nbsp;<\/p>\n\n\n\n<!--more-->\n\n\n\n<p>El barrio de San Francisquito, es un barrio ind\u00edgena urbano, el primero en el estado en tener este nombramiento. Nuestro territorio est\u00e1 ubicado en el centro hist\u00f3rico de la ciudad de Quer\u00e9taro, y sus vecinos y vecinas se encuentran luchando por la preservaci\u00f3n de sus tradiciones, por conservar la autonom\u00eda sobre su territorio y por proteger la identidad comunitaria de las amenazas gentrificadoras.&nbsp;<\/p>\n\n\n\n<p>Nuestro barrio tiene ra\u00edces chichimecas y es famoso por la danza tradicional danza de los concheros. Entre los j\u00f3venes es conocido por sus murales y el arte urbano que ah\u00ed se lleva a cabo, pero principalmente es reconocido por su herencia ind\u00edgena y sus tradiciones.&nbsp;<\/p>\n\n\n\n<p>Desde 2015, los habitantes de san francisquito comenzaron a enfrentar el peligro de un megaproyecto comercial y tur\u00edstico, impulsado por el gobierno estatal y municipal pero que tiene ra\u00edces en proyectos globales en materia de urbanizaci\u00f3n. Estos megaproyectos se impusieron con fuerza y amenazaron el barrio ya que provocan grandes cambios y p\u00e9rdidas para los habitantes que han habitado el barrio junto a sus familias, desde su fundaci\u00f3n.&nbsp;<\/p>\n\n\n\n<p>A trav\u00e9s de mucha organizaci\u00f3n comunitaria y mucho esfuerzo por parte de los vecinos y vecinas, se ha creado la Confederaci\u00f3n Ind\u00edgena del Barrio de San Francisquito, quienes solicitaron a las autoridades el nombramiento como barrio ind\u00edgena urbano, como una forma de defender sus derechos y de protegerse ante el desaf\u00edo que es negociar con los proyectos inmobiliarios y tratar de detener los procesos gentrificadores que llegan del exterior.<\/p>\n\n\n\n<h2 class=\"wp-block-heading\">Temas<\/h2>\n\n\n\n<p><strong>Gentrificaci\u00f3n y desplazamiento<\/strong>. El conflicto central es la amenaza de gentrificaci\u00f3n, que pone en peligro las viviendas tradicionales y las costumbres del barrio. El megaproyecto impulsado por los gobiernos estatal y municipal tiene como objetivo transformar San Francisquito en un centro comercial tur\u00edstico, desplazando a sus residentes originales y alterando la estructura social y cultural del barrio.<\/p>\n\n\n\n<p>La amenaza aunque no ha sido directa, si ha sido detectada por los mismo vecinos y vecinas, quienes han seguido la pista de las intenciones de las autoridades y se han organizado para solicitar que se les avale y respeten sus derechos como pueblo ind\u00edgena.&nbsp;<\/p>\n\n\n\n<p><strong>Resistencia cultural, identidad ind\u00edgena y derechos de los pueblos ind\u00edgenas urbanos. <\/strong>La historia aborda la lucha de la comunidad de San Francisquito por preservar su identidad ind\u00edgena, sus tradiciones y su espiritualidad, especialmente a trav\u00e9s de la danza conchera, s\u00edmbolo de su herencia chichimeca. La lucha por el reconocimiento oficial de San Francisquito como un barrio ind\u00edgena urbano refleja la necesidad de proteger los derechos de los pueblos ind\u00edgenas en contextos urbanos frente a la discriminaci\u00f3n y las amenazas a su territorio y cultura.<\/p>\n\n\n\n<p><strong>Organizaci\u00f3n comunitaria y autogesti\u00f3n<\/strong>. La comunidad de San Francisquito se organiza para defender su territorio mediante asambleas, movilizaciones y la creaci\u00f3n de la Confederaci\u00f3n Ind\u00edgena del Barrio de San Francisquito. Esto ha sido un trabajo importante de tejer la comunidad, al inicio fue iniciativa de vecinos, activistas y estudiantes quienes fueron los precursores de las primeras asambleas.&nbsp;<\/p>\n\n\n\n<p><strong>Arte y cultura como herramientas de lucha. <\/strong>El arte, especialmente los murales y la danza conchera, se han convertido en un s\u00edmbolo identitario de nuestra lucha, denunciando nuestra naturaleza como pueblo ind\u00edgena urbano. Por lo que las artes han sido una forma de resistencia y afirmaci\u00f3n de la identidad tan rica y diversa de nuestro territorio. Nuestras expresiones art\u00edsticas y culturales son parte de una estrategia para movilizar y unificar a los habitantes del barrio en la defensa de sus derechos e impedir la venta de nuestro territorio sagrado.<\/p>\n\n\n\n<blockquote class=\"wp-block-quote is-layout-flow wp-block-quote-is-layout-flow\">\n<p><em>\u201cAdem\u00e1s, antes de esta experiencia period\u00edstica, nuestra comunidad ten\u00eda un imaginario sobre el periodismo y ahora se nos est\u00e1 abriendo otro imaginario completamente diferente. Y nos produce un mont\u00f3n de emoci\u00f3n, la idea de que la realidad misma tambi\u00e9n pueda ser intervenida creativamente y que podemos contar nuestra lucha de distintas maneras\u201d<\/em><\/p>\n<\/blockquote>\n\n\n\n<h2 class=\"wp-block-heading\">Qu\u00e9 nos gustar\u00eda que ocurriera<\/h2>\n\n\n\n<p>Queremos compartir con personas de Quer\u00e9taro y de todo el pa\u00eds la reciente resistencia del Barrio de San Francisquito ante el poder pol\u00edtico, econ\u00f3mico y ciudadano de nuestro estado como una forma de crear una red de apoyo para blindar nuestro barrio de los continuos avances de las obras p\u00fablicas gubernamentales que se encaminan hacia el despojo y la gentrificaci\u00f3n.<\/p>\n\n\n\n<p>Que la informaci\u00f3n llegue a otros barrios tradicionales que han quedado en medio de las grandes ciudades y del desarrollo inmobiliario que todo devora a su paso. Hemos realizado este esfuerzo por contar nuestra lucha, para que otros pueblos ind\u00edgenas que a\u00fan no se encuentran reconocidos, sepan que hay formas de defender las ra\u00edces y el territorio, para que conozcan nuestra lucha y caminemos juntos desde el reconocimiento del derecho a la autonom\u00eda de cada uno de nuestros pueblos.<\/p>\n\n\n\n<figure class=\"wp-block-image size-large\"><img decoding=\"async\" src=\"https:\/\/i0.wp.com\/periodismodeloposible.com\/wp-content\/uploads\/2025\/05\/San_Francisquito_72dpi.jpg?w=720&amp;ssl=1\" alt=\"\"\/><\/figure>\n\n\n\n<h2 class=\"wp-block-heading\">Cr\u00e9ditos<\/h2>\n\n\n\n<p>Esta es una producci\u00f3n de la Confederaci\u00f3n Ind\u00edgena del Barrio de San Francisquito<\/p>\n\n\n\n<p><strong>GUI\u00d3N<\/strong><\/p>\n\n\n\n<p>Alejandra Moreno, Mely Arellano y Marcela Turatti<\/p>\n\n\n\n<p><strong>GRABACI\u00d3N<\/strong><\/p>\n\n\n\n<p>Luis C\u00e1zares, Alejandra Moreno y Eloisa Diez<\/p>\n\n\n\n<p><strong>VOZ NARRADORA<\/strong><\/p>\n\n\n\n<p>Mara Guevara<\/p>\n\n\n\n<p><strong>SLAM<\/strong><\/p>\n\n\n\n<p>Miguel Arcila Hidalgo<br>Mara Guevara<\/p>\n\n\n\n<p><strong>AGRADECIMIENTOS SIEMPRE A:<\/strong><\/p>\n\n\n\n<p>A todos los corazones que han sostenido los pasos de la Asamblea en defensa del barrio de San Francisquito a trav\u00e9s de los a\u00f1os. Laberinto Galer\u00eda Urbana, Tianguis Cultural San Francisquito, Trinidad Landa Herrera, Gerardo Boh\u00f3rquez, Alma P\u00e1jaro, Jefe Migue, Jefa Cuca, las Jefas Rosa, Jefe Rafa, Dr. Mirtha. A las \u00c1nimas benditas y a los \u00faltimos conquistadores de los cuatro vientos. Para todos todo, para nosotros nada. \u00a1\u00c9l es Dios!<\/p>\n\n\n\n<p><a href=\"https:\/\/drive.google.com\/file\/d\/1c2AmJDo9_fOsHfl4ZSHoHes8flnnC7Hs\/view?usp=sharing\" target=\"_blank\" rel=\"noreferrer noopener\">Transcripci\u00f3n del episodio<\/a><\/p>\n\n\n\n<p><\/p>\n","protected":false},"excerpt":{"rendered":"<p>\u00c9ste es un episodio del podcast Periodismo de lo posible, Historias desde los territorios, que cuenta historias sobre los logros y los caminos posibles para la protecci\u00f3n de la vida y la naturaleza, para visibilizar las acciones y estrategias que se tejen todos los d\u00edas desde las comunidades, asambleas, organizaciones y colectivos en M\u00e9xico en [&hellip;]<\/p>\n","protected":false},"author":1,"featured_media":52081,"comment_status":"open","ping_status":"closed","sticky":false,"template":"","format":"standard","meta":{"footnotes":""},"categories":[1,957,826,958,954],"tags":[1139,79,567,545,148],"class_list":["post-52078","post","type-post","status-publish","format-standard","has-post-thumbnail","hentry","category-audio","category-autonomia","category-medios-libres-2","category-megaproyectos","category-mexico","tag-artes","tag-autonomia","tag-megaproyectos","tag-pueblos-indigenas","tag-resistencia"],"_links":{"self":[{"href":"https:\/\/radiozapatista.org\/index.php?rest_route=\/wp\/v2\/posts\/52078","targetHints":{"allow":["GET"]}}],"collection":[{"href":"https:\/\/radiozapatista.org\/index.php?rest_route=\/wp\/v2\/posts"}],"about":[{"href":"https:\/\/radiozapatista.org\/index.php?rest_route=\/wp\/v2\/types\/post"}],"author":[{"embeddable":true,"href":"https:\/\/radiozapatista.org\/index.php?rest_route=\/wp\/v2\/users\/1"}],"replies":[{"embeddable":true,"href":"https:\/\/radiozapatista.org\/index.php?rest_route=%2Fwp%2Fv2%2Fcomments&post=52078"}],"version-history":[{"count":2,"href":"https:\/\/radiozapatista.org\/index.php?rest_route=\/wp\/v2\/posts\/52078\/revisions"}],"predecessor-version":[{"id":52082,"href":"https:\/\/radiozapatista.org\/index.php?rest_route=\/wp\/v2\/posts\/52078\/revisions\/52082"}],"wp:featuredmedia":[{"embeddable":true,"href":"https:\/\/radiozapatista.org\/index.php?rest_route=\/wp\/v2\/media\/52081"}],"wp:attachment":[{"href":"https:\/\/radiozapatista.org\/index.php?rest_route=%2Fwp%2Fv2%2Fmedia&parent=52078"}],"wp:term":[{"taxonomy":"category","embeddable":true,"href":"https:\/\/radiozapatista.org\/index.php?rest_route=%2Fwp%2Fv2%2Fcategories&post=52078"},{"taxonomy":"post_tag","embeddable":true,"href":"https:\/\/radiozapatista.org\/index.php?rest_route=%2Fwp%2Fv2%2Ftags&post=52078"}],"curies":[{"name":"wp","href":"https:\/\/api.w.org\/{rel}","templated":true}]}}