{"id":52069,"date":"2025-08-29T22:05:14","date_gmt":"2025-08-30T04:05:14","guid":{"rendered":"https:\/\/radiozapatista.org\/?p=52069"},"modified":"2025-08-31T10:42:24","modified_gmt":"2025-08-31T16:42:24","slug":"acoso-judicial-a-periodistas-como-estrategia-de-censura-en-mexico-aumenta-ano-con-ano","status":"publish","type":"post","link":"https:\/\/radiozapatista.org\/?p=52069","title":{"rendered":"Acoso judicial a periodistas como estrategia de censura en M\u00e9xico; aumenta a\u00f1o con a\u00f1o"},"content":{"rendered":"\n<p>Fuente: <a href=\"https:\/\/avispa.org\/acoso-judicial-a-periodistas-como-estrategia-de-censura-en-mexico-aumenta-ano-con-ano\/\">Avispa Midia<\/a><br>Por Roc\u00edo Heredia<br><em><sup>Foto de portada: Cuartoscuro<\/sup><\/em><\/p>\n\n\n\n<p>Marcos normativos est\u00e1n siendo utilizados como herramientas de censura en M\u00e9xico, alerta la organizaci\u00f3n&nbsp;<em>Art\u00edculo 19<\/em> en la presentaci\u00f3n de su m\u00e1s reciente informe&nbsp;<em>Las Leyes como Mecanismo de Censura: Aumento del acoso judicial contra periodistas en M\u00e9xico<\/em>, publicado este martes (26). La organizaci\u00f3n exige a las autoridades frenar el hostigamiento hacia la prensa \u201cmediante v\u00edas electorales, civiles, penales o administrativas\u201d.<\/p>\n\n\n\n<p>Entre enero y julio de este a\u00f1o, un total de 39 periodistas (28 hombres, 11 mujeres) y 12 medios de comunicaci\u00f3n han sido notificados de procesos legales en su contra. De acuerdo con la organizaci\u00f3n, las cifras muestran un incremento en el acoso judicial, conformando adem\u00e1s un patr\u00f3n que en promedio equivale a un nuevo proceso judicial o administrativo a cada cuatro d\u00edas.&nbsp;<\/p>\n\n\n\n<p>Desde el 2016,&nbsp;<em>Art\u00edculo 19<\/em>&nbsp;ha alertado sobre esta pr\u00e1ctica, sin embargo, lejos de haber un alto, los 51 casos de acoso judicial documentados en lo que va de este a\u00f1o han sobrepasado las cifras de a\u00f1os anteriores donde, desde el 2015, el a\u00f1o con mayor n\u00famero de v\u00edctimas hab\u00eda sido el 2021, con 40 casos.<\/p>\n\n\n\n<!--more-->\n\n\n\n<figure class=\"wp-block-image\"><a class=\"td-modal-image\" href=\"https:\/\/avispa.org\/wp-content\/uploads\/2025\/08\/2-camaras-AcosoPeriodistas.jpeg\"><img decoding=\"async\" src=\"https:\/\/avispa.org\/wp-content\/uploads\/2025\/08\/2-camaras-AcosoPeriodistas.jpeg\" alt=\"\" class=\"wp-image-120590\"\/><\/a><figcaption class=\"wp-element-caption\"><em><sup>Foto: Agencia EFE<\/sup><\/em><\/figcaption><\/figure>\n\n\n\n<p>Los casos de este 2025 se han presentado en 17 estados de M\u00e9xico, lo que representa un 53% de las entidades federativas y manifiesta una pr\u00e1ctica expansiva por todo el pa\u00eds. Veracruz con 10 casos, Ciudad de M\u00e9xico con 9 y Jalisco con 6 son los tres estados que encabezan la lista, seguidos de Campeche, Oaxaca y Puebla, con tres casos cada uno.&nbsp;<\/p>\n\n\n\n<h3 class=\"wp-block-heading\" id=\"h-analisis-del-acoso-judicial\"><strong>An\u00e1lisis del acoso judicial<\/strong><\/h3>\n\n\n\n<p>A diferencia de otras formas de violencia por ejercer el periodismo, el acoso judicial representa una estrategia de desgaste, de recursos econ\u00f3micos, legales y humanos, especialmente cuando las v\u00edctimas son sentenciadas a multas millonarias. La organizaci\u00f3n independiente explica que los principales m\u00f3viles de los procesos judiciales o ministeriales contra periodistas son \u201crevertir discursos inc\u00f3modos, eliminar informaci\u00f3n publicada y mandar un mensaje colectivo sobre \u2018temas prohibidos\u2019, que personas con poder econ\u00f3mico o pol\u00edtico no quieren que se toquen\u201d.<\/p>\n\n\n\n<figure class=\"wp-block-image\"><a class=\"td-modal-image\" href=\"https:\/\/avispa.org\/wp-content\/uploads\/2025\/08\/3-silencio-AcosoPeriodistas.jpeg\"><img decoding=\"async\" src=\"https:\/\/avispa.org\/wp-content\/uploads\/2025\/08\/3-silencio-AcosoPeriodistas-1024x554.jpeg\" alt=\"\" class=\"wp-image-120591\"\/><\/a><figcaption class=\"wp-element-caption\"><em><sup>Foto: Agencia EFE<\/sup><\/em><\/figcaption><\/figure>\n\n\n\n<p>Este patr\u00f3n de acoso judicial, en materia de derecho, son reconocidos como \u201clitigios estrat\u00e9gicos contra la participaci\u00f3n p\u00fablica\u201d y buscan enviar un mensaje colectivo para la prensa y quienes se dedican a la defensa de derechos humanos.&nbsp;<\/p>\n\n\n\n<p>Las v\u00edas legales ministeriales y judiciales implementadas para acosar a quienes ejercen su libertad de expresi\u00f3n son: v\u00eda electoral, v\u00eda penal, administrativa y civil. En los 51 casos de este a\u00f1o, 26 han sido por v\u00eda electoral (50.98%), 14 por v\u00eda penal (27.45%), y 11 civiles (21.57%).<\/p>\n\n\n\n<p>El acoso judicial en M\u00e9xico est\u00e1 en manos de personas con alta capacidad econ\u00f3mica y poder pol\u00edtico, alerta la organizaci\u00f3n, pues concentran los recursos suficientes para ganar los casos y, sobre todo, pueden darse el lujo de iniciar varios procesos simult\u00e1neamente por diferentes v\u00edas legales y en distintas cortes, con la finalidad de agotar los recursos de los defensores.<\/p>\n\n\n\n<h3 class=\"wp-block-heading\" id=\"h-violencia-politica-en-razon-de-genero-nueva-forma-de-censura\"><strong>Violencia pol\u00edtica en raz\u00f3n de g\u00e9nero, nueva forma de censura<\/strong><\/h3>\n\n\n\n<p>De los 51 procesos documentados este a\u00f1o, 25 fueron por Violencia Pol\u00edtica en Raz\u00f3n de G\u00e9nero (VPEG), demostrando que \u201cuno de cada dos procesos de acoso judicial contra la prensa en el pa\u00eds se iniciaron abusando de la normativa de VPEG\u201d, afirma el reporte de la organizaci\u00f3n.<\/p>\n\n\n\n<p>El marco normativo que tipifica y aborda la Violencia Pol\u00edtica contra las Mujeres en Raz\u00f3n de G\u00e9nero en M\u00e9xico, entr\u00f3 en vigor el 14 de abril de 2020, tras la publicaci\u00f3n del Decreto en el Diario Oficial de la Federaci\u00f3n. Aunque representa un avance en la garant\u00eda de protecci\u00f3n a las mujeres en el \u00e1mbito pol\u00edtico y electoral, las cifras demuestran c\u00f3mo esta herramienta se ha corrompido en la medida que carece de una perspectiva de derechos humanos y de libertad de expresi\u00f3n, generando un uso \u201cabusivo contra periodistas y medios de comunicaci\u00f3n de manera desproporcionada\u201d, de acuerdo con&nbsp;<em>Art\u00edculo 19<\/em>.<\/p>\n\n\n\n<p>El abuso de la VPEG ha llegado al l\u00edmite de censurar a mujeres periodistas, 5 en lo que va del a\u00f1o, por criticar \u201ccorrupci\u00f3n, falta de transparencia y hasta por resaltar presuntos v\u00ednculos con grupos de delincuencia organizada o con los militares\u201d.<\/p>\n\n\n\n<p>Frente a ese abuso en la aplicaci\u00f3n de la VPEG, hay una violencia real emitida contra mujeres periodistas que no est\u00e1 siendo atendida. La organizaci\u00f3n&nbsp;<em>Comunicaci\u00f3n e Informaci\u00f3n de la Mujer<\/em>&nbsp;(CIMAC), en su informe \u201cLas formas del asedio. Violencia contra mujeres periodistas en el sexenio de L\u00f3pez Obrador\u201d, ha documentado que en el sexenio de Andr\u00e9s Manuel L\u00f3pez Obrador (AMLO) hubo 1,189 casos de agresiones contra mujeres periodistas mientras ejerc\u00edan su trabajo informativo, 641 casos m\u00e1s que los registrados durante el periodo presidencial de Enrique Pe\u00f1a Nieto.<\/p>\n\n\n\n<figure class=\"wp-block-image\"><a class=\"td-modal-image\" href=\"https:\/\/avispa.org\/wp-content\/uploads\/2025\/08\/1-Portada-AcosoPeriodistas.jpg\"><img decoding=\"async\" src=\"https:\/\/avispa.org\/wp-content\/uploads\/2025\/08\/1-Portada-AcosoPeriodistas-1024x682.jpg\" alt=\"\" class=\"wp-image-120589\"\/><\/a><figcaption class=\"wp-element-caption\"><em><sup>Protesta de periodistas contra la violencia. Foto: Nayely Cruz, 2022.<\/sup><\/em><\/figcaption><\/figure>\n\n\n\n<p>Al igual que el acoso judicial, las agresiones contra mujeres periodistas tienen el objetivo de bloquear la informaci\u00f3n publicada, amenazar, intimidar y desacreditar o estigmatizar el trabajo de las corresponsales. En los casos de mayor gravedad -aunque en menor medida- esta violencia ha alcanzado el feminicidio y el exilio.<\/p>\n\n\n\n<p>De acuerdo con la CIMAC, el bloqueo informativo es la principal causa de agresi\u00f3n y el 46% de su total ha sido ejercido por personas en cargos p\u00fablicos, desmintiendo la narrativa oficial de este gobierno quien se define como \u2018el m\u00e1s transparente de la historia\u2019.<\/p>\n\n\n\n<p>En el sexenio de Pe\u00f1a Nieto hubo 122 casos de agresi\u00f3n ejercidos por personas funcionarias estatales, quienes encabezan la lista de tipos de personas agresoras. En el periodo de AMLO, esta misma categor\u00eda ocupa el primer lugar con 219 casos registrados.<\/p>\n\n\n\n<p>Las conferencias de prensa matutinas -conocidas como ma\u00f1aneras- popularizadas por AMLO, fueron un escenario perfecto para el desprestigio de la labor period\u00edstica en M\u00e9xico, debido a que el ex mandatario se rehusaba a aceptar cr\u00edticas y cuestionamientos de la prensa calific\u00e1ndoles de \u2018vendidos\u2019, \u2018chayoteros\u2019, \u2018conservadores\u2019, \u2018opositores\u2019 entre otros t\u00e9rminos despectivos tan s\u00f3lo por cuestionar su gobernatura. CIMAC explica que al tratarse de una m\u00e1xima figura de poder (el presidente) cometiendo una agresi\u00f3n, contribuye a normalizar la violencia.&nbsp;<\/p>\n\n\n\n<h3 class=\"wp-block-heading\" id=\"h-muertes\"><strong>Muertes<\/strong><\/h3>\n\n\n\n<p>Del a\u00f1o 2000 a la fecha, 174 comunicadores han sido asesinados en M\u00e9xico.&nbsp;<em>Art\u00edculo 19<\/em>&nbsp;ha documentado que 162 son hombres y 12 mujeres. Durante la gobernatura de AMLO fueron 47 las v\u00edctimas, una menos que en el sexenio de Felipe Calder\u00f3n. En la gesti\u00f3n de Claudia Sheinbaum 7 periodistas han sido asesinados. Cifras que evidencian la peligrosidad de no atender todo tipo de agresi\u00f3n contra quienes ejercen la comunicaci\u00f3n.<\/p>\n\n\n\n<figure class=\"wp-block-image\"><a class=\"td-modal-image\" href=\"https:\/\/avispa.org\/wp-content\/uploads\/2025\/08\/5-velas-AcosoPeriodistas.jpg\"><img decoding=\"async\" src=\"https:\/\/avispa.org\/wp-content\/uploads\/2025\/08\/5-velas-AcosoPeriodistas-1024x682.jpg\" alt=\"\" class=\"wp-image-120593\"\/><\/a><figcaption class=\"wp-element-caption\"><em><sup>Foto: Nayely Cruz<\/sup><\/em><\/figcaption><\/figure>\n\n\n\n<p>En el informe presentado, la organizaci\u00f3n llama en primer lugar a \u201cparticulares y personas con proyecci\u00f3n p\u00fablica, personas funcionarias p\u00fablicas y aspirantes a cargos de elecci\u00f3n popular\u201d a apegarse a otros medios legales no agresivos y de censura como el derecho a r\u00e9plica que se enmarca en el art\u00edculo 6to constitucional.<\/p>\n\n\n\n<p>A los poderes ejecutivos estatales y federales llama a ser tolerantes frente a discursos cr\u00edticos y a emplear correctamente la normativa de la VPEG. Y en t\u00e9rminos generales llama al Poder Judicial de la Federaci\u00f3n y poderes judiciales locales, al Congreso de la Uni\u00f3n y sus congresos locales, al Instituto Nacional Electoral y al Tribunal Electoral del Poder Judicial de la Federaci\u00f3n, a ejercer su labor de forma transparente, garantizando con efectividad el derecho a la libre expresi\u00f3n en M\u00e9xico.<\/p>\n","protected":false},"excerpt":{"rendered":"<p>Fuente: Avispa MidiaPor Roc\u00edo HerediaFoto de portada: Cuartoscuro Marcos normativos est\u00e1n siendo utilizados como herramientas de censura en M\u00e9xico, alerta la organizaci\u00f3n&nbsp;Art\u00edculo 19 en la presentaci\u00f3n de su m\u00e1s reciente informe&nbsp;Las Leyes como Mecanismo de Censura: Aumento del acoso judicial contra periodistas en M\u00e9xico, publicado este martes (26). La organizaci\u00f3n exige a las autoridades frenar [&hellip;]<\/p>\n","protected":false},"author":21,"featured_media":52070,"comment_status":"open","ping_status":"closed","sticky":false,"template":"","format":"standard","meta":{"footnotes":""},"categories":[51,826,954,935],"tags":[58,53,1416,567,147,87,148,27],"class_list":["post-52069","post","type-post","status-publish","format-standard","has-post-thumbnail","hentry","category-autor","category-medios-libres-2","category-mexico","category-temas","tag-derechos-humanos","tag-justicia","tag-libertad-de-expresion","tag-megaproyectos","tag-militarizacion","tag-represion","tag-resistencia","tag-solidaridad"],"_links":{"self":[{"href":"https:\/\/radiozapatista.org\/index.php?rest_route=\/wp\/v2\/posts\/52069","targetHints":{"allow":["GET"]}}],"collection":[{"href":"https:\/\/radiozapatista.org\/index.php?rest_route=\/wp\/v2\/posts"}],"about":[{"href":"https:\/\/radiozapatista.org\/index.php?rest_route=\/wp\/v2\/types\/post"}],"author":[{"embeddable":true,"href":"https:\/\/radiozapatista.org\/index.php?rest_route=\/wp\/v2\/users\/21"}],"replies":[{"embeddable":true,"href":"https:\/\/radiozapatista.org\/index.php?rest_route=%2Fwp%2Fv2%2Fcomments&post=52069"}],"version-history":[{"count":2,"href":"https:\/\/radiozapatista.org\/index.php?rest_route=\/wp\/v2\/posts\/52069\/revisions"}],"predecessor-version":[{"id":52073,"href":"https:\/\/radiozapatista.org\/index.php?rest_route=\/wp\/v2\/posts\/52069\/revisions\/52073"}],"wp:featuredmedia":[{"embeddable":true,"href":"https:\/\/radiozapatista.org\/index.php?rest_route=\/wp\/v2\/media\/52070"}],"wp:attachment":[{"href":"https:\/\/radiozapatista.org\/index.php?rest_route=%2Fwp%2Fv2%2Fmedia&parent=52069"}],"wp:term":[{"taxonomy":"category","embeddable":true,"href":"https:\/\/radiozapatista.org\/index.php?rest_route=%2Fwp%2Fv2%2Fcategories&post=52069"},{"taxonomy":"post_tag","embeddable":true,"href":"https:\/\/radiozapatista.org\/index.php?rest_route=%2Fwp%2Fv2%2Ftags&post=52069"}],"curies":[{"name":"wp","href":"https:\/\/api.w.org\/{rel}","templated":true}]}}