{"id":52065,"date":"2025-08-29T21:59:23","date_gmt":"2025-08-30T03:59:23","guid":{"rendered":"https:\/\/radiozapatista.org\/?p=52065"},"modified":"2025-08-31T10:42:48","modified_gmt":"2025-08-31T16:42:48","slug":"saweto-sentencia-por-asesinato-de-cuatro-lideres-de-la-amazonia-marca-precedente","status":"publish","type":"post","link":"https:\/\/radiozapatista.org\/?p=52065","title":{"rendered":"Saweto: sentencia por asesinato de cuatro l\u00edderes de la Amazon\u00eda marca precedente"},"content":{"rendered":"\n<p>Fuente: <a href=\"https:\/\/avispa.org\/saweto-sentencia-por-asesinato-de-cuatro-lideres-de-la-amazonia-marca-precedente\/\">Avispa Midia<\/a><br>Por Javier Bed\u00eda Prado<br><em><sup>Fotos por Aidesep<\/sup><\/em><\/p>\n\n\n\n<p>Tras once a\u00f1os del asesinato de cuatro l\u00edderes ash\u00e9ninkas de la comunidad Alto Tamaya-Saweto (regi\u00f3n Ucayali), el Poder Judicial del Per\u00fa ratific\u00f3 la sentencia contra los autores del crimen.<\/p>\n\n\n\n<p>En un fallo que marca precedentes para casos de cr\u00edmenes contra dirigentes ind\u00edgenas, la Corte Superior de Justicia de Ucayali confirm\u00f3, este lunes 25 de agosto, la pena de&nbsp;28 a\u00f1os de c\u00e1rcel por homicidio calificado a cuatro taladores ilegales, quienes a\u00fan no son capturados.&nbsp;<\/p>\n\n\n\n<p>Se teme que los asesinos escapen del pa\u00eds y la sentencia no se ejecute. Hay, adem\u00e1s, un quinto acusado cuyo proceso se encuentra suspendido y de qui\u00e9n se desconoce su paradero.<\/p>\n\n\n\n<p>\u201cTenemos informaci\u00f3n de que ya han intentado huir hacia Brasil. Si no se act\u00faa de inmediato, la justicia podr\u00eda volver a quedar impune\u201d,&nbsp;se\u00f1al\u00f3 la Organizaci\u00f3n Regional Aidesep Ucayali (ORAU).<\/p>\n\n\n\n<p>En este largo proceso, los familiares de las v\u00edctimas se enfrentaron a obst\u00e1culos por parte de las autoridades, como la anulaci\u00f3n de una primera condena en 2023, lo que signific\u00f3 el inicio de un nuevo juicio. La presi\u00f3n de las comunidades amaz\u00f3nicas para visibilizar el caso Saweto durante estos a\u00f1os fue clave.&nbsp;<\/p>\n\n\n\n<p>El crimen fue cometido el 1 de setiembre de 2014, cuando a Edwin Chota -un emblem\u00e1tico defensor de los territorios ash\u00e9ninka-, Jorge R\u00edos, Leoncio Quintisima y Francisco Pinedo los emboscaron cerca de la frontera con Brasil, adonde se dirig\u00edan para participar en una reuni\u00f3n internacional de l\u00edderes ind\u00edgenas.<\/p>\n\n\n\n<!--more-->\n\n\n\n<p>Desde a\u00f1os anteriores, Edwin Chota denunci\u00f3 e identific\u00f3 ante el Ministerio P\u00fablico, la Polic\u00eda y el Gobierno Regional de Ucayali a los taladores que extra\u00edan madera de territorios de su comunidad. En sus denuncias incluy\u00f3 las coordenadas de las \u00e1reas donde operaban. Sin embargo, \u00e9l y los dem\u00e1s defensores no recibieron protecci\u00f3n.&nbsp;<\/p>\n\n\n\n<figure class=\"wp-block-image\"><a class=\"td-modal-image\" href=\"https:\/\/avispa.org\/wp-content\/uploads\/2025\/08\/saweto3.jpg\"><img decoding=\"async\" src=\"https:\/\/avispa.org\/wp-content\/uploads\/2025\/08\/saweto3-1024x683.jpg\" alt=\"\" class=\"wp-image-120562\"\/><\/a><\/figure>\n\n\n\n<p>\u201cCon este fallo, la sala confirma la responsabilidad de los sentenciados en el crimen de los l\u00edderes ind\u00edgenas asesinados por defender los bosques y el ambiente, que son parte de su territorio. Esto genera un precedente para los otros casos de defensores ind\u00edgenas y un mensaje de resistencia y esperanza frente a la impunidad\u201d, declar\u00f3 Roc\u00edo Trujillo Sol\u00eds, abogada de la familia de Edwin Chota.<\/p>\n\n\n\n<p>Entre 2013 y este a\u00f1o se registran por lo menos 36 asesinatos de defensores de la Amazon\u00eda en circunstancias similares, de acuerdo a la Asociaci\u00f3n Inter\u00e9tnica de Desarrollo de la Selva Peruana (Aidesep).&nbsp;<\/p>\n\n\n\n<p>\u201cEsta resoluci\u00f3n en segunda instancia constituye un paso s\u00f3lido y trascendental en la ardua lucha contra la impunidad.&nbsp;Adem\u00e1s, ratifica el rigor de la pena indicada en la instancia anterior, que fue la primera condena significativa relacionada con cr\u00edmenes en que l\u00edderes ind\u00edgenas peruanos fueron las v\u00edctimas\u201d, resalt\u00f3 la organizaci\u00f3n ind\u00edgena.<\/p>\n\n\n\n<p>Entre 2010 y 2024 se reportaron, solo entre Ucayali y otras dos regiones de la Amazon\u00eda peruana, 226 casos de defensoras y defensores de pueblos originarios en riesgo, seg\u00fan el informe&nbsp;<em>Situaci\u00f3n de los defensores ind\u00edgenas en Ucayali 2024<\/em>, elaborado por ProPur\u00fas y la Organizaci\u00f3n Regional Aidesep Ucayali (ORAU).&nbsp;<\/p>\n\n\n\n<p>El seguimiento y la acreditaci\u00f3n de la madera extra\u00edda de la Amazon\u00eda tiene graves vac\u00edos. En un estudio que abarca de 2010 a 2019,&nbsp;<em>Global Witness<\/em>&nbsp;hall\u00f3 que m\u00e1s del 60% de la madera inspeccionada por el Organismo de Supervisi\u00f3n de los Recursos Forestales (Osinfor) en Loreto y Ucayali es de origen il\u00edcito. Una estimaci\u00f3n incluso insuficiente, puesto que se basa solo en los bosques supervisados, menos de la mitad de las \u00e1reas madereras.&nbsp;<\/p>\n","protected":false},"excerpt":{"rendered":"<p>Fuente: Avispa MidiaPor Javier Bed\u00eda PradoFotos por Aidesep Tras once a\u00f1os del asesinato de cuatro l\u00edderes ash\u00e9ninkas de la comunidad Alto Tamaya-Saweto (regi\u00f3n Ucayali), el Poder Judicial del Per\u00fa ratific\u00f3 la sentencia contra los autores del crimen. En un fallo que marca precedentes para casos de cr\u00edmenes contra dirigentes ind\u00edgenas, la Corte Superior de Justicia [&hellip;]<\/p>\n","protected":false},"author":21,"featured_media":52066,"comment_status":"open","ping_status":"closed","sticky":false,"template":"","format":"standard","meta":{"footnotes":""},"categories":[957,51,1284,826,958,935],"tags":[1160,58,53,567,147,23,545,87,148,27,483],"class_list":["post-52065","post","type-post","status-publish","format-standard","has-post-thumbnail","hentry","category-autonomia","category-autor","category-latinoamerica","category-medios-libres-2","category-megaproyectos","category-temas","tag-amazonia","tag-derechos-humanos","tag-justicia","tag-megaproyectos","tag-militarizacion","tag-paramilitares","tag-pueblos-indigenas","tag-represion","tag-resistencia","tag-solidaridad","tag-tierra-y-territorio"],"_links":{"self":[{"href":"https:\/\/radiozapatista.org\/index.php?rest_route=\/wp\/v2\/posts\/52065","targetHints":{"allow":["GET"]}}],"collection":[{"href":"https:\/\/radiozapatista.org\/index.php?rest_route=\/wp\/v2\/posts"}],"about":[{"href":"https:\/\/radiozapatista.org\/index.php?rest_route=\/wp\/v2\/types\/post"}],"author":[{"embeddable":true,"href":"https:\/\/radiozapatista.org\/index.php?rest_route=\/wp\/v2\/users\/21"}],"replies":[{"embeddable":true,"href":"https:\/\/radiozapatista.org\/index.php?rest_route=%2Fwp%2Fv2%2Fcomments&post=52065"}],"version-history":[{"count":2,"href":"https:\/\/radiozapatista.org\/index.php?rest_route=\/wp\/v2\/posts\/52065\/revisions"}],"predecessor-version":[{"id":52074,"href":"https:\/\/radiozapatista.org\/index.php?rest_route=\/wp\/v2\/posts\/52065\/revisions\/52074"}],"wp:featuredmedia":[{"embeddable":true,"href":"https:\/\/radiozapatista.org\/index.php?rest_route=\/wp\/v2\/media\/52066"}],"wp:attachment":[{"href":"https:\/\/radiozapatista.org\/index.php?rest_route=%2Fwp%2Fv2%2Fmedia&parent=52065"}],"wp:term":[{"taxonomy":"category","embeddable":true,"href":"https:\/\/radiozapatista.org\/index.php?rest_route=%2Fwp%2Fv2%2Fcategories&post=52065"},{"taxonomy":"post_tag","embeddable":true,"href":"https:\/\/radiozapatista.org\/index.php?rest_route=%2Fwp%2Fv2%2Ftags&post=52065"}],"curies":[{"name":"wp","href":"https:\/\/api.w.org\/{rel}","templated":true}]}}