{"id":52059,"date":"2025-08-28T14:29:10","date_gmt":"2025-08-28T20:29:10","guid":{"rendered":"https:\/\/radiozapatista.org\/?p=52059"},"modified":"2025-08-31T10:43:12","modified_gmt":"2025-08-31T16:43:12","slug":"zarpan-en-secreto-decenas-de-pequenas-embarcaciones-hacia-gaza-con-ayuda-humanitaria","status":"publish","type":"post","link":"https:\/\/radiozapatista.org\/?p=52059","title":{"rendered":"Zarpan en secreto decenas de peque\u00f1as embarcaciones hacia Gaza con ayuda humanitaria"},"content":{"rendered":"\n<p>Fuente: <a href=\"https:\/\/avispa.org\/zarpan-en-secreto-decenas-de-pequenas-embarcaciones-hacia-gaza-con-ayuda-humanitaria\/\">Avispa Midia<\/a><br>Por Santiago Navarro F<\/p>\n\n\n\n<p>Desde Mediterr\u00e1neo Occidental, en el Moll de la Fusta de Barcelona, un puerto que ha visto zarpar hist\u00f3ricas traves\u00edas, una a una se preparan decenas de peque\u00f1as embarcaciones civiles para partir este domingo (30). Su objetivo es desafiar uno de los bloqueos m\u00e1s bestiales del mundo contempor\u00e1neo: el del Estado israel\u00ed sobre la Franja de Gaza. Esta es la llamada&nbsp;<em>Flotilla Global Sumud<\/em>, una iniciativa que aspira a convertirse en la &#8220;mayor misi\u00f3n humanitaria&#8221; de la historia liderada por la sociedad civil global.<\/p>\n\n\n\n<p>La palabra &#8220;Sumud&#8221; en \u00e1rabe significa &#8220;firmeza&#8221; o &#8220;resistencia pac\u00edfica&#8221;, un concepto profundamente arraigado en la identidad palestina. Es esta la firmeza que marca el coraz\u00f3n y la raz\u00f3n de cada tripulante que sostiene esta coalici\u00f3n sin precedentes, compuesta por cuatro grandes alianzas internacionales: la Campa\u00f1a Global para el Retorno a Palestina, la veterana Coalici\u00f3n de la Flotilla de la Libertad \u2014cuya tragedia del Mavi Marmara en 2010 a\u00fan resuena\u2014, el Convoy Sumud del Magreb y la Iniciativa Nusantara Sumud del Sudeste Asi\u00e1tico.<\/p>\n\n\n\n<figure class=\"wp-block-image\"><a class=\"td-modal-image\" href=\"https:\/\/avispa.org\/wp-content\/uploads\/2025\/08\/El-portavoz-de-la-Global-Sumud-Flotilla-Saif-Abukeshek-dirigiendose-a-los-manifestants-aunados-en-a-la-Plaza-de-Sant-Jaume-de-Barcelona-por-Gaza.-_-Albert-Hernandez.webp\"><img decoding=\"async\" src=\"https:\/\/avispa.org\/wp-content\/uploads\/2025\/08\/El-portavoz-de-la-Global-Sumud-Flotilla-Saif-Abukeshek-dirigiendose-a-los-manifestants-aunados-en-a-la-Plaza-de-Sant-Jaume-de-Barcelona-por-Gaza.-_-Albert-Hernandez-1024x576.webp\" alt=\"\" class=\"wp-image-120576\"\/><\/a><figcaption class=\"wp-element-caption\"><em><sup>El portavoz de la Global Sumud Flotilla Saif Abukeshek, dirigi\u00e9ndose a los manifestants a\u00fanados en a la Plaza de Sant Jaume de Barcelona por Gaza. Foto: Albert Hern\u00e1ndez<\/sup><\/em><\/figcaption><\/figure>\n\n\n\n<p>Hasta el momento se han sumado activistas provenientes de 44 pa\u00edses, desde Argelia, Espa\u00f1a, Italia, Grecia, Marruecos, Colombia, Brasil, M\u00e9xico, EEUU, Arabia Saudita, Irlanda, entre otros. Nuevamente se suma a esta iniciativa la activista sueca Greta Thunberg, ya que en junio pasado, en un intento por romper el bloqueo con la entonces llamada&nbsp;<em>Flotilla de la Libertad<\/em>, fueron detenidos y deportados.<\/p>\n\n\n\n<!--more-->\n\n\n\n<p>Hasta el momento se mantiene en total secretismo el n\u00famero de embarcaciones que se han sumado a esta gran traves\u00eda humanitaria, as\u00ed como los puestos de donde zarpar\u00e1n, aparte de Barcelona y T\u00fanez. Lo que se sabe es que abordo no viajan soldados, sino sindicalistas, m\u00e9dicos, parlamentarios y activistas como la actriz estadounidense Susan Sarandon y la portuguesa Sof\u00eda Apar\u00edcio. Tambi\u00e9n se suman activistas de Indonesia, Malasia, Filipinas, Maldivas, Bangladesh, But\u00e1n, Tailandia, Sri Lanka, Nepal y Pakist\u00e1n, entre otros.<\/p>\n\n\n\n<p>Lo organizadores aseguran que las embarcaciones en su mayor\u00eda son peque\u00f1as y medianas, como el Madleen, ya&nbsp;&nbsp;\u201cque son legalmente viables, \u00e1giles y m\u00e1s dif\u00edciles de obstruir. Cada barco es supervisado por una delegaci\u00f3n regional con apoyo legal, n\u00e1utico y log\u00edstico de la coalici\u00f3n de la flotilla\u201d.<\/p>\n\n\n\n<p>Su objetivo es triple: entregar ayuda de forma directa, romper el aislamiento medi\u00e1tico y pol\u00edtico de Gaza, y denunciar ante el mundo lo que califican como una &#8220;guerra genocida&#8221; y un &#8220;asedio ilegal&#8221; que constituye un castigo colectivo, violando el Cuarto Convenio de Ginebra.<\/p>\n\n\n\n<p>Desde octubre de 2023, Israel ha matado a m\u00e1s de 62 mil palestinos y ha herido a m\u00e1s de 157 mil personas. Mientras, Tel Aviv sigue obstaculizando sistem\u00e1ticamente la entrada de alimentos y ayuda humanitaria en el enclave.<\/p>\n\n\n\n<p>&#8220;Es lamentable que tengamos que hacerlo nosotros; que tengamos que cargar barcos con ayuda humanitaria para intentar romper el bloqueo y frenar el genocidio&#8221;, declar\u00f3 Sa\u00eff Abukeshek, portavoz de la flotilla, quien el pasado junio fue detenido por Egipto durante la Marcha Global por Gaza. \u201cNo solo anunciamos la misi\u00f3n en s\u00ed, sino la construcci\u00f3n de un movimiento global de solidaridad que trabaja con todos los pueblos oprimidos\u201d, detall\u00f3 el activista.<\/p>\n\n\n\n<figure class=\"wp-block-image\"><a class=\"td-modal-image\" href=\"https:\/\/avispa.org\/wp-content\/uploads\/2025\/08\/Partida-de-la-flotilla-Global-Sumud.jpg\"><img decoding=\"async\" src=\"https:\/\/avispa.org\/wp-content\/uploads\/2025\/08\/Partida-de-la-flotilla-Global-Sumud.jpg\" alt=\"\" class=\"wp-image-120579\"\/><\/a><\/figure>\n\n\n\n<p>Esta traves\u00eda esta planeada para ejecutarse entre siete y ocho d\u00edas. Se han establecido estrictas medidas de seguridad y discreci\u00f3n, conscientes de las experiencias vividas enteriormente por la represi\u00f3n israel\u00ed. Este a\u00f1o ya se han registrado dos amargos precedentes: el buque Madleen, con Thunberg abordo, y el Handala, los cuales fueron interceptados en junio y julio respectivamente mediante ataques con drones y abordajes por comandos israel\u00edes en aguas internacionales. Sus pasajeros fueron golpeados, secuestrados, deportados y se les confiscaron sus tel\u00e9fonos.<\/p>\n\n\n\n<p>Los coordinadores de la Flotilla Sumud tienen la certeza de que esta acci\u00f3n es legal seg\u00fan el derecho internacional, adem\u00e1s porque \u201clas embarcaciones civiles que transportan ayuda humanitaria o participan en protestas pac\u00edficas en aguas internacionales est\u00e1n protegidas por el derecho mar\u00edtimo\u201d, puntualizan&nbsp;<\/p>\n\n\n\n<p>La iniciativa de la&nbsp;<em>Flotilla Global Sumud<\/em>&nbsp;representa el despliegue de solidaridad mar\u00edtima m\u00e1s ambicioso desde 2007. La estrategia se basa en la masa y la atenci\u00f3n internacional: con docenas de barcos peque\u00f1os y \u00e1giles \u2014m\u00e1s dif\u00edciles de obstruir\u2014 y una cobertura medi\u00e1tica constante, se busca elevar el coste pol\u00edtico de cualquier agresi\u00f3n israel\u00ed, as\u00ed mismo, se busca que los gobiernos del mundo se posicionen y tomen partido sobre este genocidio.<\/p>\n\n\n\n<p>\u201cNuestro modelo descentralizado, con cientos de embarcaciones peque\u00f1as, fomenta la resiliencia, distribuye la responsabilidad y amplifica el liderazgo de base. Si un buque grande est\u00e1 disponible y se alinea con nuestra misi\u00f3n, puede unirse. Pero nuestra fuerza est\u00e1 en la escala, la velocidad y la estrategia\u201d, anuncian los activistas de la flotilla humanitaria.<\/p>\n\n\n\n<p>Detr\u00e1s de cada barco hay una historia de convicci\u00f3n; por ejemplo, desde el Pa\u00eds Vasco, donde colectivos han organizado ayunos, manifestaciones y una marcha por la r\u00eda de Bilbao en apoyo a la causa Palestina, hasta los puertos de T\u00fanez e Italia que zarpar\u00e1n en simult\u00e1neo. Incluso hay un barco exclusivo para mujeres y otro para veteranos de EEUU, simbolizando el amplio espectro de apoyo.<\/p>\n\n\n\n<figure class=\"wp-block-image\"><a class=\"td-modal-image\" href=\"https:\/\/avispa.org\/wp-content\/uploads\/2025\/08\/Manifestantes-contra-el-genocidio-Israel-Foto-de-William-WES.jpg\"><img decoding=\"async\" src=\"https:\/\/avispa.org\/wp-content\/uploads\/2025\/08\/Manifestantes-contra-el-genocidio-Israel-Foto-de-William-WES-1024x683.jpg\" alt=\"\" class=\"wp-image-120578\"\/><\/a><figcaption class=\"wp-element-caption\"><em><sup>Manifestantes participan en una concentraci\u00f3n a favor de Palestina contra las acciones de Israel y la actual escasez de alimentos en la Franja de Gaza, que la ONU declar\u00f3 oficialmente en estado de hambruna el 22 de agosto, durante una protesta en Melbourne el 24 de agosto de 2025. Foto de William West.<\/sup><\/em><\/figcaption><\/figure>\n\n\n\n<p>Mientras tanto, en Gaza, el ej\u00e9rcito israel\u00ed intensifica su ofensiva, donde un mill\u00f3n de personas vive una pesadilla a diario. La hambruna, declarada oficialmente por la ONU, se ha cobrado ya 317 vidas desde octubre del 2023, 121 de ellos ni\u00f1os. El bloqueo, total por tierra, mar y aire, convierte cada env\u00edo de ayuda en una trampa burocr\u00e1tica o mortal.<\/p>\n\n\n\n<p>Quienes se encaminan a esta traves\u00eda aseguran, \u201cnuestros esfuerzos se basan en d\u00e9cadas de resistencia palestina y solidaridad internacional. Aunque pertenecemos a diferentes naciones, religiones y creencias pol\u00edticas, nos une una sola verdad: el asedio y el genocidio deben terminar\u201d.<\/p>\n\n\n\n<p>Esta iniciativa es totalmente independiente, no est\u00e1n afiliados a ning\u00fan gobierno o partido pol\u00edtico. \u201cNuestra lealtad es a la justicia, la libertad y la santidad de la vida humana\u201d, declara la&nbsp;<em>Flotilla Global Sumud.<\/em><\/p>\n","protected":false},"excerpt":{"rendered":"<p>Fuente: Avispa MidiaPor Santiago Navarro F Desde Mediterr\u00e1neo Occidental, en el Moll de la Fusta de Barcelona, un puerto que ha visto zarpar hist\u00f3ricas traves\u00edas, una a una se preparan decenas de peque\u00f1as embarcaciones civiles para partir este domingo (30). Su objetivo es desafiar uno de los bloqueos m\u00e1s bestiales del mundo contempor\u00e1neo: el del [&hellip;]<\/p>\n","protected":false},"author":21,"featured_media":52061,"comment_status":"open","ping_status":"closed","sticky":false,"template":"","format":"standard","meta":{"footnotes":""},"categories":[957,826,958,953],"tags":[58,1439,53,567,147,545,87,148,27,483],"class_list":["post-52059","post","type-post","status-publish","format-standard","has-post-thumbnail","hentry","category-autonomia","category-medios-libres-2","category-megaproyectos","category-mundo","tag-derechos-humanos","tag-genocidio","tag-justicia","tag-megaproyectos","tag-militarizacion","tag-pueblos-indigenas","tag-represion","tag-resistencia","tag-solidaridad","tag-tierra-y-territorio"],"_links":{"self":[{"href":"https:\/\/radiozapatista.org\/index.php?rest_route=\/wp\/v2\/posts\/52059","targetHints":{"allow":["GET"]}}],"collection":[{"href":"https:\/\/radiozapatista.org\/index.php?rest_route=\/wp\/v2\/posts"}],"about":[{"href":"https:\/\/radiozapatista.org\/index.php?rest_route=\/wp\/v2\/types\/post"}],"author":[{"embeddable":true,"href":"https:\/\/radiozapatista.org\/index.php?rest_route=\/wp\/v2\/users\/21"}],"replies":[{"embeddable":true,"href":"https:\/\/radiozapatista.org\/index.php?rest_route=%2Fwp%2Fv2%2Fcomments&post=52059"}],"version-history":[{"count":3,"href":"https:\/\/radiozapatista.org\/index.php?rest_route=\/wp\/v2\/posts\/52059\/revisions"}],"predecessor-version":[{"id":52075,"href":"https:\/\/radiozapatista.org\/index.php?rest_route=\/wp\/v2\/posts\/52059\/revisions\/52075"}],"wp:featuredmedia":[{"embeddable":true,"href":"https:\/\/radiozapatista.org\/index.php?rest_route=\/wp\/v2\/media\/52061"}],"wp:attachment":[{"href":"https:\/\/radiozapatista.org\/index.php?rest_route=%2Fwp%2Fv2%2Fmedia&parent=52059"}],"wp:term":[{"taxonomy":"category","embeddable":true,"href":"https:\/\/radiozapatista.org\/index.php?rest_route=%2Fwp%2Fv2%2Fcategories&post=52059"},{"taxonomy":"post_tag","embeddable":true,"href":"https:\/\/radiozapatista.org\/index.php?rest_route=%2Fwp%2Fv2%2Ftags&post=52059"}],"curies":[{"name":"wp","href":"https:\/\/api.w.org\/{rel}","templated":true}]}}