{"id":52046,"date":"2025-08-22T21:16:03","date_gmt":"2025-08-23T03:16:03","guid":{"rendered":"https:\/\/radiozapatista.org\/?p=52046"},"modified":"2025-08-23T21:07:56","modified_gmt":"2025-08-24T03:07:56","slug":"avances-y-retrocesos-en-el-caso-de-las-56-personas-mazatecas-con-ordenes-de-aprehension","status":"publish","type":"post","link":"https:\/\/radiozapatista.org\/?p=52046","title":{"rendered":"Avances y retrocesos en el caso de las 56 personas mazatecas con \u00f3rdenes de aprehensi\u00f3n"},"content":{"rendered":"\n<p>Fuente: <a href=\"https:\/\/avispa.org\/avances-y-retrocesos-en-el-caso-de-las-56-personas-mazatecas-con-ordenes-de-aprehension\/\">Avispa Midia<\/a><br>Por Roc\u00edo Heredia<br><em><sup>En portada: Asamblea Comunitaria de Eloxochitl\u00e1n de Flores Mag\u00f3n a las afueras del Juzgado de Huautla.\u00a0Fotograf\u00edas por David Peralta<\/sup><\/em><\/p>\n\n\n\n<p>Este lunes (18) fue suspendida una audiencia en Huautla de Jim\u00e9nez, cuya finalidad era dar seguimiento a los casos de tres miembros de la Asamblea Comunitaria de Eloxochitl\u00e1n de Flores Mag\u00f3n. La raz\u00f3n de la suspensi\u00f3n se debi\u00f3 a que abogados de la Defensor\u00eda P\u00fablica Federal no se presentaron, debido a las modificaciones en la Reforma Judicial que implican, que este 1 de septiembre&nbsp;tomen posesi\u00f3n los nuevos titulares surgidos de la elecci\u00f3n judicial el 1 de junio pasado.<\/p>\n\n\n\n<p>Desde el 2014, Manuel Zepeda Cort\u00e9s \u2013expresidente municipal de Eloxochitl\u00e1n\u2014, su hija Elisa Zepeda Lagunas \u2013diputada de Morena\u2013, dem\u00e1s familiares y otros miembros de Eloxochitl\u00e1n, han perseguido a integrantes de la Asamblea comunitaria porque representan una amenzan a su poder caciquil y a su empresa extractiva que se sustenta despojando al r\u00edo&nbsp;<em>Xanga Nd\u00e1 Ge<\/em>. Hasta el a\u00f1o pasado eran 40 los perseguidos pol\u00edticos, pero a partir de junio de este a\u00f1o la lista aument\u00f3 a 56 personas -entre estas 8 mujeres- con 200 \u00f3rdenes de aprehensi\u00f3n en su contra.<\/p>\n\n\n\n<p>La audiencia que este lunes se vi\u00f3 suspendida correspond\u00eda al caso de Antonio, Ad\u00e1n y Gaspar, tres hombres mazatecos acusados de da\u00f1o por incendio y robo desde el 2014. La Asamblea comunitaria espera una nueva fecha en el juzgado de Huautla de Jim\u00e9nez, que ser\u00e1 despu\u00e9s del 1 de septiembre cuando la nueva administraci\u00f3n est\u00e9 instalada. As\u00ed mismo, determinaron que no tomar\u00e1n acciones legales sin los defensores federales de confianza, para evitar retrocesos y enturbiar el caso.<\/p>\n\n\n\n<p>Al tiempo que pospon\u00edan la audiencia, les llegaba una noticia desde el Juzgado de Boca del R\u00edo Veracruz: la resoluci\u00f3n en el expediente&nbsp;<em>989\/2024<\/em>&nbsp;que declara la preescripci\u00f3n del delito para Francisco Dur\u00e1n, es decir, que la persecuci\u00f3n judicial por los cargos de da\u00f1o por incendio y robo en su contra lleg\u00f3 a su fin. Posteriormente, este mi\u00e9rcoles (20), la abogada Argelia Betanzos viaj\u00f3 al juzgado en Veracruz para obtener la copia de la sentencia y poder corroborar la informaci\u00f3n notificada.<\/p>\n\n\n\n<!--more-->\n\n\n\n<figure class=\"wp-block-image\"><a class=\"td-modal-image\" href=\"https:\/\/avispa.org\/wp-content\/uploads\/2025\/08\/madre-1.jpg\"><img decoding=\"async\" src=\"https:\/\/avispa.org\/wp-content\/uploads\/2025\/08\/madre-1-1024x682.jpg\" alt=\"\" class=\"wp-image-120530\"\/><\/a><\/figure>\n\n\n\n<p>Adem\u00e1s de la preescripci\u00f3n del delito para Francisco Dur\u00e1n, otro de los logros recientes en materia legal que la comunidad mazateca ha tenido es la obtenci\u00f3n de auto de libertad para la profesora Olga Maribel el pasado 11 de julio de este a\u00f1o. Sin embargo, en medio de las victorias legales tambi\u00e9n han obtenido regresiones.<\/p>\n\n\n\n<h3 class=\"wp-block-heading\" id=\"h-el-retroceso\"><strong>El retroceso<\/strong><\/h3>\n\n\n\n<p>El 12 de junio del 2024, la Asamblea comunitaria mazateca logr\u00f3 la liberaci\u00f3n de sus \u00faltimos tres presos pol\u00edticos: Alfredo Bola\u00f1os, Fernando Gavito y Francisco Dur\u00e1n, despu\u00e9s de permanecer nueve a\u00f1os y seis meses en prisi\u00f3n.<\/p>\n\n\n\n<p>El 26 de febrero de este a\u00f1o, voceras mazatecas anunciaron que la continuidad de su lucha \u00fanicamente ser\u00eda por la imposibilidad que tienen 14 personas para volver a sus hogares en Eloxochitl\u00e1n, tras 10 a\u00f1os de exilio pol\u00edtico. Dos meses despu\u00e9s, sus planes pol\u00edticos cambiaron de rumbo.&nbsp;<\/p>\n\n\n\n<p>A inicios de mayo de este a\u00f1o, la abogada Argelia Betanzos confirm\u00f3 la existencia de 200 nuevas \u00f3rdenes de aprehensi\u00f3n, liberadas el 31 de marzo de este a\u00f1o por la Segunda Sala Penal del Tribunal Superior de Justicia del Estado de Oaxaca. Estas est\u00e1n dirigidas contra 56 personas de la comunidad, entre las que figuran adultos mayores, madres, padres, ex presos y perseguidos pol\u00edticos.<\/p>\n\n\n\n<p>\u201cEstas nuevas \u00f3rdenes est\u00e1n fundadas en delitos fabricados y preescritos\u201d explic\u00f3 Betanzos en la conferencia de prensa realizada en la comunidad el pasado jueves (14) y que cont\u00f3 con la presencia de familiares de las 56 personas criminalizadas por el cacique Manuel Zepeda. La abogada detall\u00f3 que el expendiente&nbsp;<em>81\/2017<\/em>&nbsp;de la Tercera Sala, contiene antecedentes donde el da\u00f1o por incendio se declar\u00f3 inexsistente, se reclasific\u00f3 a da\u00f1o con fuego y se declar\u00f3 prescrito, es decir, que el plazo para juzgar a los comuneros por esa acusaci\u00f3n hab\u00eda expirado y por lo tanto, la acci\u00f3n penal ya no pod\u00eda ni puede ejercerse.<\/p>\n\n\n\n<figure class=\"wp-block-image\"><a class=\"td-modal-image\" href=\"https:\/\/avispa.org\/wp-content\/uploads\/2025\/08\/asamblea-2.jpg\"><img decoding=\"async\" src=\"https:\/\/avispa.org\/wp-content\/uploads\/2025\/08\/asamblea-2-1024x682.jpg\" alt=\"\" class=\"wp-image-120529\"\/><\/a><\/figure>\n\n\n\n<p>Pese a la preescripci\u00f3n ya mencionada, el 31 de marzo del 2025 fueron reactivadas 200 \u00f3rdenes de aprehensi\u00f3n que se\u00f1alan la existencia del incendio. Lo anterior, se debe a que los magistrados del Tribunal Superior de Justicia en Huautla violaron la norma de competencia por antecedentes, asignando el caso de las 200 \u00f3rdenes de aprehensi\u00f3n a la Segunda Sala y no a la Tercera -como correspond\u00eda- para ignorar la invadilaci\u00f3n de la acci\u00f3n penal.<\/p>\n\n\n\n<p>Durante la conferencia, Betanzos present\u00f3 el amparo m\u00e1s antiguo que tienen (<em>917\/2017<\/em>) en el tema de las 200 \u00f3rdenes de aprehensi\u00f3n, el cual se encuentra en revisi\u00f3n. En ese amparo, una autoridad judicial a nivel de Tribunal Colegiado, determin\u00f3 que el delito de da\u00f1o por incendio no se puede comprobar pues no se acredita con las acusaciones que hicieron en contra personas de la comunidad.<\/p>\n\n\n\n<p>En ese mismo documento, hay una diferenciaci\u00f3n aseverada por la magistrada Berenice Ram\u00edrez Jim\u00e9nez y el Juez Constantino Agust\u00edn, donde se menciona que \u201cun incendio es la intenci\u00f3n de acabar con lo que quede. Un da\u00f1o con fuego es un incendio controlado\u201d explica la abogada. Sin embargo, el mismo juez afirm\u00f3 que s\u00ed existe el da\u00f1o por incendio y \u201clo dijo porque le pagaron porque as\u00ed funciona ese tribunal en Huatlua no porque haya hecho un estudio conforme a la ley\u201d, afirma Betanzos.<\/p>\n\n\n\n<figure class=\"wp-block-image\"><a class=\"td-modal-image\" href=\"https:\/\/avispa.org\/wp-content\/uploads\/2025\/08\/nina-3.jpg\"><img decoding=\"async\" src=\"https:\/\/avispa.org\/wp-content\/uploads\/2025\/08\/nina-3-1024x682.jpg\" alt=\"\" class=\"wp-image-120531\"\/><\/a><\/figure>\n\n\n\n<p>Para la abogada se trata de una criminalizaci\u00f3n de Estado \u201cporque son los tres poderes quienes arropan a Elisa Zepeda y le dan poder para hablar c\u00ednicamente de derechos de los pueblos ind\u00edgenas\u201d afirm\u00f3. Tambi\u00e9n se trata de un problema de corrupci\u00f3n por parte de los jueces de Huautla de Jim\u00e9nez y la Segunda Sala del Tribunal, al evadir la argumentaci\u00f3n jur\u00eddica y cient\u00edfica resuelta por el Tribunal Colegiado y que la Tercera Sala resolvi\u00f3 en 2017.<\/p>\n\n\n\n<p>Refieri\u00f3 que en el expediente&nbsp;<em>789HJ2014<\/em>&nbsp;se encuentran las puebas cient\u00edficas que evidencian que el grupo caciquil de la comunidad intent\u00f3 asesinar con balas a la asamblea comunitaria. \u201cLa Fiscal\u00eda tiene archivado un expediente donde ah\u00ed s\u00ed obran pruebas cient\u00edficas de los orificios de entrada y orificios de salida de las balas en los cuerpos de nuestros compa\u00f1eros\u201d, afirm\u00f3 la abogada.<\/p>\n\n\n\n<p>Uno de los puntos m\u00e1s sobresalientes durante la conferencia de prensa fue que Argelia Betanzos se dirigi\u00f3 directamente hacia Hugo Aguilar Ortiz, el actual presidente de la Suprema Corte de Justicia de la Naci\u00f3n quien ha ganado fama por ser el primer ind\u00edgena ocupando ese cargo: \u201cUsted es abogado, Hugo Aguilar, usted debe resolver y no debe ver la situaci\u00f3n de manera dogm\u00e1tica, ni por la corrupci\u00f3n, ni por el amiguismo pol\u00edtico que tenga usted con MORENA o con Elisa Zepeda, le retamos a que el hombre que va a dirigir la Suprema Corte de la Naci\u00f3n tenga la capacidad de decir: \u2018en efecto el caso de Eloxochitl\u00e1n est\u00e1 preescrito y debe llegar a su fin\u201d, se\u00f1al\u00f3 con coraje.<\/p>\n\n\n\n<h3 class=\"wp-block-heading\" id=\"h-preescripcion-de-un-delito\"><strong>Preescripci\u00f3n de un delito<\/strong><\/h3>\n\n\n\n<p>Francisco Dur\u00e1n fue acusado de robo e incendio en el expediente&nbsp;<em>16\/2016<\/em>. Posteriormente, en tribunales se determin\u00f3 la inexistencia de los delitos y fue liberado. Sin embargo, la D\u00e9cima Tercera Sala Penal, a trav\u00e9s del magistrado Javier Garc\u00eda, revirti\u00f3 la libertad de Dur\u00e1n y reactiv\u00f3 el proceso legal en su contra.&nbsp;<\/p>\n\n\n\n<p>El Juzgado Sexto de Boca del R\u00edo, Veracruz, bajo la direcci\u00f3n del juez Vicente Salazar, fue quien este lunes (18) notific\u00f3 la resoluci\u00f3n en el expediente&nbsp;<em>989\/2024&nbsp;<\/em>que declara la preescripci\u00f3n del delito para Dur\u00e1n y en consecuencia, el final de la persecuci\u00f3n en su contra.<\/p>\n\n\n\n<figure class=\"wp-block-image\"><a class=\"td-modal-image\" href=\"https:\/\/avispa.org\/wp-content\/uploads\/2025\/08\/Argelia-4.jpg\"><img decoding=\"async\" src=\"https:\/\/avispa.org\/wp-content\/uploads\/2025\/08\/Argelia-4-1024x682.jpg\" alt=\"\" class=\"wp-image-120528\"\/><\/a><\/figure>\n\n\n\n<p>La abogada Argelia Betanzos refiere, para&nbsp;<em>Avispa M\u00eddia,<\/em>&nbsp;que lo anterior es de gran significado \u201cpues sienta un precedente en el S\u00e9ptimo Circuito para exigir la prescripci\u00f3n del delito en las 200 \u00f3rdenes de aprehensi\u00f3n que mantienen criminalizadas y perseguidas a 56 personas pertenecientes a la Asamblea, pero para ello, es importante que el tema se traslade al juzgado de Boca R\u00edo\u201d.<\/p>\n\n\n\n<p>Uno de los pendientes legales para la comunidad mazateca, es que los juzgados veracruzanos decidan qui\u00e9n llevar\u00e1 cada caso en el amparo contra las 200 \u00f3rdenes de aprehensi\u00f3n y el resto de amparos para los 14 mazatecos que a\u00fan no pueden volver a la comunidad. Betanzos explica que esa falta de decisi\u00f3n es sumamente grave pues \u201cse est\u00e1n entreteniendo con asuntos administrativos en lugar de procurar la justicia expedita como lo se\u00f1ala la Constituci\u00f3n Mexicana\u201d .<\/p>\n\n\n\n<p>El pr\u00f3ximo 2 de septiembre en Boca del R\u00edo, Veracruz, la comunidad mazateca realizar\u00e1 frente a los juzgados federales el&nbsp;<em>FESTIVAL \u2018\u00c9NN\u00c1\u2019 Nuestra Palabra + Cumbia<\/em>, para continuar exigiendo el fin a la criminalizaci\u00f3n de m\u00e1s de una d\u00e9cada.<\/p>\n","protected":false},"excerpt":{"rendered":"<p>Fuente: Avispa MidiaPor Roc\u00edo HerediaEn portada: Asamblea Comunitaria de Eloxochitl\u00e1n de Flores Mag\u00f3n a las afueras del Juzgado de Huautla.\u00a0Fotograf\u00edas por David Peralta Este lunes (18) fue suspendida una audiencia en Huautla de Jim\u00e9nez, cuya finalidad era dar seguimiento a los casos de tres miembros de la Asamblea Comunitaria de Eloxochitl\u00e1n de Flores Mag\u00f3n. La [&hellip;]<\/p>\n","protected":false},"author":21,"featured_media":52047,"comment_status":"open","ping_status":"closed","sticky":false,"template":"","format":"standard","meta":{"footnotes":""},"categories":[957,51,826,958,954,962,935],"tags":[58,53,567,147,918,23,545,87,148,27,483],"class_list":["post-52046","post","type-post","status-publish","format-standard","has-post-thumbnail","hentry","category-autonomia","category-autor","category-medios-libres-2","category-megaproyectos","category-mexico","category-presos","category-temas","tag-derechos-humanos","tag-justicia","tag-megaproyectos","tag-militarizacion","tag-oaxaca","tag-paramilitares","tag-pueblos-indigenas","tag-represion","tag-resistencia","tag-solidaridad","tag-tierra-y-territorio"],"_links":{"self":[{"href":"https:\/\/radiozapatista.org\/index.php?rest_route=\/wp\/v2\/posts\/52046","targetHints":{"allow":["GET"]}}],"collection":[{"href":"https:\/\/radiozapatista.org\/index.php?rest_route=\/wp\/v2\/posts"}],"about":[{"href":"https:\/\/radiozapatista.org\/index.php?rest_route=\/wp\/v2\/types\/post"}],"author":[{"embeddable":true,"href":"https:\/\/radiozapatista.org\/index.php?rest_route=\/wp\/v2\/users\/21"}],"replies":[{"embeddable":true,"href":"https:\/\/radiozapatista.org\/index.php?rest_route=%2Fwp%2Fv2%2Fcomments&post=52046"}],"version-history":[{"count":2,"href":"https:\/\/radiozapatista.org\/index.php?rest_route=\/wp\/v2\/posts\/52046\/revisions"}],"predecessor-version":[{"id":52051,"href":"https:\/\/radiozapatista.org\/index.php?rest_route=\/wp\/v2\/posts\/52046\/revisions\/52051"}],"wp:featuredmedia":[{"embeddable":true,"href":"https:\/\/radiozapatista.org\/index.php?rest_route=\/wp\/v2\/media\/52047"}],"wp:attachment":[{"href":"https:\/\/radiozapatista.org\/index.php?rest_route=%2Fwp%2Fv2%2Fmedia&parent=52046"}],"wp:term":[{"taxonomy":"category","embeddable":true,"href":"https:\/\/radiozapatista.org\/index.php?rest_route=%2Fwp%2Fv2%2Fcategories&post=52046"},{"taxonomy":"post_tag","embeddable":true,"href":"https:\/\/radiozapatista.org\/index.php?rest_route=%2Fwp%2Fv2%2Ftags&post=52046"}],"curies":[{"name":"wp","href":"https:\/\/api.w.org\/{rel}","templated":true}]}}