{"id":52027,"date":"2025-08-20T22:17:36","date_gmt":"2025-08-21T04:17:36","guid":{"rendered":"https:\/\/radiozapatista.org\/?p=52027"},"modified":"2025-08-21T12:35:46","modified_gmt":"2025-08-21T18:35:46","slug":"colectiva-reclama-simulacion-en-busquedas-de-personas-en-chiapas","status":"publish","type":"post","link":"https:\/\/radiozapatista.org\/?p=52027","title":{"rendered":"Colectiva reclama simulaci\u00f3n en b\u00fasquedas de personas en Chiapas"},"content":{"rendered":"\n<p>Fuente: <a href=\"https:\/\/avispa.org\/colectiva-reclama-simulacion-en-busquedas-de-personas-en-chiapas\/\">Avispa Midia<\/a><br>Por Jeny Pascacio<br><em><sup>Fotos por Jeny Pascacio<\/sup><\/em><\/p>\n\n\n\n<p>La colectiva Madres en resistencia de Chiapas exige al gobierno y la Fiscal\u00eda General del Estado (FGE) de Chiapas acciones reales de b\u00fasqueda de personas y cumplimiento de los acuerdos tomados en cada mesa de trabajo, desde diciembre de 2024.&nbsp;<\/p>\n\n\n\n<p>Despu\u00e9s de la toma de protesta como gobernador, Eduardo Ram\u00edrez se comprometi\u00f3 a mantener \u201cpuertas abiertas\u201d a las causas de desaparici\u00f3n forzada y feminicidios del grupo integrado por familias de diferentes municipios del territorio chiapaneco.&nbsp;<\/p>\n\n\n\n<p>\u201cEl propio Jorge Luis Llaven Abarca se hab\u00eda comprometido a estar en cada reuni\u00f3n, pero nada m\u00e1s en dos estuvo presente. Despu\u00e9s fueron s\u00f3lo simulaciones. Tratando de enga\u00f1ar con un pegue de ficha, simulando cateos. \u201cBuscamos donde ellos quieren que busquemos, no donde nosotras proponemos\u201d, agregan las integrantes de Madres en Resistencia en entrevista con <em>Avispa M\u00eddia<\/em>.&nbsp;<\/p>\n\n\n\n<figure class=\"wp-block-image\"><a class=\"td-modal-image\" href=\"https:\/\/avispa.org\/wp-content\/uploads\/2025\/08\/Madre-buscadora-Chiapas-afectacion-salud.jpg\"><img decoding=\"async\" src=\"https:\/\/avispa.org\/wp-content\/uploads\/2025\/08\/Madre-buscadora-Chiapas-afectacion-salud.jpg\" alt=\"\" class=\"wp-image-120517\"\/><\/a><\/figure>\n\n\n\n<p>El 4 de agosto, la colectiva Madres en Resistencia, integrada por 14 familias de v\u00edctimas de desaparici\u00f3n forzada y dos de feminicidio, inici\u00f3 una huelga en la entrada del Palacio de Gobierno en Tuxtla Guti\u00e9rrez, para exigir un di\u00e1logo directo con Eduardo Ram\u00edrez.<\/p>\n\n\n\n<p>Hicieron varias acciones durante casi una semana que permanecieron a la intemperie con lluvia y altas temperaturas lo que afect\u00f3 la salud de las integrantes de mayor edad, por lo que una de ellas tuvo que ser hospitalizada de emergencia.<\/p>\n\n\n\n<!--more-->\n\n\n\n<p>\u201cEstamos cansadas de tener intermediarios\u201d, la colectiva relata que a la manifestaci\u00f3n acudieron representantes de gobierno que intentaron fracturar la lucha, adem\u00e1s de revictimizar y discriminar a las familias. En una de las actividades, en la que se encadenaron y bloquearon la principal avenida de la ciudad, una camioneta blanca del gobierno intent\u00f3 circular a toda velocidad por esa v\u00eda, \u201cnosotras lo vimos como un acto premeditado y de intimidaci\u00f3n\u201d.&nbsp;<\/p>\n\n\n\n<figure class=\"wp-block-image\"><a class=\"td-modal-image\" href=\"https:\/\/avispa.org\/wp-content\/uploads\/2025\/08\/Protesta-Madres-Buscadoras-Chiapas-agosto25.jpg\"><img decoding=\"async\" src=\"https:\/\/avispa.org\/wp-content\/uploads\/2025\/08\/Protesta-Madres-Buscadoras-Chiapas-agosto25-768x1024.jpg\" alt=\"\" class=\"wp-image-120513\"\/><\/a><\/figure>\n\n\n\n<p>El 8 de agosto decidieron levantar la protesta tras haber logrado agendar una audiencia con Eduardo Ram\u00edrez. La fecha fue acordada para antes de que termine el mes.<\/p>\n\n\n\n<h3 class=\"wp-block-heading\" id=\"h-nbsp-seguimos-exigiendo-otras-lineas-de-investigacion\"><strong>&nbsp;\u201cSeguimos exigiendo otras l\u00edneas de investigaci\u00f3n\u201d<\/strong><\/h3>\n\n\n\n<p>En ocho meses, no hubo avances en las carpetas de investigaci\u00f3n de 16 causas. Las mujeres que, en su mayor\u00eda integran al grupo, consideran que las acciones institucionales s\u00f3lo funcionan \u201cpara la foto\u201d.&nbsp;<\/p>\n\n\n\n<p>A pesar de que existe un compromiso, tambi\u00e9n de la Comisi\u00f3n Estatal de B\u00fasqueda y Protecci\u00f3n Civil, es necesario la coordinaci\u00f3n entre la Fiscal\u00eda y los cuerpos de seguridad, explican, \u201cpero en las reuniones se logra solamente una negociaci\u00f3n de cinco horas y sin ning\u00fan progreso, sin ning\u00fan resultado\u201d, detallan.<\/p>\n\n\n\n<p>Las b\u00fasquedas en campo que deber\u00edan ser seguras y respaldadas por las autoridades, se realizan sin apoyo real. Denuncian que elementos de la Fuerza de Reacci\u00f3n Inmediata Pakal (FRIP) y Guardia Nacional acuden ocasionalmente y no les brindan seguridad. Hay actividades a las que solo acuden&nbsp; representantes de la Fiscal\u00eda, pero se deslindan, las dejan a la deriva y exponen sus vidas.<\/p>\n\n\n\n<p>En el proceso de los hermanos Luis y Marvin Nanga P\u00e9rez, la Fiscal\u00eda autoriz\u00f3 una b\u00fasqueda en un predio de, al menos, 64 hect\u00e1reas, cercano al poblado de Galecio Narc\u00eda, municipio de Chiapa de Corzo. \u201cMuestran drones, veh\u00edculos todo terreno, cuatrimotos y todo eso para combatir la delincuencia. Era el momento de llevar todo, pero en esa b\u00fasqueda no llevaron nada, ni siquiera llevaban picos y no nos permitieron buscar al interior de la casa\u201d, se\u00f1alan.&nbsp;<\/p>\n\n\n\n<figure class=\"wp-block-image\"><a class=\"td-modal-image\" href=\"https:\/\/avispa.org\/wp-content\/uploads\/2025\/08\/Madres-Buscadoras-Chiapas-Agosto25-2.jpg\"><img decoding=\"async\" src=\"https:\/\/avispa.org\/wp-content\/uploads\/2025\/08\/Madres-Buscadoras-Chiapas-Agosto25-2-1024x768.jpg\" alt=\"\" class=\"wp-image-120522\"\/><\/a><\/figure>\n\n\n\n<p>Para las Madres en Resistencia el bloqueo y la violencia es institucional, pues en varias causas de la colectiva, a pesar de las solicitudes formales, los Ayuntamientos niegan el acceso a las c\u00e1maras de vigilancia y argumentan que est\u00e1n fuera de servicio, \u201cno se puede avanzar\u201d, se\u00f1alan.&nbsp;<\/p>\n\n\n\n<p>A la colectiva le preocupa que para Eduardo Ram\u00edrez y Llaven Abarca no sea prioridad atender los delitos que sucedieron en otro sexenio. \u201cEst\u00e1n abriendo las oficinas de mujeres que llaman espacios seguros, \u00bfpero c\u00f3mo?, nosotras somos mujeres y no tenemos acceso a la justicia ni espacios seguros\u201d, cuestionan.&nbsp;<\/p>\n\n\n\n<p>\u201cLas leyes funcionan para los delincuentes, no para las v\u00edctimas. Quieren espacios seguros para mujeres, infantes y adolescentes, nosotras tenemos adolescentes desaparecidos y no nos apoyan\u201d, aseguran las buscadoras.&nbsp;<\/p>\n\n\n\n<p>Las madres, hermanas e hijas buscadoras tienen muchas preguntas que nadie tiene la voluntad de responder. \u201cVivimos como en estado de psicosis, no sabemos si est\u00e1n vivos o muertos, si est\u00e1n bien, si ya comieron o d\u00f3nde est\u00e1n, qu\u00e9 hacen. Aqu\u00ed el silencio y las desapariciones contin\u00faan. Aqu\u00ed todo sigue igual\u201d, lamentan.&nbsp;<\/p>\n\n\n\n<p>En mayo, el Congreso del Estado instal\u00f3 la Comisi\u00f3n Especial para Conocer, Proponer y Dar Seguimiento a las Acciones de B\u00fasqueda de las Personas Desaparecidas en Chiapas, pero las familias consideran que el proceso est\u00e1 estancado.&nbsp;<\/p>\n\n\n\n<p>La conformaci\u00f3n de la comisi\u00f3n se dio tras las reformas a Ley en materia de Desaparici\u00f3n de Personas para Chiapas que, entre otros temas, destaca que la Comisi\u00f3n Estatal de B\u00fasqueda y las autoridades que integran el Sistema Estatal, sin dilaci\u00f3n alguna, emitir\u00e1n la Alerta Amber. Este es un mecanismo de b\u00fasqueda y localizaci\u00f3n inmediata de ni\u00f1as, ni\u00f1os y adolescentes desaparecidos, con el objetivo de proteger su integridad y prevenir da\u00f1os graves de conformidad con el Protocolo Nacional Amber M\u00e9xico.<\/p>\n\n\n\n<p>\u201cNosotras queremos que se forme el Consejo Ciudadano para ah\u00ed emprender nuestros casos como familiares de desaparecidos y de feminicidio\u201d. Este grupo estar\u00eda conformado por familias de v\u00edctimas de desaparici\u00f3n, especialistas y organizaciones civiles, para garantizar la participaci\u00f3n ciudadana en el proceso. Su funci\u00f3n ser\u00eda asegurar la transparencia en el trabajo de las autoridades y vigilar que se cumplan los protocolos establecidos de manera efectiva.<\/p>\n\n\n\n<figure class=\"wp-block-image\"><a class=\"td-modal-image\" href=\"https:\/\/avispa.org\/wp-content\/uploads\/2025\/08\/convocatoria-marcha-desaparecidos-agosto25.jpg\"><img decoding=\"async\" src=\"https:\/\/avispa.org\/wp-content\/uploads\/2025\/08\/convocatoria-marcha-desaparecidos-agosto25.jpg\" alt=\"\" class=\"wp-image-120521\"\/><\/a><\/figure>\n\n\n\n<p>Con motivo del D\u00eda Internacional de las Personas Desaparecidas, el colectivo Madres en Resistencia convoca a las familias de v\u00edctimas de desaparici\u00f3n en Chiapas para marchar el pr\u00f3ximo 30 de agosto a las 16h. Saldr\u00e1n de La Pochota rumbo al Palacio de Gobierno en la ciudad capital.<\/p>\n","protected":false},"excerpt":{"rendered":"<p>Fuente: Avispa MidiaPor Jeny PascacioFotos por Jeny Pascacio La colectiva Madres en resistencia de Chiapas exige al gobierno y la Fiscal\u00eda General del Estado (FGE) de Chiapas acciones reales de b\u00fasqueda de personas y cumplimiento de los acuerdos tomados en cada mesa de trabajo, desde diciembre de 2024.&nbsp; Despu\u00e9s de la toma de protesta como [&hellip;]<\/p>\n","protected":false},"author":21,"featured_media":52028,"comment_status":"open","ping_status":"closed","sticky":false,"template":"","format":"standard","meta":{"footnotes":""},"categories":[957,51,6,826,954,961,935],"tags":[58,682,53,567,147,23,87,148,27,483],"class_list":["post-52027","post","type-post","status-publish","format-standard","has-post-thumbnail","hentry","category-autonomia","category-autor","category-chiapas","category-medios-libres-2","category-mexico","category-mujeres","category-temas","tag-derechos-humanos","tag-desaparicion-forzada","tag-justicia","tag-megaproyectos","tag-militarizacion","tag-paramilitares","tag-represion","tag-resistencia","tag-solidaridad","tag-tierra-y-territorio"],"_links":{"self":[{"href":"https:\/\/radiozapatista.org\/index.php?rest_route=\/wp\/v2\/posts\/52027","targetHints":{"allow":["GET"]}}],"collection":[{"href":"https:\/\/radiozapatista.org\/index.php?rest_route=\/wp\/v2\/posts"}],"about":[{"href":"https:\/\/radiozapatista.org\/index.php?rest_route=\/wp\/v2\/types\/post"}],"author":[{"embeddable":true,"href":"https:\/\/radiozapatista.org\/index.php?rest_route=\/wp\/v2\/users\/21"}],"replies":[{"embeddable":true,"href":"https:\/\/radiozapatista.org\/index.php?rest_route=%2Fwp%2Fv2%2Fcomments&post=52027"}],"version-history":[{"count":2,"href":"https:\/\/radiozapatista.org\/index.php?rest_route=\/wp\/v2\/posts\/52027\/revisions"}],"predecessor-version":[{"id":52030,"href":"https:\/\/radiozapatista.org\/index.php?rest_route=\/wp\/v2\/posts\/52027\/revisions\/52030"}],"wp:featuredmedia":[{"embeddable":true,"href":"https:\/\/radiozapatista.org\/index.php?rest_route=\/wp\/v2\/media\/52028"}],"wp:attachment":[{"href":"https:\/\/radiozapatista.org\/index.php?rest_route=%2Fwp%2Fv2%2Fmedia&parent=52027"}],"wp:term":[{"taxonomy":"category","embeddable":true,"href":"https:\/\/radiozapatista.org\/index.php?rest_route=%2Fwp%2Fv2%2Fcategories&post=52027"},{"taxonomy":"post_tag","embeddable":true,"href":"https:\/\/radiozapatista.org\/index.php?rest_route=%2Fwp%2Fv2%2Ftags&post=52027"}],"curies":[{"name":"wp","href":"https:\/\/api.w.org\/{rel}","templated":true}]}}