{"id":52024,"date":"2025-08-16T21:29:00","date_gmt":"2025-08-17T03:29:00","guid":{"rendered":"https:\/\/radiozapatista.org\/?p=52024"},"modified":"2025-08-19T21:30:56","modified_gmt":"2025-08-20T03:30:56","slug":"comunicado-de-las-seis-zonas-pastorales-chol-de-la-diocesis-de-sclc","status":"publish","type":"post","link":"https:\/\/radiozapatista.org\/?p=52024","title":{"rendered":"Comunicado de las seis Zonas Pastorales Ch&#8217;ol de la Di\u00f3cesis de SCLC"},"content":{"rendered":"\n<p>LA PAZ SIN JUSTICIA ES UN SUE\u00d1O (P. PABLO VI)<\/p>\n\n\n\n<p>Guiados e iluminados por Nuestro Plan de pastoral diocesano, realizamos hoy 16 de Agosto de 2025 esta peregrinaci\u00f3n por la paz, como Zona Pastoral Ch&#8217;ol de nuestra Di\u00f3cesis de San Crist\u00f3bal de Las Casas.<\/p>\n\n\n\n<p>En el numeral 172 del Plan de pastoral Diocesano dice: Desarrollar una pastoral social encarnada, integral, solidaria y liberadora, desde la pr\u00e1ctica de Jes\u00fas, que responda a las necesidades socioecon\u00f3micas, pol\u00edticas y culturales del pueblo, cuidando que los proyectos que asumimos como Iglesia en el campo social no caigan en asistencialismo y dependencia, sino creando, animando e impulsando alternativas desde la sabidur\u00eda milenaria de los pueblos. Impulsar una pastoral coordinada, capaz de denunciar, cuando sea necesario, con una postura firme el sistema de muerte.<\/p>\n\n\n\n<p>Por tanto, como Pueblo Creyente nos unimos al clamor de nuestras comunidades para denunciar las injusticias que viven nuestros pueblos, sobre todo la inseguridad y la violencia que atenta contra la vida.<\/p>\n\n\n\n<p>Denunciamos y condenamos los actos de intimidaci\u00f3n y el allanamiento realizado a la vivienda de la hermana Dora Lilia Roblero Garc\u00eda, Directora del Centro de Derechos Humanos Fray Bartolom\u00e9 de Las Casas, el pasado 22 de Julio de 2025; nos causa profunda preocupaci\u00f3n este hecho, debido al actual contexto de violencia que vive nuestro Estado de Chiapas.<\/p>\n\n\n\n<p>Dicho allanamiento es un claro acto violatorio de sus Derechos Humanos. Exigimos se investigue esta agresi\u00f3n que destruye la paz que todos anhelamos y se castigue a los responsables.<\/p>\n\n\n\n<p>Denunciamos y rechazamos las agresiones sistem\u00e1ticas en contra de nuestra Madre Tierra y Territorio: servicio de recolecci\u00f3n de basura deficiente o casi nulo vertederos de basura que contamina el ambiente, falta de protecci\u00f3n y cuidado de los r\u00edos, ojos de agua y manantiales. El uso indiscriminado de los qu\u00edmicos en el campo.<\/p>\n\n\n\n<p>Denunciamos la venta clandestina de alcohol cada vez m\u00e1s en aumento, sin que las autoridades competentes hagan algo al respecto. Vemos con preocupaci\u00f3n la aparici\u00f3n de nuevos expendios de cerveza como algo normal. En contraste con servicios urgentes y necesarios para la poblaci\u00f3n.<\/p>\n\n\n\n<p>Nuestra peregrinaci\u00f3n por la paz la realizamos porque somos conscientes de que no podemos tener paz en nuestro estado ni vivir la paz que Cristo nos da, mientras exista violaci\u00f3n a los derechos humanos, violencia, delincuencia, inseguridad, hermanos y hermanas vulnerados en sus derechos fundamentales, en sus derechos a la tierra, a un trabajo justamente remunerado, a la atenci\u00f3n sanitaria adecuada, a una alimentaci\u00f3n sana, a un trato igualitario y digno en los sistemas de justicia. A todo ello podemos decir que mientras existan v\u00edctimas de los dioses del poder y del dinero solamente podemos hablar de una paz como el mundo la ofrece y no como la paz que Cristo nos da. Por eso repetimos nuevamente la paz sin justicia es un sue\u00f1o.<\/p>\n\n\n\n<p>Seguiremos caminando en Sinodalidad, manteniendo la luz de la fe, la esperanza y el amor que nos impulsa para seguir peregrinando en la b\u00fasqueda de la paz.<\/p>\n\n\n\n<p>Invitamos a las autoridades civiles de nuestros municipios a recibir este comunicado que hoy presentamos como una expresi\u00f3n de los anhelos y aspiraciones de las comunidades de los seis municipios que conforma la Zona pastoral Ch&#8217;ol. Y al mismo tiempo les rogamos en nombre de este sufrido pueblo a colaborar en la construcci\u00f3n de la paz con justicia y dignidad.<\/p>\n\n\n\n<p>Peregrinaci\u00f3n de las seis Zonas Pastorales Ch&#8217;ol de la Di\u00f3cesis de San Crist\u00f3bal de Las Casas. Chiapas.<\/p>\n\n\n\n<figure class=\"wp-block-image\"><img decoding=\"async\" src=\"https:\/\/frayba.org.mx\/sites\/default\/files\/styles\/small\/public\/2025-08\/928f31e2-ef17-4a70-89ca-1b7053e220a1.jpeg?itok=SX7MazQZ\" alt=\"\"\/><\/figure>\n\n\n\n<p><a href=\"https:\/\/frayba.org.mx\/sites\/default\/files\/2025-08\/928f31e2-ef17-4a70-89ca-1b7053e220a1.jpeg\"><\/a><\/p>\n\n\n\n<figure class=\"wp-block-image\"><img decoding=\"async\" src=\"https:\/\/frayba.org.mx\/sites\/default\/files\/styles\/small\/public\/2025-08\/d98d0352-9274-4c47-8726-5787cc24581c.jpeg?itok=b8ubxjJC\" alt=\"\"\/><\/figure>\n\n\n\n<p><a href=\"https:\/\/frayba.org.mx\/sites\/default\/files\/2025-08\/d98d0352-9274-4c47-8726-5787cc24581c.jpeg\"><\/a><\/p>\n\n\n\n<figure class=\"wp-block-image\"><img decoding=\"async\" src=\"https:\/\/frayba.org.mx\/sites\/default\/files\/styles\/small\/public\/2025-08\/c4e4434d-519e-482e-9830-034521e90c63.jpeg?itok=v-g5aMrl\" alt=\"\"\/><\/figure>\n\n\n\n<p><a href=\"https:\/\/frayba.org.mx\/sites\/default\/files\/2025-08\/c4e4434d-519e-482e-9830-034521e90c63.jpeg\"><\/a><\/p>\n","protected":false},"excerpt":{"rendered":"<p>LA PAZ SIN JUSTICIA ES UN SUE\u00d1O (P. PABLO VI) Guiados e iluminados por Nuestro Plan de pastoral diocesano, realizamos hoy 16 de Agosto de 2025 esta peregrinaci\u00f3n por la paz, como Zona Pastoral Ch&#8217;ol de nuestra Di\u00f3cesis de San Crist\u00f3bal de Las Casas. En el numeral 172 del Plan de pastoral Diocesano dice: Desarrollar [&hellip;]<\/p>\n","protected":false},"author":21,"featured_media":52025,"comment_status":"open","ping_status":"closed","sticky":false,"template":"","format":"standard","meta":{"footnotes":""},"categories":[957,51,6,55,954,935],"tags":[58,53,567,147,545,27,483],"class_list":["post-52024","post","type-post","status-publish","format-standard","has-post-thumbnail","hentry","category-autonomia","category-autor","category-chiapas","category-frayba","category-mexico","category-temas","tag-derechos-humanos","tag-justicia","tag-megaproyectos","tag-militarizacion","tag-pueblos-indigenas","tag-solidaridad","tag-tierra-y-territorio"],"_links":{"self":[{"href":"https:\/\/radiozapatista.org\/index.php?rest_route=\/wp\/v2\/posts\/52024","targetHints":{"allow":["GET"]}}],"collection":[{"href":"https:\/\/radiozapatista.org\/index.php?rest_route=\/wp\/v2\/posts"}],"about":[{"href":"https:\/\/radiozapatista.org\/index.php?rest_route=\/wp\/v2\/types\/post"}],"author":[{"embeddable":true,"href":"https:\/\/radiozapatista.org\/index.php?rest_route=\/wp\/v2\/users\/21"}],"replies":[{"embeddable":true,"href":"https:\/\/radiozapatista.org\/index.php?rest_route=%2Fwp%2Fv2%2Fcomments&post=52024"}],"version-history":[{"count":1,"href":"https:\/\/radiozapatista.org\/index.php?rest_route=\/wp\/v2\/posts\/52024\/revisions"}],"predecessor-version":[{"id":52026,"href":"https:\/\/radiozapatista.org\/index.php?rest_route=\/wp\/v2\/posts\/52024\/revisions\/52026"}],"wp:featuredmedia":[{"embeddable":true,"href":"https:\/\/radiozapatista.org\/index.php?rest_route=\/wp\/v2\/media\/52025"}],"wp:attachment":[{"href":"https:\/\/radiozapatista.org\/index.php?rest_route=%2Fwp%2Fv2%2Fmedia&parent=52024"}],"wp:term":[{"taxonomy":"category","embeddable":true,"href":"https:\/\/radiozapatista.org\/index.php?rest_route=%2Fwp%2Fv2%2Fcategories&post=52024"},{"taxonomy":"post_tag","embeddable":true,"href":"https:\/\/radiozapatista.org\/index.php?rest_route=%2Fwp%2Fv2%2Ftags&post=52024"}],"curies":[{"name":"wp","href":"https:\/\/api.w.org\/{rel}","templated":true}]}}