{"id":52021,"date":"2025-08-19T19:32:54","date_gmt":"2025-08-20T01:32:54","guid":{"rendered":"https:\/\/radiozapatista.org\/?p=52021"},"modified":"2025-08-21T12:41:40","modified_gmt":"2025-08-21T18:41:40","slug":"honduras-movilizaciones-campesinas-exigen-justicia-por-asesinato-de-defensor-y-ambientalista-del-bajo-aguan","status":"publish","type":"post","link":"https:\/\/radiozapatista.org\/?p=52021","title":{"rendered":"Honduras: Movilizaciones campesinas exigen justicia por asesinato de defensor y ambientalista del Bajo Agu\u00e1n"},"content":{"rendered":"\n<p>Fuente: <a href=\"https:\/\/avispa.org\/honduras-movilizaciones-campesinas-exigen-justicia-por-asesinato-de-defensor-y-ambientalista-del-bajo-aguan\/\">Avispa Midia<\/a><br>Por Aldo Santiago<br><em><sup>En portada: Protesta de campesinos en las inmediaciones del\u00a0poder Judicial, en la ciudad de San Pedro Sula, para exigir justicia y castigo para los responsables materiales e intelectuales por el asesinato de Juan L\u00f3pez.<\/sup><\/em><\/p>\n\n\n\n<p>A un mes de cumplir un a\u00f1o de su asesinato, el pasado 14 de agosto estaba prevista la realizaci\u00f3n de la audiencia preliminar por el&nbsp;<a href=\"https:\/\/avispa.org\/defensor-del-rio-guapinol-es-asesinado-estado-incumplio-medidas-de-proteccion\/\">caso&nbsp;del defensor del territorio Juan L\u00f3pez<\/a>, religioso y l\u00edder social quien particip\u00f3 en diversas luchas por la recuperaci\u00f3n de las tierras campesinas en el Bajo Agu\u00e1n, norte de Honduras, as\u00ed como por la defensa de la monta\u00f1a Botaderos y los r\u00edos Guapinol y San Pedro, amenazados por la implementaci\u00f3n de una serie de megaproyectos donde destaca la industria minera.<\/p>\n\n\n\n<p>Acorde a Ruy Barahona, portavoz del poder Judicial en la ciudad de San Pedro Sula, donde se realiza el proceso penal, la audiencia fue reprogramada debido a que el juez accedi\u00f3 a la petici\u00f3n de la defensa de dos de los tres imputados, quienes aludieron una posible indefensi\u00f3n, consiguiendo con ello la reprogramaci\u00f3n de la audiencia para el siguiente jueves 21 de agosto.<\/p>\n\n\n\n<p>En entrevista para Radio Progreso, la abogada Rita Romero del Comit\u00e9 Municipal en Defensa de los Bienes Comunes y P\u00fablicos de Tocoa (CMDBCT), organizaci\u00f3n que L\u00f3pez ayud\u00f3 a fundar hace una d\u00e9cada, denunci\u00f3 lo que calific\u00f3 como negligencia institucional por parte del Ministerio P\u00fablico. Esto debido a que, acusa, la Fiscal\u00eda entreg\u00f3 demasiado tarde un dictamen pericial realizado a los dispositivos telef\u00f3nicos de los involucrados en el crimen, un informe que podr\u00eda aportar pistas sobre los autores intelectuales.<\/p>\n\n\n\n<!--more-->\n\n\n\n<figure class=\"wp-block-image\"><a class=\"td-modal-image\" href=\"https:\/\/avispa.org\/wp-content\/uploads\/2025\/08\/Las-comunidades-exigen-celeridad-en-las-investigaciones-del-Ministerio-Publico-2-.jpeg\"><img decoding=\"async\" src=\"https:\/\/avispa.org\/wp-content\/uploads\/2025\/08\/Las-comunidades-exigen-celeridad-en-las-investigaciones-del-Ministerio-Publico-2-.jpeg\" alt=\"\" class=\"wp-image-120502\"\/><\/a><figcaption class=\"wp-element-caption\"><em><sup>Las comunidades exigen celeridad en las investigaciones del Ministerio P\u00fablico hondure\u00f1o.<\/sup><\/em><\/figcaption><\/figure>\n\n\n\n<p>\u201cDebi\u00f3 saber de que si ven\u00eda con un documento a \u00faltima hora, que la defensa no conoc\u00eda, le iba a pedir tiempo para valorarlo, diligentemente su actuaci\u00f3n hubiera sido entreg\u00e1rselo tres d\u00edas antes, sab\u00eda que iba a venir a esta reprogramaci\u00f3n y para (la familia de Juan y las comunidades de Tocoa) significa seguir poniendo la mejilla ante la burla de la institucionalidad, una burla para la gente que no ha dormido, que pas\u00f3 toda la noche viajando para poder estar aqu\u00ed\u201d, sostuvo la litigante.<\/p>\n\n\n\n<p>Por su parte, el sacerdote jesuita Ismael Moreno se\u00f1al\u00f3 que la justicia en Honduras es lenta, \u201cse aplica implacablemente contra la gente indefensa y se interpreta permanentemente para quienes tienen poder\u201d, sostuvo, mientras campesinos,&nbsp;integrantes de comunidades campesinas del Bajo Agu\u00e1n,&nbsp;bloquearon las vialidades cercanas para exigir justicia y castigo a los autores intelectuales del asesinato del defensor y ambientalista.<\/p>\n\n\n\n<h3 class=\"wp-block-heading\" id=\"h-no-mas-impunidad\"><strong>No m\u00e1s impunidad<\/strong><\/h3>\n\n\n\n<p>Previo a su asesinato, L\u00f3pez fue criminalizado e incluso fue encarcelado derivado de su participaci\u00f3n en las protestas contra el proyecto de miner\u00eda de \u00f3xido de hierro a cielo abierto que amenaza con contaminar los r\u00edos Guapinol y San Pedro y que ya ha provocado&nbsp;<a href=\"https:\/\/avispa.org\/honduras-asesinato-de-defensores-contra-minera-despierta-condena-mundial\/\">el asesinato de otros tres defensores del territorio<\/a>&nbsp;en el a\u00f1o 2023.<\/p>\n\n\n\n<p>Durante el a\u00f1o 2024, como parte de sus labores de denuncia, ya como regidor del municipio de Tocoa, L\u00f3pez se\u00f1al\u00f3 al entonces alcalde Ad\u00e1n F\u00fanez de estar involucrado en el otorgamiento de permisos ilegales para facilitar la instalaci\u00f3n de la minera. Pero las amenazas se incrementaron tras la publicaci\u00f3n de un video del medio&nbsp;<em>Insight Crime<\/em>&nbsp;donde se evidencia a Carlos Zelaya, cu\u00f1ado de la presidenta Xiomara Castro, junto a F\u00fanez, durante una negociaci\u00f3n con narcotraficantes hondure\u00f1os, lo que llev\u00f3 al defensor a exigir la renuncia del alcalde.<\/p>\n\n\n\n<p>Cuatro d\u00edas despues, al salir de una iglesia en Tocoa, ocurri\u00f3 su asesinato, a pesar de que L\u00f3pez contaba con medidas de protecci\u00f3n otorgadas por la Comisi\u00f3n Interamericana de Derechos Humanos (CIDH), cuya implementaci\u00f3n, por parte del Estado hondure\u00f1o, no se hab\u00eda concretado.<\/p>\n\n\n\n<figure class=\"wp-block-image\"><a class=\"td-modal-image\" href=\"https:\/\/avispa.org\/wp-content\/uploads\/2025\/08\/Concentracion-campesina-en-el-complejo-de-los-Juzgados.-_-Foto-SE.jpg\"><img decoding=\"async\" src=\"https:\/\/avispa.org\/wp-content\/uploads\/2025\/08\/Concentracion-campesina-en-el-complejo-de-los-Juzgados.-_-Foto-SE-1024x768.jpg\" alt=\"\" class=\"wp-image-120499\"\/><\/a><figcaption class=\"wp-element-caption\"><em><sup>Demanda de las comunidades de Tocoa, Col\u00f3n. Foto: Reportar Sin Miedo.<\/sup><\/em><\/figcaption><\/figure>\n\n\n\n<p>A 11 meses del homicidio, en el exterior, la&nbsp;Oficia del Alto Comisionado de las Naciones Unidas de Derechos Humanos (OACNUDH) se posicion\u00f3 a trav\u00e9s de redes sociales al demandar \u201cla importancia de esclarecer los hechos relacionados con su muerte, investigar las m\u00faltiples violaciones a los derechos humanos cometidas contra las comunidades y los impactos generados en el Parque Nacional Monta\u00f1a de Botaderos Carlos Escaleras Mej\u00eda\u201d.&nbsp;<\/p>\n\n\n\n<p>Mediante su mensaje, la OACNUDH asever\u00f3 que solo con investigaciones expeditas, exhaustivas, imparciales y diligentes, y la sanci\u00f3n de todos los responsables, se podr\u00e1 garantizar el derecho a la verdad y a la justicia para Juan L\u00f3pez, las v\u00edctimas y las comunidades afectadas.<\/p>\n\n\n\n<p>Por su parte, el pasado 6 de agosto, el Comit\u00e9 Municipal en Defensa de los Bienes Comunes y P\u00fablicos de Tocoa exigi\u00f3 al Ministerio P\u00fablico en la ciudad capital, Tegucigalpa, la captura y enjuiciamiento de los autores intelectuales del crimen que calificaron como \u201cvil asesinato\u201d de L\u00f3pez.<\/p>\n\n\n\n<p>En el documento aseveraron que la Fiscal\u00eda de Honduras \u201ctiene en sus manos todas las pruebas necesarias para detener y procesar a los autores intelectuales, pero ha elegido la inacci\u00f3n\u201d, reclam\u00f3 el&nbsp;CMDBCT, organizaci\u00f3n que, acompa\u00f1ada de otros movimientos sociales, hace un llamado a mantener la exigencia por justicia durante el proceso que reiniciar\u00e1 el pr\u00f3ximo jueves (21).<\/p>\n","protected":false},"excerpt":{"rendered":"<p>Fuente: Avispa MidiaPor Aldo SantiagoEn portada: Protesta de campesinos en las inmediaciones del\u00a0poder Judicial, en la ciudad de San Pedro Sula, para exigir justicia y castigo para los responsables materiales e intelectuales por el asesinato de Juan L\u00f3pez. A un mes de cumplir un a\u00f1o de su asesinato, el pasado 14 de agosto estaba prevista [&hellip;]<\/p>\n","protected":false},"author":21,"featured_media":52022,"comment_status":"open","ping_status":"closed","sticky":false,"template":"","format":"standard","meta":{"footnotes":""},"categories":[957,51,1284,826,958,935],"tags":[58,73,53,567,147,23,87,148,27,483],"class_list":["post-52021","post","type-post","status-publish","format-standard","has-post-thumbnail","hentry","category-autonomia","category-autor","category-latinoamerica","category-medios-libres-2","category-megaproyectos","category-temas","tag-derechos-humanos","tag-honduras","tag-justicia","tag-megaproyectos","tag-militarizacion","tag-paramilitares","tag-represion","tag-resistencia","tag-solidaridad","tag-tierra-y-territorio"],"_links":{"self":[{"href":"https:\/\/radiozapatista.org\/index.php?rest_route=\/wp\/v2\/posts\/52021","targetHints":{"allow":["GET"]}}],"collection":[{"href":"https:\/\/radiozapatista.org\/index.php?rest_route=\/wp\/v2\/posts"}],"about":[{"href":"https:\/\/radiozapatista.org\/index.php?rest_route=\/wp\/v2\/types\/post"}],"author":[{"embeddable":true,"href":"https:\/\/radiozapatista.org\/index.php?rest_route=\/wp\/v2\/users\/21"}],"replies":[{"embeddable":true,"href":"https:\/\/radiozapatista.org\/index.php?rest_route=%2Fwp%2Fv2%2Fcomments&post=52021"}],"version-history":[{"count":2,"href":"https:\/\/radiozapatista.org\/index.php?rest_route=\/wp\/v2\/posts\/52021\/revisions"}],"predecessor-version":[{"id":52032,"href":"https:\/\/radiozapatista.org\/index.php?rest_route=\/wp\/v2\/posts\/52021\/revisions\/52032"}],"wp:featuredmedia":[{"embeddable":true,"href":"https:\/\/radiozapatista.org\/index.php?rest_route=\/wp\/v2\/media\/52022"}],"wp:attachment":[{"href":"https:\/\/radiozapatista.org\/index.php?rest_route=%2Fwp%2Fv2%2Fmedia&parent=52021"}],"wp:term":[{"taxonomy":"category","embeddable":true,"href":"https:\/\/radiozapatista.org\/index.php?rest_route=%2Fwp%2Fv2%2Fcategories&post=52021"},{"taxonomy":"post_tag","embeddable":true,"href":"https:\/\/radiozapatista.org\/index.php?rest_route=%2Fwp%2Fv2%2Ftags&post=52021"}],"curies":[{"name":"wp","href":"https:\/\/api.w.org\/{rel}","templated":true}]}}