{"id":52000,"date":"2025-08-19T12:08:23","date_gmt":"2025-08-19T18:08:23","guid":{"rendered":"https:\/\/radiozapatista.org\/?p=52000"},"modified":"2025-08-19T19:29:32","modified_gmt":"2025-08-20T01:29:32","slug":"resumen-de-la-tercera-parte-de-la-participacion-zapatista-en-el-encuentro-de-resistencias-y-rebeldias-algunas-partes-del-todo-agosto-de-2025","status":"publish","type":"post","link":"https:\/\/radiozapatista.org\/?p=52000","title":{"rendered":"Resumen de la tercera parte de la participaci\u00f3n zapatista en el Encuentro de Resistencias y Rebeld\u00edas &#8220;ALGUNAS PARTES DEL TODO&#8221; |  Agosto de 2025"},"content":{"rendered":"\n<h4 class=\"wp-block-heading has-text-align-center\">Resumen de la tercera parte de la participaci\u00f3n zapatista en el Encuentro de Resistencias y Rebeld\u00edas.<\/h4>\n\n\n\n<p class=\"has-text-align-center\"><strong><em>Previously<\/em><\/strong><\/p>\n\n\n\n<p>\u00a0 Despu\u00e9s de asistir a una reuni\u00f3n con nuestros muertos (<a href=\"https:\/\/radiozapatista.org\/?p=51478\">primera parte<\/a>), y de hacer una severa cr\u00edtica al funcionamiento y estructura de los gobiernos aut\u00f3nomos (<a href=\"https:\/\/radiozapatista.org\/?p=51580\">segunda parte<\/a>), las comunidades zapatistas empiezan a analizar lo que aportaron de bueno esos primeros funcionamientos.\u00a0 Mientras se\u00f1alan el avance en trabajos colectivos, educaci\u00f3n, salud y como mujeres que somos, entre otras ventajas, la asamblea recibe una visita inesperada: el futuro.\u00a0 Inicia as\u00ed un intercambio terrible y maravilloso entre el hoy y el ma\u00f1ana.<\/p>\n\n\n\n<p>&nbsp; Una multitud de \u00f3vulos y espermatozoides, referidos como \u201cag\u00fcitas\u201d en la obra (no me pregunten por qu\u00e9 les pusieron ese nombre), se presentan en la asamblea y preguntan una serie de dudas.&nbsp; No s\u00f3lo de amores y esas cosas, aunque tambi\u00e9n.&nbsp; Entonces la asamblea les explica de que se trata todo.<\/p>\n\n\n\n<p>&nbsp; Les ponen de ejemplo la hechura de tamales.&nbsp; Les describen la preparaci\u00f3n de la tierra, la siembra, la cosecha, el molido y cocido del ma\u00edz, y todo lo referente a la preparaci\u00f3n de la masa y lo que llevan los tamales.&nbsp; Les explican que eso lleva tiempo, que no aparece de pronto el <strong><em>tamale<\/em><\/strong> en la mesa, sino que toma tiempo, esfuerzo y trabajo.&nbsp; Les dicen que les van poner el <strong><em>tamale<\/em><\/strong> en una monta\u00f1a, y que ha llevado y llevar\u00e1 generaciones enteras para poder colocarlo ah\u00ed.&nbsp; Que cada generaci\u00f3n es relevada por la siguiente. &nbsp;O sea que detallan las partes del todo.&nbsp; Y que a esas \u201cag\u00fcitas\u201d les tocar\u00e1 descubrir y entender la tarea que les toca.&nbsp; Les recomiendan cuidar, amar y proteger a la madre tierra porque ella es la vida.&nbsp; Trabajar con ella y en ella, en com\u00fan y nada de propiedad privada.<\/p>\n\n\n\n<p>&nbsp; Un Durito \u00a1y una Durita! quedan como testigos que ver\u00e1n que las ag\u00fcitas cumplan su parte en la lucha.&nbsp; Es decir, la naturaleza queda como testigo.<\/p>\n\n\n\n<p>&nbsp; \u00bfDe qu\u00e9 es el <strong><em>tamale<\/em><\/strong>?&nbsp; Bueno, seg\u00fan entend\u00ed, eso se sabr\u00e1 dentro de m\u00e1s de 100 a\u00f1os.&nbsp; O sea que es \u201cde chile, de dulce y de manteca\u201d.<\/p>\n\n\n\n<p>&nbsp; Chisme: cuando en la obra los j\u00f3venes representan una discusi\u00f3n de pareja, el SubMoy le dijo a un coordinador que no recordaba esa parte en los ensayos.&nbsp; El coordinador le respondi\u00f3 que no estaba, lo improvisaron los teatristas en ese momento\u2026 y les sali\u00f3 muy bien.<\/p>\n\n\n\n<p>Desde las monta\u00f1as del Sureste Mexicano.<\/p>\n\n\n\n<figure class=\"wp-block-image\"><img decoding=\"async\" src=\"https:\/\/i0.wp.com\/enlacezapatista.ezln.org.mx\/wp-content\/uploads\/2023\/11\/firma.png?resize=381%2C308&amp;ssl=1\" alt=\"\" class=\"wp-image-24439\"\/><\/figure>\n\n\n\n<p>El Capit\u00e1n.<br>Agosto del 2025.<\/p>\n\n\n\n<figure class=\"wp-block-embed is-type-video is-provider-vimeo wp-block-embed-vimeo\"><div class=\"wp-block-embed__wrapper\">\n<iframe loading=\"lazy\" title=\"Resumen de la tercera parte de la participaci\u00f3n zapatista en el Encuentro de Resistencias y Rebeld\u00edas\" src=\"https:\/\/player.vimeo.com\/video\/1111378497?dnt=1&amp;app_id=122963\" width=\"500\" height=\"281\" frameborder=\"0\" allow=\"autoplay; fullscreen; picture-in-picture; clipboard-write; encrypted-media; web-share\" referrerpolicy=\"strict-origin-when-cross-origin\"><\/iframe>\n<\/div><\/figure>\n\n\n\n<p>Im\u00e1genes del \u00abEncuentro de Resistencias y Rebeld\u00edas Algunas Partes del Todo\u00bb en agosto del 2025, Terci@s Compas Zapatistas<\/p>\n","protected":false},"excerpt":{"rendered":"<p>Resumen de la tercera parte de la participaci\u00f3n zapatista en el Encuentro de Resistencias y Rebeld\u00edas. Previously \u00a0 Despu\u00e9s de asistir a una reuni\u00f3n con nuestros muertos (primera parte), y de hacer una severa cr\u00edtica al funcionamiento y estructura de los gobiernos aut\u00f3nomos (segunda parte), las comunidades zapatistas empiezan a analizar lo que aportaron de [&hellip;]<\/p>\n","protected":false},"author":21,"featured_media":52001,"comment_status":"open","ping_status":"closed","sticky":false,"template":"","format":"standard","meta":{"footnotes":""},"categories":[957,51,6,955,118,954,935],"tags":[644,58,926,53,567,147,545,148,27,483],"class_list":["post-52000","post","type-post","status-publish","format-standard","has-post-thumbnail","hentry","category-autonomia","category-autor","category-chiapas","category-ezln-temas","category-ezln","category-mexico","category-temas","tag-comunicados-ezln","tag-derechos-humanos","tag-ezln","tag-justicia","tag-megaproyectos","tag-militarizacion","tag-pueblos-indigenas","tag-resistencia","tag-solidaridad","tag-tierra-y-territorio"],"_links":{"self":[{"href":"https:\/\/radiozapatista.org\/index.php?rest_route=\/wp\/v2\/posts\/52000","targetHints":{"allow":["GET"]}}],"collection":[{"href":"https:\/\/radiozapatista.org\/index.php?rest_route=\/wp\/v2\/posts"}],"about":[{"href":"https:\/\/radiozapatista.org\/index.php?rest_route=\/wp\/v2\/types\/post"}],"author":[{"embeddable":true,"href":"https:\/\/radiozapatista.org\/index.php?rest_route=\/wp\/v2\/users\/21"}],"replies":[{"embeddable":true,"href":"https:\/\/radiozapatista.org\/index.php?rest_route=%2Fwp%2Fv2%2Fcomments&post=52000"}],"version-history":[{"count":4,"href":"https:\/\/radiozapatista.org\/index.php?rest_route=\/wp\/v2\/posts\/52000\/revisions"}],"predecessor-version":[{"id":52020,"href":"https:\/\/radiozapatista.org\/index.php?rest_route=\/wp\/v2\/posts\/52000\/revisions\/52020"}],"wp:featuredmedia":[{"embeddable":true,"href":"https:\/\/radiozapatista.org\/index.php?rest_route=\/wp\/v2\/media\/52001"}],"wp:attachment":[{"href":"https:\/\/radiozapatista.org\/index.php?rest_route=%2Fwp%2Fv2%2Fmedia&parent=52000"}],"wp:term":[{"taxonomy":"category","embeddable":true,"href":"https:\/\/radiozapatista.org\/index.php?rest_route=%2Fwp%2Fv2%2Fcategories&post=52000"},{"taxonomy":"post_tag","embeddable":true,"href":"https:\/\/radiozapatista.org\/index.php?rest_route=%2Fwp%2Fv2%2Ftags&post=52000"}],"curies":[{"name":"wp","href":"https:\/\/api.w.org\/{rel}","templated":true}]}}