{"id":51996,"date":"2025-08-18T21:30:04","date_gmt":"2025-08-19T03:30:04","guid":{"rendered":"https:\/\/radiozapatista.org\/?p=51996"},"modified":"2025-08-19T14:59:53","modified_gmt":"2025-08-19T20:59:53","slug":"argentina-mapuches-en-resistencia-contra-fracking-en-la-patagonia","status":"publish","type":"post","link":"https:\/\/radiozapatista.org\/?p=51996","title":{"rendered":"Argentina: Mapuches en resistencia contra fracking en la Patagonia"},"content":{"rendered":"\n<p>Fuente: <a href=\"https:\/\/avispa.org\/argentina-mapuches-en-resistencia-contra-fracking-en-la-patagonia\/\">Avispa Midia<\/a><br>Por Javier Bed\u00eda Prado<\/p>\n\n\n\n<p><em><sup>Fotos por Confederaci\u00f3n Mapuche del Neuqu\u00e9n<\/sup><\/em><\/p>\n\n\n\n<p>Las comunidades mapuches de la provincia argentina de Neuqu\u00e9n est\u00e1n en alerta para defender los lagos Mari Menuco y Los Barreales, ubicados en un \u00e1rea entregada al&nbsp;<a href=\"https:\/\/avispa.org\/prometieron-sacar-de-la-pobreza-a-argentina-con-el-fracking-ahora-son-mas-pobres\/\">megaproyecto Vaca Muerta<\/a>, iniciativa para la explotaci\u00f3n de hidrocarburo no convencional (extraido por la t\u00e9cnica de&nbsp;<em>fracking<\/em>) en la formaci\u00f3n geol\u00f3gica Vaca Muerta,&nbsp;zona de importantes fuentes de agua de la Patagonia norte argentina.&nbsp;<\/p>\n\n\n\n<p>Este mi\u00e9rcoles 13 de agosto, la petrolera estatal argentina YPF anunci\u00f3 la decisi\u00f3n de iniciar el desarrollo de una locaci\u00f3n de&nbsp;<em>fracking<\/em>&nbsp;en el istmo que une los embalses&nbsp;Los Barreales y Mari Menuco, tras meses de tensiones en el territorio ancestral.&nbsp;<\/p>\n\n\n\n<p>En Loma La Lata, l\u00edderes de la comunidad Kaxipayi\u00f1 reiteraron a los funcionarios de YPF que no les permitir\u00e1n trabajar hasta que el gobierno provincial cumpla el compromiso de realizar una consulta previa a la poblaci\u00f3n. Se teme que la empresa ingrese a la zona mediante la represi\u00f3n letal contra los guardianes de los lagos.&nbsp;<\/p>\n\n\n\n<p>\u201cYPF va creando condiciones para conseguir el aval de la justicia e ingresar a la fuerza a territorio comunitario. Hacemos responsable al presidente de YPF, Horacio Marin, de las consecuencias\u201d, se\u00f1al\u00f3 la&nbsp;<a href=\"https:\/\/www.instagram.com\/confederacion_mapuce_de_newken\">Confederaci\u00f3n Mapuche de Neuqu\u00e9n<\/a>.<\/p>\n\n\n\n<p>La explotaci\u00f3n de hidrocarburos en el territorio donde se encuentran los embalses que almacenan agua del r\u00edo Neuqu\u00e9n es parte de la expansi\u00f3n de Vaca Muerta en Neuqu\u00e9n, autorizada por el gobernador Rolando Figueroa. El crecimiento del proyecto tambi\u00e9n comprende la construcci\u00f3n de 800 kil\u00f3metros de oleoductos e instalaciones en reservas mar\u00edtimas en otras provincias del pa\u00eds.&nbsp;<\/p>\n\n\n\n<p>\u201cEste es un nivel de acercamiento in\u00e9dito, se quiere perforar la laguna. Se excluy\u00f3 la consulta previa, no hay estudios de impacto ambiental. En Vaca Muerta no hay regulaci\u00f3n alguna, pol\u00edticas de conservaci\u00f3n. En R\u00edo Negro hab\u00eda una normativa para que no se exploren hidrocarburos, la anularon\u201d, declar\u00f3 para&nbsp;<em>Avispa M\u00eddia<\/em>&nbsp;Leonora J\u00e1uregui, integrante del&nbsp;<a href=\"https:\/\/opsur.org.ar\/\">Observatorio Petrolero Sur<\/a>.<\/p>\n\n\n\n<!--more-->\n\n\n\n<h3 class=\"wp-block-heading\" id=\"h-personeria-juridica-indigena\"><strong>Personer\u00eda jur\u00eddica ind\u00edgena<\/strong><\/h3>\n\n\n\n<p>Semanas atr\u00e1s, una manifestaci\u00f3n en la Gobernaci\u00f3n de Neuqu\u00e9n por el reconocimiento de las personer\u00edas jur\u00eddicas ind\u00edgenas fue reprimida con un violento operativo policial en que detuvieron a 18 personas, entre ellas un menor de edad.&nbsp;&nbsp;<\/p>\n\n\n\n<figure class=\"wp-block-image\"><a class=\"td-modal-image\" href=\"https:\/\/avispa.org\/wp-content\/uploads\/2025\/08\/neuquen.jpg\"><img decoding=\"async\" src=\"https:\/\/avispa.org\/wp-content\/uploads\/2025\/08\/neuquen.jpg\" alt=\"\" class=\"wp-image-120496\"\/><\/a><\/figure>\n\n\n\n<p>Por decreto de la justicia, en 2023, se fij\u00f3 un plazo de noventa d\u00edas para crear el Registro de Comunidades Ind\u00edgenas del Neuqu\u00e9n. El gobierno provincial dilata este proceso porque implicar\u00eda la aceptaci\u00f3n formal de territorios ancestrales que son codiciados por Vaca Muerta.&nbsp;<\/p>\n\n\n\n<p>Al respecto,&nbsp;<a href=\"https:\/\/odhpi.com\/\">el Observatorio de Derechos Humanos de Pueblos Ind\u00edgenas<\/a>&nbsp;(ODHPI) de Argentina recuerda que la provincia de Neuqu\u00e9n fue sentenciada por la Corte Suprema de la Naci\u00f3n, en 2013, por violar derechos relativos a la personer\u00eda jur\u00eddica.<\/p>\n\n\n\n<p>\u201cRatificamos nuestros derechos dentro del \u00e1rea. YPF tambi\u00e9n reconoce la posesi\u00f3n y el derecho comunitario en diferentes acuerdos donde inclusive ha coordinado tareas con la comunidad\u201d, subraya la organizaci\u00f3n mapuche, respaldada por actas fiscales que reconocen la existencia de la comunidad Kaxipayi\u00f1.&nbsp;&nbsp;<\/p>\n\n\n\n<p>Bajo el suelo de Kaxipayi\u00f1 se expandieron combustibles debido a operaciones de YPF. El 5 de agosto, la Unidad Fiscal de Delitos Ambientales comprob\u00f3 la falta de suministro de agua potable a la comunidad, motivo de una denuncia penal contra la petrolera y el gobierno provincial de Neuqu\u00e9n.<\/p>\n\n\n\n<h3 class=\"wp-block-heading\" id=\"h-12-anos-de-vaca-muerta\"><strong>12 a\u00f1os de Vaca Muerta<\/strong><\/h3>\n\n\n\n<p>A 12 a\u00f1os de la inauguraci\u00f3n de Vaca Muerta, el megaproyecto situado en un \u00e1rea agr\u00edcola caus\u00f3 m\u00e1s de 500 sismos &#8211; interrumpidos cuando se detuvo la producci\u00f3n. El acaparamiento de agua y el colapso del transporte en la provincia afectan a una poblaci\u00f3n que ni siquiera cuenta con el gas que extraen de su territorio.&nbsp;&nbsp;&nbsp;<\/p>\n\n\n\n<p>\u201cSe entregan los territorios con marco legal para el saqueo y destrucci\u00f3n. Vaca Muerta crece, se expande, se va entramando con otras pol\u00edticas, con el paquete de leyes, la ley de bases, los incentivos a grandes inversiones. Los riesgos de contaminaci\u00f3n aumentan, la gesti\u00f3n de YPF hoy es m\u00e1s violenta, el gobierno provincial no pone l\u00edmites. El \u00faltimo a\u00f1o es notable que hay m\u00e1s extracci\u00f3n y su capacidad est\u00e1 limitada al transporte\u201d, a\u00f1ade la especialista del Observatorio Petrolero Sur.<\/p>\n\n\n\n<figure class=\"wp-block-image\"><a class=\"td-modal-image\" href=\"https:\/\/avispa.org\/wp-content\/uploads\/2025\/08\/neuquen2.jpg\"><img decoding=\"async\" src=\"https:\/\/avispa.org\/wp-content\/uploads\/2025\/08\/neuquen2-1024x682.jpg\" alt=\"\" class=\"wp-image-120494\"\/><\/a><\/figure>\n\n\n\n<p>Es insostenible, seg\u00fan ella, la narrativa de que Vaca Muerta garantizar\u00e1 la soberan\u00eda energ\u00e9tica, cuando la poblaci\u00f3n argentina afronta alzas de combustible, y el ingreso de d\u00f3lares frente al endeudamiento externo, al que recurri\u00f3 la administraci\u00f3n de Milei.&nbsp;<\/p>\n\n\n\n<p>\u201cHay una continuidad del modelo de hidrocarburos, pero la in\u00e9dita desregulaci\u00f3n legal cambi\u00f3 las condiciones internas. Hasta el a\u00f1o pasado hab\u00eda una protecci\u00f3n para el acceso interno del combustible frente a precios internacionales; hoy, bajo un marco de ajuste y empobrecimiento, su valor aumenta\u201d, indica la investigadora.&nbsp;<\/p>\n\n\n\n<p>Mientras la extracci\u00f3n de petr\u00f3leo en Vaca Muerta mediante el fracking se expande y amenaza m\u00e1s fuentes de agua, se consolida su orientaci\u00f3n a la exportaci\u00f3n.&nbsp;<\/p>\n\n\n\n<p>En julio se anunci\u00f3 la construcci\u00f3n de un nuevo oleoducto de 207 kil\u00f3metros que conectar\u00e1 Puesto Hern\u00e1ndez (Neuqu\u00e9n) con la estaci\u00f3n de bombeo en Allen (R\u00edo Negro). Pluspetrol, Chevron, Tecpetrol y Gas y Petr\u00f3leo del Neuqu\u00e9n ser\u00e1n los inversionistas. Esta red se sumar\u00e1 al proyecto de ducto Vaca Muerta sur, que recorrer\u00e1 600 kil\u00f3metros hasta la costa de R\u00edo Negro, donde se planea instalar un puerto de exportaci\u00f3n cerca del golfo San Mat\u00edas, de gran biodiversidad marina.<\/p>\n","protected":false},"excerpt":{"rendered":"<p>Fuente: Avispa MidiaPor Javier Bed\u00eda Prado Fotos por Confederaci\u00f3n Mapuche del Neuqu\u00e9n Las comunidades mapuches de la provincia argentina de Neuqu\u00e9n est\u00e1n en alerta para defender los lagos Mari Menuco y Los Barreales, ubicados en un \u00e1rea entregada al&nbsp;megaproyecto Vaca Muerta, iniciativa para la explotaci\u00f3n de hidrocarburo no convencional (extraido por la t\u00e9cnica de&nbsp;fracking) en [&hellip;]<\/p>\n","protected":false},"author":21,"featured_media":51997,"comment_status":"open","ping_status":"closed","sticky":false,"template":"","format":"standard","meta":{"footnotes":""},"categories":[957,51,1284,826,935],"tags":[567,147,1484,545,87,148,27,483],"class_list":["post-51996","post","type-post","status-publish","format-standard","has-post-thumbnail","hentry","category-autonomia","category-autor","category-latinoamerica","category-medios-libres-2","category-temas","tag-megaproyectos","tag-militarizacion","tag-pueblo-mapudungun","tag-pueblos-indigenas","tag-represion","tag-resistencia","tag-solidaridad","tag-tierra-y-territorio"],"_links":{"self":[{"href":"https:\/\/radiozapatista.org\/index.php?rest_route=\/wp\/v2\/posts\/51996","targetHints":{"allow":["GET"]}}],"collection":[{"href":"https:\/\/radiozapatista.org\/index.php?rest_route=\/wp\/v2\/posts"}],"about":[{"href":"https:\/\/radiozapatista.org\/index.php?rest_route=\/wp\/v2\/types\/post"}],"author":[{"embeddable":true,"href":"https:\/\/radiozapatista.org\/index.php?rest_route=\/wp\/v2\/users\/21"}],"replies":[{"embeddable":true,"href":"https:\/\/radiozapatista.org\/index.php?rest_route=%2Fwp%2Fv2%2Fcomments&post=51996"}],"version-history":[{"count":3,"href":"https:\/\/radiozapatista.org\/index.php?rest_route=\/wp\/v2\/posts\/51996\/revisions"}],"predecessor-version":[{"id":52004,"href":"https:\/\/radiozapatista.org\/index.php?rest_route=\/wp\/v2\/posts\/51996\/revisions\/52004"}],"wp:featuredmedia":[{"embeddable":true,"href":"https:\/\/radiozapatista.org\/index.php?rest_route=\/wp\/v2\/media\/51997"}],"wp:attachment":[{"href":"https:\/\/radiozapatista.org\/index.php?rest_route=%2Fwp%2Fv2%2Fmedia&parent=51996"}],"wp:term":[{"taxonomy":"category","embeddable":true,"href":"https:\/\/radiozapatista.org\/index.php?rest_route=%2Fwp%2Fv2%2Fcategories&post=51996"},{"taxonomy":"post_tag","embeddable":true,"href":"https:\/\/radiozapatista.org\/index.php?rest_route=%2Fwp%2Fv2%2Ftags&post=51996"}],"curies":[{"name":"wp","href":"https:\/\/api.w.org\/{rel}","templated":true}]}}