{"id":51983,"date":"2025-08-18T15:56:04","date_gmt":"2025-08-18T21:56:04","guid":{"rendered":"https:\/\/radiozapatista.org\/?p=51983"},"modified":"2025-08-18T15:56:05","modified_gmt":"2025-08-18T21:56:05","slug":"rumbo-a-la-sexta-asamblea-nacional-por-el-agua-y-la-vida-rifa-para-sostener-los-gastos-de-traslado-de-los-primers-delegados-de-los-pueblos","status":"publish","type":"post","link":"https:\/\/radiozapatista.org\/?p=51983","title":{"rendered":"Rumbo a la Sexta Asamblea Nacional por el Agua y la Vida | Rifa para sostener los gastos de traslado de los primer@s delegado@s de los pueblos"},"content":{"rendered":"\n<p>Reiterando el car\u00e1cter autogestivo de la Asamblea Nacional por el Agua y la Vida, los pueblos, organizaciones, compa\u00f1eros y compa\u00f1eras nos hemos dado a la tarea de organizar una rifa, con el objetivo de asegurar el pasaje de los primeros delegados que participaran en dicho evento, el cual, se llevar\u00e1 a cabo los pr\u00f3ximos 18 y 19 de octubre con el pueblo Yaqui de Loma de B\u00e1cum, Sonora.<\/p>\n\n\n\n<p>El costo del boleto tendr\u00e1 un precio de 50 pesos y los premios, en su mayor\u00eda, son productos elaborados por compa\u00f1er@s de los pueblos que asistir\u00e1n a la Asamblea Nacional. Esta rifa se llevar\u00e1 a cabo con la comunidad Otom\u00ed Residente en la Ciudad de M\u00e9xico el pr\u00f3ximo 12 de octubre en el marco del quinto aniversario de la Casa de los Pueblos y comunidades ind\u00edgenas \u00abSamir Flores Soberanes\u00bb.<\/p>\n\n\n\n<p>Agradeciendo sus atenciones y apoyo solidario<\/p>\n\n\n\n<p>ATENTAMENTE<br>TIERRA, AGUA Y LIBERTAD<br>ASAMBLEA NACIONAL POR EL AGUA Y LA VIDA<\/p>\n\n\n\n<p>#AsambleaNacionalPorElAguaYLaVida<br>#CNI<br>#EZLN<br>#LomaDeB\u00e1cum<br>#Autonom\u00eda<br>#NoEsSequ\u00edaEsSaqueo<\/p>\n","protected":false},"excerpt":{"rendered":"<p>Reiterando el car\u00e1cter autogestivo de la Asamblea Nacional por el Agua y la Vida, los pueblos, organizaciones, compa\u00f1eros y compa\u00f1eras nos hemos dado a la tarea de organizar una rifa, con el objetivo de asegurar el pasaje de los primeros delegados que participaran en dicho evento, el cual, se llevar\u00e1 a cabo los pr\u00f3ximos 18 [&hellip;]<\/p>\n","protected":false},"author":21,"featured_media":51984,"comment_status":"open","ping_status":"closed","sticky":false,"template":"","format":"standard","meta":{"footnotes":""},"categories":[957,51,826,958,954,935],"tags":[58,53,567,147,545,87,148,27,483],"class_list":["post-51983","post","type-post","status-publish","format-standard","has-post-thumbnail","hentry","category-autonomia","category-autor","category-medios-libres-2","category-megaproyectos","category-mexico","category-temas","tag-derechos-humanos","tag-justicia","tag-megaproyectos","tag-militarizacion","tag-pueblos-indigenas","tag-represion","tag-resistencia","tag-solidaridad","tag-tierra-y-territorio"],"_links":{"self":[{"href":"https:\/\/radiozapatista.org\/index.php?rest_route=\/wp\/v2\/posts\/51983","targetHints":{"allow":["GET"]}}],"collection":[{"href":"https:\/\/radiozapatista.org\/index.php?rest_route=\/wp\/v2\/posts"}],"about":[{"href":"https:\/\/radiozapatista.org\/index.php?rest_route=\/wp\/v2\/types\/post"}],"author":[{"embeddable":true,"href":"https:\/\/radiozapatista.org\/index.php?rest_route=\/wp\/v2\/users\/21"}],"replies":[{"embeddable":true,"href":"https:\/\/radiozapatista.org\/index.php?rest_route=%2Fwp%2Fv2%2Fcomments&post=51983"}],"version-history":[{"count":1,"href":"https:\/\/radiozapatista.org\/index.php?rest_route=\/wp\/v2\/posts\/51983\/revisions"}],"predecessor-version":[{"id":51985,"href":"https:\/\/radiozapatista.org\/index.php?rest_route=\/wp\/v2\/posts\/51983\/revisions\/51985"}],"wp:featuredmedia":[{"embeddable":true,"href":"https:\/\/radiozapatista.org\/index.php?rest_route=\/wp\/v2\/media\/51984"}],"wp:attachment":[{"href":"https:\/\/radiozapatista.org\/index.php?rest_route=%2Fwp%2Fv2%2Fmedia&parent=51983"}],"wp:term":[{"taxonomy":"category","embeddable":true,"href":"https:\/\/radiozapatista.org\/index.php?rest_route=%2Fwp%2Fv2%2Fcategories&post=51983"},{"taxonomy":"post_tag","embeddable":true,"href":"https:\/\/radiozapatista.org\/index.php?rest_route=%2Fwp%2Fv2%2Ftags&post=51983"}],"curies":[{"name":"wp","href":"https:\/\/api.w.org\/{rel}","templated":true}]}}