{"id":51979,"date":"2025-08-18T14:02:08","date_gmt":"2025-08-18T20:02:08","guid":{"rendered":"https:\/\/radiozapatista.org\/?p=51979"},"modified":"2025-09-30T08:22:12","modified_gmt":"2025-09-30T14:22:12","slug":"asamblea-de-muerts-vivs-en-la-montana","status":"publish","type":"post","link":"https:\/\/radiozapatista.org\/?p=51979","title":{"rendered":"Asamblea de muert@s + viv@s en la monta\u00f1a"},"content":{"rendered":"\n<figure class=\"wp-block-embed is-type-video is-provider-youtube wp-block-embed-youtube wp-embed-aspect-16-9 wp-has-aspect-ratio\"><div class=\"wp-block-embed__wrapper\">\n<iframe loading=\"lazy\" title=\"Asamblea de muert@s + viv@s en la monta\u00f1a\" width=\"500\" height=\"281\" src=\"https:\/\/www.youtube.com\/embed\/GKoaNnspzNY?feature=oembed\" frameborder=\"0\" allow=\"accelerometer; autoplay; clipboard-write; encrypted-media; gyroscope; picture-in-picture; web-share\" referrerpolicy=\"strict-origin-when-cross-origin\" allowfullscreen><\/iframe>\n<\/div><\/figure>\n\n\n\n<p>En la asamblea de una comunidad zapatista, est\u00e1n discutiendo c\u00f3mo se van a organizar por los problemas que hay en los municipios aut\u00f3nomos rebeldes zapatistas y las juntas de buen gobierno. Entonces llegan unos enviados de la asamblea de nuestros muertos y muertas, quienes murieron luchando por libertad y justicia. Esos enviados citan a la asamblea de vivos a que rindan cuentas frente a los ca\u00eddos en tantos a\u00f1os de lucha. Los vivos quieren mandar una comisi\u00f3n, pero les dicen que no, tienen que asistir todos y todas. En la asamblea de los ca\u00eddos les explican a los vivos c\u00f3mo ha sido la lucha por siglos, que luchan y mueren y siempre queda alguien arriba, en la punta de la pir\u00e1mide. Entonces los muertos les demandan a los vivos que no repitan lo mismo, que no copien o calquen lo que da el sistema de la pir\u00e1mide. Les dicen que ellos, los vivos, tienen que ver que vali\u00f3 la pena la lucha y no terminar en lo mismo de antes.<\/p>\n","protected":false},"excerpt":{"rendered":"<p>En la asamblea de una comunidad zapatista, est\u00e1n discutiendo c\u00f3mo se van a organizar por los problemas que hay en los municipios aut\u00f3nomos rebeldes zapatistas y las juntas de buen gobierno. Entonces llegan unos enviados de la asamblea de nuestros muertos y muertas, quienes murieron luchando por libertad y justicia. Esos enviados citan a la [&hellip;]<\/p>\n","protected":false},"author":1,"featured_media":51981,"comment_status":"open","ping_status":"closed","sticky":false,"template":"","format":"standard","meta":{"footnotes":""},"categories":[957,6,955,826,954,953,222],"tags":[1139,79,917,1495,56,926,148],"class_list":["post-51979","post","type-post","status-publish","format-standard","has-post-thumbnail","hentry","category-autonomia","category-chiapas","category-ezln-temas","category-medios-libres-2","category-mexico","category-mundo","category-video","tag-artes","tag-autonomia","tag-chiapas","tag-el-dia-despues","tag-encuentros","tag-ezln","tag-resistencia"],"_links":{"self":[{"href":"https:\/\/radiozapatista.org\/index.php?rest_route=\/wp\/v2\/posts\/51979","targetHints":{"allow":["GET"]}}],"collection":[{"href":"https:\/\/radiozapatista.org\/index.php?rest_route=\/wp\/v2\/posts"}],"about":[{"href":"https:\/\/radiozapatista.org\/index.php?rest_route=\/wp\/v2\/types\/post"}],"author":[{"embeddable":true,"href":"https:\/\/radiozapatista.org\/index.php?rest_route=\/wp\/v2\/users\/1"}],"replies":[{"embeddable":true,"href":"https:\/\/radiozapatista.org\/index.php?rest_route=%2Fwp%2Fv2%2Fcomments&post=51979"}],"version-history":[{"count":1,"href":"https:\/\/radiozapatista.org\/index.php?rest_route=\/wp\/v2\/posts\/51979\/revisions"}],"predecessor-version":[{"id":51982,"href":"https:\/\/radiozapatista.org\/index.php?rest_route=\/wp\/v2\/posts\/51979\/revisions\/51982"}],"wp:featuredmedia":[{"embeddable":true,"href":"https:\/\/radiozapatista.org\/index.php?rest_route=\/wp\/v2\/media\/51981"}],"wp:attachment":[{"href":"https:\/\/radiozapatista.org\/index.php?rest_route=%2Fwp%2Fv2%2Fmedia&parent=51979"}],"wp:term":[{"taxonomy":"category","embeddable":true,"href":"https:\/\/radiozapatista.org\/index.php?rest_route=%2Fwp%2Fv2%2Fcategories&post=51979"},{"taxonomy":"post_tag","embeddable":true,"href":"https:\/\/radiozapatista.org\/index.php?rest_route=%2Fwp%2Fv2%2Ftags&post=51979"}],"curies":[{"name":"wp","href":"https:\/\/api.w.org\/{rel}","templated":true}]}}