{"id":51955,"date":"2025-08-16T13:45:38","date_gmt":"2025-08-16T19:45:38","guid":{"rendered":"https:\/\/radiozapatista.org\/?p=51955"},"modified":"2025-08-18T18:25:46","modified_gmt":"2025-08-19T00:25:46","slug":"dia-14-clausura-del-encuentro-de-resistencias-y-rebeldias-las-partes-del-todo","status":"publish","type":"post","link":"https:\/\/radiozapatista.org\/?p=51955","title":{"rendered":"Dia 14: Clausura del encuentro de Resistencias y Rebeld\u00edas &#8220;Las partes del todo&#8221;"},"content":{"rendered":"\n<p>Palabras del Subcomandante Mois\u00e9s y miembros del CCRI-CG sobre la pir\u00e1mide, el com\u00fan y la tormenta. Parte 1: [podcast]https:\/\/radiozapatista.org\/wp-content\/uploads\/2025\/08\/dia14-01.mp3[\/podcast]<\/p>\n\n\n\n<p>Palabras del Subcomandante Mois\u00e9s y miembros del CCRI-CG sobre la pir\u00e1mide, el com\u00fan y la tormenta. Parte 2: [podcast]https:\/\/radiozapatista.org\/wp-content\/uploads\/2025\/08\/dia14-02.mp3[\/podcast]<\/p>\n\n\n\n<p>Palabras de Clausura: [podcast]https:\/\/radiozapatista.org\/wp-content\/uploads\/2025\/08\/dia14-03.mp3[\/podcast]<\/p>\n\n\n\n<p>&nbsp;<\/p>\n\n\n\n<p>Ejido Morelia, Altamirano Chiapas. 16 de agosto. <\/p>\n\n\n\n<p>Hoy los zapatistas clausuran el <a href=\"https:\/\/radiozapatista.org\/?page_id=51802\">Encuentro de Resistencias y Rebeld\u00edas &#8220;Las partes del todo&#8221;<\/a>, que inici\u00f3 el pasado 3 de agosto. S\u00ed, fueron dos semanas de an\u00e1lisis, reflexiones, de fraterna compartici\u00f3n con diferentes colectivos nacionales e internacionales. En un contexto donde se prioriza lo inmediato, las y los zapatistas, como es su costumbre, se toman su tiempo para platicar con una sociedad civil organizada que viene desde diferentes puntos del planeta.<\/p>\n\n\n\n<p>Despu\u00e9s de viajar algunos kil\u00f3metros o en algunos casos miles, cada participante espera con emoci\u00f3n la hora en que sea llamado o llamada y pueda exponer la forma en la que se organiza y resiste contra lo que llaman la hidra capitalista. Su lucha es por la vida, se escucha con frecuencia en cada una de las participaciones.<\/p>\n\n\n\n<p>Han sido dos semanas en los que los visitantes han estado en geograf\u00edas y calendarios diferentes a los que cotidianamente est\u00e1n acostumbrados, se escuch\u00f3 en las pl\u00e1ticas durante las reuniones en el comedor. Como las nuevas generaciones de Bases de Apoyo Zapatistas, al semillero Comandanta Ramona tambi\u00e9n han llegado j\u00f3venes hijos y nietos de aquella generaci\u00f3n que ha visitado y acompa\u00f1ado a los rebeldes chiapanecos desde el levantamiento armado de 1994.<\/p>\n\n\n\n<p>\u00bfQu\u00e9 es lo que hace que, en plena era digital de espect\u00e1culos y comodidades de las grandes ciudades, un grupo de personas de diferentes partes del mundo decida asistir al Caracol de Morelia, en el municipio de Altamirano, Chiapas? La respuesta quiz\u00e1s sea la esperanza de que no todo est\u00e1 perdido, de que como especie humana no s\u00f3lo podemos causar destrucci\u00f3n, sino tambi\u00e9n dejar un lugar digno en d\u00f3nde vivir a las nuevas generaciones, como reiteradamente nos han dicho los pueblos originarios.<\/p>\n\n\n\n<p>A m\u00e1s de treinta a\u00f1os de la aparici\u00f3n p\u00fablica del EZLN, la sociedad civil organizada que convivi\u00f3 con ellos en estos d\u00edas se dio cuenta de que la apuesta de los zapatistas no es por las armas, sino por educaci\u00f3n, salud, justicia y una vida digna en com\u00fan: experiencia que cada participante, colectivo y organizaci\u00f3n asistente al encuentro habr\u00e1 que llevar a cabo en su lugar de origen, sin seguir recetas, enfatizaron los zapatistas.<\/p>\n\n\n\n<p>M\u00e1s all\u00e1 de los proyectos sexenales neoliberales de antes y de ahora, como los califica el EZLN, la apuesta de los zapatistas es por la vida, y con cada una de sus comparticiones demuestran que ese prop\u00f3sito lo comparten con muchas Resistencias y Rebeld\u00edas en todo el mundo.<\/p>\n\n\n\n<p>En el encuentro las y los j\u00f3venes zapatistas compartieron sus experiencias y reflexiones por medio de obras de teatro, donde la autocr\u00edtica estuvo presente. De igual forma las comandantas y comandantes, junto con el Subcomandante Mois\u00e9s, respondieron a los cuestionamientos que los asistentes externaron de manera directa en materia de derechos de las mujeres, educaci\u00f3n, salud, entre otros temas.<\/p>\n\n\n\n<p>Una pir\u00e1mide de madera fue derribada en el encuentro, en alusi\u00f3n al sistema capitalista. El mensaje de los zapatistas es a organizarse de forma diferente al modelo hegem\u00f3nico neoliberal y contruir lo que denominan el com\u00fan en defensa de la vida.<\/p>\n\n\n\n<p>El encuentro estuvo enmarcado por la solidaridad para con el pueblo Palestino, el cual sufre un genocidio por parte del gobierno de Israel, denunciaron los ind\u00edgenas chiapanecos junto con los dem\u00e1s asistentes al evento.<\/p>\n\n\n\n<p>&#8220;Por eso este lugar se llama semillero, porque a ver qu\u00e9 semilla encuentran ac\u00e1&#8221;, explic\u00f3 Mois\u00e9s a los asistentes.<\/p>\n\n\n\n<figure class=\"wp-block-embed is-type-video is-provider-youtube wp-block-embed-youtube wp-embed-aspect-16-9 wp-has-aspect-ratio\"><div class=\"wp-block-embed__wrapper\">\n<iframe loading=\"lazy\" title=\"Encuentro Zapatista &quot;Algunas partes del todo&quot; D\u00eda 14\" width=\"500\" height=\"281\" src=\"https:\/\/www.youtube.com\/embed\/P0ZfQKXN748?feature=oembed\" frameborder=\"0\" allow=\"accelerometer; autoplay; clipboard-write; encrypted-media; gyroscope; picture-in-picture; web-share\" referrerpolicy=\"strict-origin-when-cross-origin\" allowfullscreen><\/iframe>\n<\/div><\/figure>\n\n\n\n<p>Video: TejeMedixs<\/p>\n\n\n\n<p>Fotos de Radio Pozol<\/p>\n\n\n\n<figure class=\"wp-block-gallery has-nested-images columns-default is-cropped wp-block-gallery-1 is-layout-flex wp-block-gallery-is-layout-flex\">\n<figure class=\"wp-block-image size-medium\"><a href=\"https:\/\/radiozapatista.org\/wp-content\/uploads\/2025\/08\/clausura_zapa5-1.jpeg\"><img loading=\"lazy\" decoding=\"async\" width=\"350\" height=\"233\" data-id=\"51959\" src=\"https:\/\/radiozapatista.org\/wp-content\/uploads\/2025\/08\/clausura_zapa5-1-350x233.jpeg\" alt=\"\" class=\"wp-image-51959\" srcset=\"https:\/\/radiozapatista.org\/wp-content\/uploads\/2025\/08\/clausura_zapa5-1-350x233.jpeg 350w, https:\/\/radiozapatista.org\/wp-content\/uploads\/2025\/08\/clausura_zapa5-1-1024x682.jpeg 1024w, https:\/\/radiozapatista.org\/wp-content\/uploads\/2025\/08\/clausura_zapa5-1-768x512.jpeg 768w, https:\/\/radiozapatista.org\/wp-content\/uploads\/2025\/08\/clausura_zapa5-1-700x466.jpeg 700w, https:\/\/radiozapatista.org\/wp-content\/uploads\/2025\/08\/clausura_zapa5-1.jpeg 1280w\" sizes=\"auto, (max-width: 350px) 100vw, 350px\" \/><\/a><\/figure>\n\n\n\n<figure class=\"wp-block-image size-medium\"><a href=\"https:\/\/radiozapatista.org\/wp-content\/uploads\/2025\/08\/clausura_zapa3-1.jpeg\"><img loading=\"lazy\" decoding=\"async\" width=\"350\" height=\"233\" data-id=\"51960\" src=\"https:\/\/radiozapatista.org\/wp-content\/uploads\/2025\/08\/clausura_zapa3-1-350x233.jpeg\" alt=\"\" class=\"wp-image-51960\" srcset=\"https:\/\/radiozapatista.org\/wp-content\/uploads\/2025\/08\/clausura_zapa3-1-350x233.jpeg 350w, https:\/\/radiozapatista.org\/wp-content\/uploads\/2025\/08\/clausura_zapa3-1-1024x682.jpeg 1024w, https:\/\/radiozapatista.org\/wp-content\/uploads\/2025\/08\/clausura_zapa3-1-768x512.jpeg 768w, https:\/\/radiozapatista.org\/wp-content\/uploads\/2025\/08\/clausura_zapa3-1-700x466.jpeg 700w, https:\/\/radiozapatista.org\/wp-content\/uploads\/2025\/08\/clausura_zapa3-1.jpeg 1280w\" sizes=\"auto, (max-width: 350px) 100vw, 350px\" \/><\/a><\/figure>\n\n\n\n<figure class=\"wp-block-image size-medium\"><a href=\"https:\/\/radiozapatista.org\/wp-content\/uploads\/2025\/08\/clausura_zapa1-1.jpeg\"><img loading=\"lazy\" decoding=\"async\" width=\"350\" height=\"233\" data-id=\"51961\" src=\"https:\/\/radiozapatista.org\/wp-content\/uploads\/2025\/08\/clausura_zapa1-1-350x233.jpeg\" alt=\"\" class=\"wp-image-51961\" srcset=\"https:\/\/radiozapatista.org\/wp-content\/uploads\/2025\/08\/clausura_zapa1-1-350x233.jpeg 350w, https:\/\/radiozapatista.org\/wp-content\/uploads\/2025\/08\/clausura_zapa1-1-1024x682.jpeg 1024w, https:\/\/radiozapatista.org\/wp-content\/uploads\/2025\/08\/clausura_zapa1-1-768x512.jpeg 768w, https:\/\/radiozapatista.org\/wp-content\/uploads\/2025\/08\/clausura_zapa1-1-700x466.jpeg 700w, https:\/\/radiozapatista.org\/wp-content\/uploads\/2025\/08\/clausura_zapa1-1.jpeg 1280w\" sizes=\"auto, (max-width: 350px) 100vw, 350px\" \/><\/a><\/figure>\n<\/figure>\n\n\n\n<figure class=\"wp-block-gallery has-nested-images columns-default is-cropped wp-block-gallery-2 is-layout-flex wp-block-gallery-is-layout-flex\">\n<figure class=\"wp-block-image size-medium\"><a href=\"https:\/\/radiozapatista.org\/wp-content\/uploads\/2025\/08\/clausura_zapa_005.jpeg\"><img loading=\"lazy\" decoding=\"async\" width=\"350\" height=\"263\" data-id=\"51965\" src=\"https:\/\/radiozapatista.org\/wp-content\/uploads\/2025\/08\/clausura_zapa_005-350x263.jpeg\" alt=\"\" class=\"wp-image-51965\" srcset=\"https:\/\/radiozapatista.org\/wp-content\/uploads\/2025\/08\/clausura_zapa_005-350x263.jpeg 350w, https:\/\/radiozapatista.org\/wp-content\/uploads\/2025\/08\/clausura_zapa_005-1024x768.jpeg 1024w, https:\/\/radiozapatista.org\/wp-content\/uploads\/2025\/08\/clausura_zapa_005-768x576.jpeg 768w, https:\/\/radiozapatista.org\/wp-content\/uploads\/2025\/08\/clausura_zapa_005.jpeg 1280w\" sizes=\"auto, (max-width: 350px) 100vw, 350px\" \/><\/a><\/figure>\n\n\n\n<figure class=\"wp-block-image size-medium\"><a href=\"https:\/\/radiozapatista.org\/wp-content\/uploads\/2025\/08\/clausura_zapa_003.jpeg\"><img loading=\"lazy\" decoding=\"async\" width=\"350\" height=\"263\" data-id=\"51966\" src=\"https:\/\/radiozapatista.org\/wp-content\/uploads\/2025\/08\/clausura_zapa_003-350x263.jpeg\" alt=\"\" class=\"wp-image-51966\" srcset=\"https:\/\/radiozapatista.org\/wp-content\/uploads\/2025\/08\/clausura_zapa_003-350x263.jpeg 350w, https:\/\/radiozapatista.org\/wp-content\/uploads\/2025\/08\/clausura_zapa_003-1024x768.jpeg 1024w, https:\/\/radiozapatista.org\/wp-content\/uploads\/2025\/08\/clausura_zapa_003-768x576.jpeg 768w, https:\/\/radiozapatista.org\/wp-content\/uploads\/2025\/08\/clausura_zapa_003.jpeg 1280w\" sizes=\"auto, (max-width: 350px) 100vw, 350px\" \/><\/a><\/figure>\n\n\n\n<figure class=\"wp-block-image size-medium\"><a href=\"https:\/\/radiozapatista.org\/wp-content\/uploads\/2025\/08\/clausura_zapa_004.jpeg\"><img loading=\"lazy\" decoding=\"async\" width=\"350\" height=\"263\" data-id=\"51967\" src=\"https:\/\/radiozapatista.org\/wp-content\/uploads\/2025\/08\/clausura_zapa_004-350x263.jpeg\" alt=\"\" class=\"wp-image-51967\" srcset=\"https:\/\/radiozapatista.org\/wp-content\/uploads\/2025\/08\/clausura_zapa_004-350x263.jpeg 350w, https:\/\/radiozapatista.org\/wp-content\/uploads\/2025\/08\/clausura_zapa_004-1024x768.jpeg 1024w, https:\/\/radiozapatista.org\/wp-content\/uploads\/2025\/08\/clausura_zapa_004-768x576.jpeg 768w, https:\/\/radiozapatista.org\/wp-content\/uploads\/2025\/08\/clausura_zapa_004.jpeg 1280w\" sizes=\"auto, (max-width: 350px) 100vw, 350px\" \/><\/a><\/figure>\n\n\n\n<figure class=\"wp-block-image size-medium\"><a href=\"https:\/\/radiozapatista.org\/wp-content\/uploads\/2025\/08\/clausura_zapa_002.jpeg\"><img loading=\"lazy\" decoding=\"async\" width=\"350\" height=\"263\" data-id=\"51968\" src=\"https:\/\/radiozapatista.org\/wp-content\/uploads\/2025\/08\/clausura_zapa_002-350x263.jpeg\" alt=\"\" class=\"wp-image-51968\" srcset=\"https:\/\/radiozapatista.org\/wp-content\/uploads\/2025\/08\/clausura_zapa_002-350x263.jpeg 350w, https:\/\/radiozapatista.org\/wp-content\/uploads\/2025\/08\/clausura_zapa_002-1024x768.jpeg 1024w, https:\/\/radiozapatista.org\/wp-content\/uploads\/2025\/08\/clausura_zapa_002-768x576.jpeg 768w, https:\/\/radiozapatista.org\/wp-content\/uploads\/2025\/08\/clausura_zapa_002.jpeg 1280w\" sizes=\"auto, (max-width: 350px) 100vw, 350px\" \/><\/a><\/figure>\n\n\n\n<figure class=\"wp-block-image size-medium\"><a href=\"https:\/\/radiozapatista.org\/wp-content\/uploads\/2025\/08\/clausura_zapa_007.jpeg\"><img loading=\"lazy\" decoding=\"async\" width=\"350\" height=\"263\" data-id=\"51969\" src=\"https:\/\/radiozapatista.org\/wp-content\/uploads\/2025\/08\/clausura_zapa_007-350x263.jpeg\" alt=\"\" class=\"wp-image-51969\" srcset=\"https:\/\/radiozapatista.org\/wp-content\/uploads\/2025\/08\/clausura_zapa_007-350x263.jpeg 350w, https:\/\/radiozapatista.org\/wp-content\/uploads\/2025\/08\/clausura_zapa_007-1024x768.jpeg 1024w, https:\/\/radiozapatista.org\/wp-content\/uploads\/2025\/08\/clausura_zapa_007-768x576.jpeg 768w, https:\/\/radiozapatista.org\/wp-content\/uploads\/2025\/08\/clausura_zapa_007.jpeg 1280w\" sizes=\"auto, (max-width: 350px) 100vw, 350px\" \/><\/a><\/figure>\n<\/figure>\n","protected":false},"excerpt":{"rendered":"<p>Palabras del Subcomandante Mois\u00e9s y miembros del CCRI-CG sobre la pir\u00e1mide, el com\u00fan y la tormenta. Parte 1: [podcast]https:\/\/radiozapatista.org\/wp-content\/uploads\/2025\/08\/dia14-01.mp3[\/podcast] Palabras del Subcomandante Mois\u00e9s y miembros del CCRI-CG sobre la pir\u00e1mide, el com\u00fan y la tormenta. Parte 2: [podcast]https:\/\/radiozapatista.org\/wp-content\/uploads\/2025\/08\/dia14-02.mp3[\/podcast] Palabras de Clausura: [podcast]https:\/\/radiozapatista.org\/wp-content\/uploads\/2025\/08\/dia14-03.mp3[\/podcast] &nbsp; Ejido Morelia, Altamirano Chiapas. 16 de agosto. Hoy los zapatistas clausuran el [&hellip;]<\/p>\n","protected":false},"author":21,"featured_media":51962,"comment_status":"open","ping_status":"closed","sticky":false,"template":"","format":"standard","meta":{"footnotes":""},"categories":[957,51,6,955,954,196,190,935],"tags":[58,23,545,148,27,483],"class_list":["post-51955","post","type-post","status-publish","format-standard","has-post-thumbnail","hentry","category-autonomia","category-autor","category-chiapas","category-ezln-temas","category-mexico","category-radio-pozol","category-radiozapatista","category-temas","tag-derechos-humanos","tag-paramilitares","tag-pueblos-indigenas","tag-resistencia","tag-solidaridad","tag-tierra-y-territorio"],"_links":{"self":[{"href":"https:\/\/radiozapatista.org\/index.php?rest_route=\/wp\/v2\/posts\/51955","targetHints":{"allow":["GET"]}}],"collection":[{"href":"https:\/\/radiozapatista.org\/index.php?rest_route=\/wp\/v2\/posts"}],"about":[{"href":"https:\/\/radiozapatista.org\/index.php?rest_route=\/wp\/v2\/types\/post"}],"author":[{"embeddable":true,"href":"https:\/\/radiozapatista.org\/index.php?rest_route=\/wp\/v2\/users\/21"}],"replies":[{"embeddable":true,"href":"https:\/\/radiozapatista.org\/index.php?rest_route=%2Fwp%2Fv2%2Fcomments&post=51955"}],"version-history":[{"count":8,"href":"https:\/\/radiozapatista.org\/index.php?rest_route=\/wp\/v2\/posts\/51955\/revisions"}],"predecessor-version":[{"id":51995,"href":"https:\/\/radiozapatista.org\/index.php?rest_route=\/wp\/v2\/posts\/51955\/revisions\/51995"}],"wp:featuredmedia":[{"embeddable":true,"href":"https:\/\/radiozapatista.org\/index.php?rest_route=\/wp\/v2\/media\/51962"}],"wp:attachment":[{"href":"https:\/\/radiozapatista.org\/index.php?rest_route=%2Fwp%2Fv2%2Fmedia&parent=51955"}],"wp:term":[{"taxonomy":"category","embeddable":true,"href":"https:\/\/radiozapatista.org\/index.php?rest_route=%2Fwp%2Fv2%2Fcategories&post=51955"},{"taxonomy":"post_tag","embeddable":true,"href":"https:\/\/radiozapatista.org\/index.php?rest_route=%2Fwp%2Fv2%2Ftags&post=51955"}],"curies":[{"name":"wp","href":"https:\/\/api.w.org\/{rel}","templated":true}]}}