{"id":51886,"date":"2025-08-15T17:00:38","date_gmt":"2025-08-15T23:00:38","guid":{"rendered":"https:\/\/radiozapatista.org\/?p=51886"},"modified":"2025-08-15T17:11:30","modified_gmt":"2025-08-15T23:11:30","slug":"transmision-en-vivo-desde-el-encuentro-de-resistencias-y-rebeldias-algunas-partes-del-todo-sesion-de-preguntas-y-respuestas-con-el-sci-moises-dia-15-de-agosto-del-2025-1630-horas-e","status":"publish","type":"post","link":"https:\/\/radiozapatista.org\/?p=51886","title":{"rendered":"Transmisi\u00f3n en vivo desde el Encuentro de Resistencias y Rebeld\u00edas \u201cAlgunas Partes del Todo\u00bb. Sesi\u00f3n de preguntas y respuestas con el SCI Mois\u00e9s, d\u00eda 15 de agosto del 2025, 16:30 horas #EZLN"},"content":{"rendered":"\n<p>Fuente: <a href=\"https:\/\/enlacezapatista.ezln.org.mx\/2025\/08\/15\/transmision-en-vivo-desde-el-encuentro-de-resistencias-y-rebeldias-algunas-partes-del-todo-sesion-de-preguntas-y-respuestas-con-el-sci-moises-dia-15-de-agosto-del-2025-1630-horas\/\">EnlaceZapatista<\/a><\/p>\n\n\n\n<p><strong>Transmisi\u00f3n en vivo desde el Encuentro de Resistencias y Rebeld\u00edas \u201cAlgunas Partes del Todo\u201d<br><\/strong><strong>Sesi\u00f3n de preguntas y respuestas con el SCI Mois\u00e9s<br>15 de agosto del 2025<\/strong><\/p>\n\n\n\n<p><strong>16:30 horas<\/strong><\/p>\n\n\n\n<figure class=\"wp-block-embed is-type-video is-provider-youtube wp-block-embed-youtube wp-embed-aspect-16-9 wp-has-aspect-ratio\"><div class=\"wp-block-embed__wrapper\">\n<iframe loading=\"lazy\" title=\"Enlace Zapatista est\u00e1 en vivo\" width=\"500\" height=\"281\" src=\"https:\/\/www.youtube.com\/embed\/DCE-TrdqRVM?feature=oembed\" frameborder=\"0\" allow=\"accelerometer; autoplay; clipboard-write; encrypted-media; gyroscope; picture-in-picture; web-share\" referrerpolicy=\"strict-origin-when-cross-origin\" allowfullscreen><\/iframe>\n<\/div><\/figure>\n\n\n\n<figure class=\"wp-block-embed is-type-rich is-provider-gestor-del-servicio wp-block-embed-gestor-del-servicio\"><div class=\"wp-block-embed__wrapper\">\nhttps:\/\/youtube.com\/watch?v=DCE-TrdqRVM%3Fsi%3D45w-p8SdDr7XQ3hu\n<\/div><\/figure>\n","protected":false},"excerpt":{"rendered":"<p>Fuente: EnlaceZapatista Transmisi\u00f3n en vivo desde el Encuentro de Resistencias y Rebeld\u00edas \u201cAlgunas Partes del Todo\u201dSesi\u00f3n de preguntas y respuestas con el SCI Mois\u00e9s15 de agosto del 2025 16:30 horas<\/p>\n","protected":false},"author":21,"featured_media":51888,"comment_status":"open","ping_status":"closed","sticky":false,"template":"","format":"standard","meta":{"footnotes":""},"categories":[957,51,6,118,955,954,935],"tags":[644,926],"class_list":["post-51886","post","type-post","status-publish","format-standard","has-post-thumbnail","hentry","category-autonomia","category-autor","category-chiapas","category-ezln","category-ezln-temas","category-mexico","category-temas","tag-comunicados-ezln","tag-ezln"],"_links":{"self":[{"href":"https:\/\/radiozapatista.org\/index.php?rest_route=\/wp\/v2\/posts\/51886","targetHints":{"allow":["GET"]}}],"collection":[{"href":"https:\/\/radiozapatista.org\/index.php?rest_route=\/wp\/v2\/posts"}],"about":[{"href":"https:\/\/radiozapatista.org\/index.php?rest_route=\/wp\/v2\/types\/post"}],"author":[{"embeddable":true,"href":"https:\/\/radiozapatista.org\/index.php?rest_route=\/wp\/v2\/users\/21"}],"replies":[{"embeddable":true,"href":"https:\/\/radiozapatista.org\/index.php?rest_route=%2Fwp%2Fv2%2Fcomments&post=51886"}],"version-history":[{"count":2,"href":"https:\/\/radiozapatista.org\/index.php?rest_route=\/wp\/v2\/posts\/51886\/revisions"}],"predecessor-version":[{"id":51891,"href":"https:\/\/radiozapatista.org\/index.php?rest_route=\/wp\/v2\/posts\/51886\/revisions\/51891"}],"wp:featuredmedia":[{"embeddable":true,"href":"https:\/\/radiozapatista.org\/index.php?rest_route=\/wp\/v2\/media\/51888"}],"wp:attachment":[{"href":"https:\/\/radiozapatista.org\/index.php?rest_route=%2Fwp%2Fv2%2Fmedia&parent=51886"}],"wp:term":[{"taxonomy":"category","embeddable":true,"href":"https:\/\/radiozapatista.org\/index.php?rest_route=%2Fwp%2Fv2%2Fcategories&post=51886"},{"taxonomy":"post_tag","embeddable":true,"href":"https:\/\/radiozapatista.org\/index.php?rest_route=%2Fwp%2Fv2%2Ftags&post=51886"}],"curies":[{"name":"wp","href":"https:\/\/api.w.org\/{rel}","templated":true}]}}