{"id":51820,"date":"2025-08-14T21:18:05","date_gmt":"2025-08-15T03:18:05","guid":{"rendered":"https:\/\/radiozapatista.org\/?p=51820"},"modified":"2025-08-14T21:18:06","modified_gmt":"2025-08-15T03:18:06","slug":"padre-marcelo-ley-sin-justicia-verdad-mutilada","status":"publish","type":"post","link":"https:\/\/radiozapatista.org\/?p=51820","title":{"rendered":"Padre Marcelo, ley sin Justicia, Verdad mutilada"},"content":{"rendered":"\n<p>San Crist\u00f3bal de Las Casas, Chiapas<br>13 de agosto de 2025<\/p>\n\n\n\n<p><strong>Bolet\u00edn No. 06<\/strong><\/p>\n\n\n\n<p><strong>Padre Marcelo, ley sin Justicia, Verdad mutilada<\/strong><\/p>\n\n\n\n<p><strong>\u2022&nbsp;&nbsp; &nbsp;La verdadera justicia implica una investigaci\u00f3n exhaustiva, sanci\u00f3n a los responsables y garant\u00edas de no repetici\u00f3n.&nbsp;<br>\u2022&nbsp;&nbsp; &nbsp;Se le neg\u00f3 el reconocimiento de persona defensora de derechos humanos y constructor de paz.&nbsp;<\/strong><\/p>\n\n\n\n<p>El 6 de agosto en el Centro de Justicia Penal Federal en el estado de Chiapas, con sede en Cintalapa de Figueroa, fue sentenciado a 20 a\u00f1os de prisi\u00f3n el \u201cautor material\u201d de la ejecuci\u00f3n extrajudicial del Padre Marcelo P\u00e9rez P\u00e9rez (en adelante Padre Marcelo), cubri\u00e9ndose de impunidad y manteniendo la injusticia desde una estrategia institucional que clausura la verdad, sin que se aportaran pruebas que condujeran a los autores intelectuales de este crimen atroz que atent\u00f3 contra los pueblos y comunidades que luchan por la vida y la paz en Chiapas. La ejecuci\u00f3n se dio en contra de un defensor de derechos humanos, y el Estado, lejos de protegerlo, lo criminaliz\u00f3, lo persigui\u00f3 y omiti\u00f3 la Medida Cautelar MC-506-14 ordenada por la Comisi\u00f3n interamericana de Derechos Humanos (CIDH).&nbsp;<\/p>\n\n\n\n<p>Se obstaculiz\u00f3 la justicia, se silenci\u00f3 la exigencia de verdad y justicia. Las acusaciones contra el Padre Marcelo para atacar, intimidar y silenciar su trabajo como defensor de los derechos humanos de los pueblos ind\u00edgenas, forman parte de un patr\u00f3n de criminalizaci\u00f3n contra las personas defensoras en Chiapas. A pesar de contar con medidas cautelares el Estado mexicano no garantiz\u00f3 su seguridad. Una vez m\u00e1s el caso de una persona defensora se trata como un simple homicidio, negando el trabajo por la paz y reconciliaci\u00f3n entre los pueblos al que dedic\u00f3 su vida el Padre Marcelo.<\/p>\n\n\n\n<p>La violencia generalizada en Chiapas no deja avanzar la paz. En las \u00faltimas semanas se ha reactivado la violencia en la Regi\u00f3n Frontera y Sierra, as\u00ed como en los Altos de Chiapas. En medio de los discursos de paz, grupos armados que operan en las diversas regiones de Chiapas, que no fueron identificados, investigados, judicializados ni desarticulados contin\u00faan amenazando a los pueblos y comunidades.<\/p>\n\n\n\n<p>En medio de una violencia generalizada en el estado de Chiapas, donde no se reconoce el trabajo de las personas defensoras, por el contrario, se les asesina, difama, criminaliza y agrede, hacemos un llamado a la solidaridad nacional e internacional para visibilizar a quienes caminamos junto a los pueblos, exigiendo al Estado mexicano cumpla su responsabilidad de proteger y garantizar la vida, seguridad e integridad de quienes defienden derechos humanos.<\/p>\n\n\n\n<p>Exigimos al Estado mexicano que se investigue sin atajos ni pactos de impunidad. Porque cuando se ejecuta a quien lucha por la vida, no basta con condenar: hay que nombrar, esclarecer y transformar. Que haya una investigaci\u00f3n exhaustiva, identificando a los responsables, sancionando adecuadamente y garantizando que estos hechos no se repitan, que la acci\u00f3n sea un impulso con voluntad institucional para saber la verdad y lograr justicia.<br>&nbsp;<\/p>\n\n\n\n<p>-.-<\/p>\n\n\n\n<p><a href=\"https:\/\/frayba.org.mx\/sites\/default\/files\/2025-08\/250813_boletin%2006_Padre%20Marcelo-final.pdf\">Descarga el Bolet\u00edn No. 06 en PDF<\/a>(199.87 KB)<\/p>\n","protected":false},"excerpt":{"rendered":"<p>San Crist\u00f3bal de Las Casas, Chiapas13 de agosto de 2025 Bolet\u00edn No. 06 Padre Marcelo, ley sin Justicia, Verdad mutilada \u2022&nbsp;&nbsp; &nbsp;La verdadera justicia implica una investigaci\u00f3n exhaustiva, sanci\u00f3n a los responsables y garant\u00edas de no repetici\u00f3n.&nbsp;\u2022&nbsp;&nbsp; &nbsp;Se le neg\u00f3 el reconocimiento de persona defensora de derechos humanos y constructor de paz.&nbsp; El 6 de [&hellip;]<\/p>\n","protected":false},"author":21,"featured_media":51822,"comment_status":"open","ping_status":"closed","sticky":false,"template":"","format":"standard","meta":{"footnotes":""},"categories":[957,51,6,55,958,954,935],"tags":[58,53,567,147,23,545,87,148,27,483],"class_list":["post-51820","post","type-post","status-publish","format-standard","has-post-thumbnail","hentry","category-autonomia","category-autor","category-chiapas","category-frayba","category-megaproyectos","category-mexico","category-temas","tag-derechos-humanos","tag-justicia","tag-megaproyectos","tag-militarizacion","tag-paramilitares","tag-pueblos-indigenas","tag-represion","tag-resistencia","tag-solidaridad","tag-tierra-y-territorio"],"_links":{"self":[{"href":"https:\/\/radiozapatista.org\/index.php?rest_route=\/wp\/v2\/posts\/51820","targetHints":{"allow":["GET"]}}],"collection":[{"href":"https:\/\/radiozapatista.org\/index.php?rest_route=\/wp\/v2\/posts"}],"about":[{"href":"https:\/\/radiozapatista.org\/index.php?rest_route=\/wp\/v2\/types\/post"}],"author":[{"embeddable":true,"href":"https:\/\/radiozapatista.org\/index.php?rest_route=\/wp\/v2\/users\/21"}],"replies":[{"embeddable":true,"href":"https:\/\/radiozapatista.org\/index.php?rest_route=%2Fwp%2Fv2%2Fcomments&post=51820"}],"version-history":[{"count":1,"href":"https:\/\/radiozapatista.org\/index.php?rest_route=\/wp\/v2\/posts\/51820\/revisions"}],"predecessor-version":[{"id":51823,"href":"https:\/\/radiozapatista.org\/index.php?rest_route=\/wp\/v2\/posts\/51820\/revisions\/51823"}],"wp:featuredmedia":[{"embeddable":true,"href":"https:\/\/radiozapatista.org\/index.php?rest_route=\/wp\/v2\/media\/51822"}],"wp:attachment":[{"href":"https:\/\/radiozapatista.org\/index.php?rest_route=%2Fwp%2Fv2%2Fmedia&parent=51820"}],"wp:term":[{"taxonomy":"category","embeddable":true,"href":"https:\/\/radiozapatista.org\/index.php?rest_route=%2Fwp%2Fv2%2Fcategories&post=51820"},{"taxonomy":"post_tag","embeddable":true,"href":"https:\/\/radiozapatista.org\/index.php?rest_route=%2Fwp%2Fv2%2Ftags&post=51820"}],"curies":[{"name":"wp","href":"https:\/\/api.w.org\/{rel}","templated":true}]}}