{"id":51801,"date":"2025-08-15T11:02:55","date_gmt":"2025-08-15T17:02:55","guid":{"rendered":"https:\/\/radiozapatista.org\/?p=51801"},"modified":"2025-08-15T11:24:03","modified_gmt":"2025-08-15T17:24:03","slug":"dia-12-encuentro-de-resistencias-y-rebeldias-algunas-partes-del-todo","status":"publish","type":"post","link":"https:\/\/radiozapatista.org\/?p=51801","title":{"rendered":"D\u00eda 12 \u2013 Encuentro de Resistencias y Rebeld\u00edas \u201cAlgunas partes del todo\u201d"},"content":{"rendered":"\n<p>Son ya doce d\u00edas de compartici\u00f3n de testimonios de luchas alrededor del mundo en este <a href=\"https:\/\/radiozapatista.org\/?page_id=51802\">Encuentro de Resistencias y Rebeld\u00edas &#8220;Algunas partes del todo&#8221;<\/a>, que este s\u00e1bado llega a su fin, o a su comienzo, pues a\u00fan est\u00e1 por verse lo que florecer\u00e1 de este sembrar semillas en el Semillero Comandanta Ramona a lo largo de estas dos semanas, que nos han permitido ver &#8220;algunas partes del todo&#8221; de colectivos, organizaciones e individuos que resisten, se rebelan y revelan ante el descamino de nuestro mundo.<\/p>\n\n\n\n<p>De M\u00e9xico, el Frente de Trabajadores por el Derecho a la Salud y la Seguridad Social se organiza para defender los derechos de los trabajadores a una salud digna. El profesor Facundo Jim\u00e9nez P\u00e9rez, del CCH Naucalpan, comparti\u00f3, a partir de la historia de su despido, una radiograf\u00eda de la educaci\u00f3n media superior y superior en M\u00e9xico. El Comit\u00e9 Semillas del <a href=\"https:\/\/www.facebook.com\/fnbmexico\" target=\"_blank\" rel=\"noreferrer noopener\">Foro Nacional de la Bicicleta<\/a>, que se realizar\u00e1 en San Crist\u00f3bal, surge del primer Foro Mundial de la Bicicleta en Brasil a partir de un atropellamiento masivo de ciclistas. Carmen Ortiz Herrera, parte del Colectivo Perfil Urbano, est\u00e1 en fase terminal, y en este encuentro su hija y dos compa\u00f1eras enviaron un mensaje sobre su trayectoria como comunicadora y luchadora social. La compa\u00f1era Aura comparti\u00f3 su resistencia a partir de la palabra en Tepoztl\u00e1n. <a href=\"https:\/\/www.facebook.com\/p\/Sembradoras-Melchor-Ocampo-61555832912847\/\" target=\"_blank\" rel=\"noreferrer noopener\">Sembradoras de Melchor Ocampo<\/a> es una colectiva del Estado de M\u00e9xico de mujeres y ni\u00f1as que defienden las aguas, los territorios tierra y los territorios cuerpo. En la Iztapalapa, Ciudad de M\u00e9xico, <a href=\"https:\/\/www.facebook.com\/brujula.roja.2025\" target=\"_blank\" rel=\"noreferrer noopener\">Br\u00fajula Roja<\/a> se organiza para construir la autonom\u00eda y el com\u00fan, entre otras iniciativas, mediante la Comunidad Xochitlanezi. En San Crist\u00f3bal de Las Casas, el colectivo Nos Roban el Agua se organiza ante el despojo del agua en el barrio de Cuxtitali de esa ciudad. El <a href=\"https:\/\/aitc-ac.webnode.mx\/\" target=\"_blank\" rel=\"noreferrer noopener\">Movimiento Salud en Manos del Pueblo<\/a> comparti\u00f3 el proceso de formaci\u00f3n de las brigadas de salud en Amilcingo, y la lucha del oriente de Morelos contra el Proyecto Integral Morelos.<\/p>\n\n\n\n<p>En el Sur de Gales, el Movimiento Antipolicial y Anticarcelario se compone de diversos colectivos que luchan contra la violencia policial y la industria carcelaria. El <a href=\"https:\/\/catalystcentre.net\/\" target=\"_blank\" rel=\"noreferrer noopener\">Centro Social Catalyst<\/a> comparti\u00f3 la historia del genocidio contra los pueblos originarios en Australia y la continuaci\u00f3n de las pol\u00edticas racistas hasta hoy, as\u00ed como la lucha de Catalyst como espacio de encuentro para movimientos sociales en ese pa\u00eds. De Estados Unidos, varios colectivos compartieron su testimonio sobre las luchas desde abajo en el vientre del imperio. Un compa\u00f1ero de Little River Commons comparti\u00f3 el trabajo de una red de apoyo terap\u00e9utico mutuo en El Salvador; el acompa\u00f1amiento tera\u00e9utico al pueblo palestino; y el trabajo de una red de solidaridad con los sin techo y pueblos originarios en Estados Unidos. De Alemania, la <a href=\"https:\/\/www.ya-basta-netz.org\/\" target=\"_blank\" rel=\"noreferrer noopener\">Red Ya Basta<\/a> comparti\u00f3 su trabajo de solidaridad con los pueblos en lucha de Chiapas. El Grupo M\u00e9xico del Foro Internacional de Dinamarca comparti\u00f3 tambi\u00e9n su trabajo de solidaridad con campesinos, mujeres, movimientos de liberaci\u00f3n y sindicales. La Red Contra el Feminicidio, parte de la organizaci\u00f3n feminista Luchar Juntes, de Alemania, lucha contra la violencia patriarcal, visibilizando los feminicidios, exigiendo justicia, construyendo memoria y cuestionando las estructuras que los posibilitan. De Francia, el <a href=\"https:\/\/www.sudeducation.org\/\" target=\"_blank\" rel=\"noreferrer noopener\">Sindicato SUD \u00c9ducation<\/a>, parte de la Union Syndicale Solidaires, defiende los derechos de los trabajadorxs y lucha por la transformacion social; el sindicato present\u00f3 una pel\u00edcula realizada durante la Traves\u00eda por la Vida en Francia.<\/p>\n\n\n\n<p>Este d\u00eda, el Subcomandante Mois\u00e9s nos dio una demostraci\u00f3n de la l\u00f3gica zapatista ante las contradicciones. Estos d\u00edas, explic\u00f3, algunas personas han comentado que la comida est\u00e1 muy barata, y que los zapatistas deber\u00edan cobrar m\u00e1s por ella, considerando el enorme esfuerzo que implica construir un encuentro como \u00e9ste. Por otro lado, otras personas comentaban que se les acababan los fondos en ese intento por participar en un evento de tanta importancia durante tantos d\u00edas. La conclusi\u00f3n zapatista: este d\u00eda, la comida fue gratuita.<\/p>\n\n\n\n<p>Palabras del Subcomandante Mois\u00e9s: [podcast]https:\/\/radiozapatista.org\/wp-content\/uploads\/2025\/08\/dia12-SupMoi.mp3[\/podcast]<\/p>\n\n\n\n<p><strong>Compartimos abajo los audios de la mayor\u00eda de las presentaciones de este doceavo d\u00eda del encuentro.<\/strong><\/p>\n\n\n\n<p>Frente de Trabajadores por el Derecho a la Salud y la Seguridad Social [podcast]https:\/\/radiozapatista.org\/wp-content\/uploads\/2025\/08\/dia12-01.mp3[\/podcast]<\/p>\n\n\n\n<p>Profesor Facundo Jim\u00e9nez P\u00e9rez [podcast]https:\/\/radiozapatista.org\/wp-content\/uploads\/2025\/08\/dia12-02.mp3[\/podcast]<\/p>\n\n\n\n<p>Colectivo Comit\u00e9 Semilla \u2013 Foro Nacional de la Bicicleta [podcast]https:\/\/radiozapatista.org\/wp-content\/uploads\/2025\/08\/dia12-03.mp3[\/podcast]<\/p>\n\n\n\n<p>Movimiento Antipolicial y Anticarcelario del Sur de Gales [podcast]https:\/\/radiozapatista.org\/wp-content\/uploads\/2025\/08\/dia12-04.mp3[\/podcast]<\/p>\n\n\n\n<p>Centro Social Catalyst (parte de LASNET \u2013 Red de Solidaridad con los Pueblos Latinoamericanos) [podcast]https:\/\/radiozapatista.org\/wp-content\/uploads\/2025\/08\/dia12-05.mp3[\/podcast]<\/p>\n\n\n\n<p>Comentario del Subcomandante Mois\u00e9s \u2013 sobre el sentido de este encuentro [podcast]https:\/\/radiozapatista.org\/wp-content\/uploads\/2025\/08\/dia12-06.mp3[\/podcast]<\/p>\n\n\n\n<p>Comentario del Centro Social Catalyst [podcast]https:\/\/radiozapatista.org\/wp-content\/uploads\/2025\/08\/dia12-07.mp3[\/podcast]<\/p>\n\n\n\n<p>Di\u00e1logo iniciado por el Subcomandante Mois\u00e9s [podcast]https:\/\/radiozapatista.org\/wp-content\/uploads\/2025\/08\/dia12-08.mp3[\/podcast]<\/p>\n\n\n\n<p>Mensajes para Carmen Ortiz Herrera, militante de los medios libres, parte del Colectivo Perfil Urbano [podcast]https:\/\/radiozapatista.org\/wp-content\/uploads\/2025\/08\/dia12-09.mp3[\/podcast]<\/p>\n\n\n\n<p>Varios colectivos de Estados Unidos [podcast]https:\/\/radiozapatista.org\/wp-content\/uploads\/2025\/08\/dia12-10.mp3[\/podcast]<\/p>\n\n\n\n<p>Mensaje del Subcomandante Mois\u00e9s para los j\u00f3venes en Estados Unidos [podcast]https:\/\/radiozapatista.org\/wp-content\/uploads\/2025\/08\/dia12-11.mp3[\/podcast]<\/p>\n\n\n\n<p>Little River Commons, Construyendo desde adentro (El Salvador \/ Palestina \/ Estados Unidos) [podcast]https:\/\/radiozapatista.org\/wp-content\/uploads\/2025\/08\/dia12-12.mp3[\/podcast]<\/p>\n\n\n\n<p>Aura \u2013 Resistencia en Tepoztl\u00e1n a trav\u00e9s de las artes y la palabra [podcast]https:\/\/radiozapatista.org\/wp-content\/uploads\/2025\/08\/dia12-13.mp3[\/podcast]<\/p>\n\n\n\n<p>Red Ya Basta (Alemania) (pedimos disculpas por la mala calidad del audio debido a problemas t\u00e9cnicos) [podcast]https:\/\/radiozapatista.org\/wp-content\/uploads\/2025\/08\/dia12-14.mp3[\/podcast]<\/p>\n\n\n\n<p>Sembradoras de Melchor Ocampo (Estado de M\u00e9xico) [podcast]https:\/\/radiozapatista.org\/wp-content\/uploads\/2025\/08\/dia12-15.mp3[\/podcast]<\/p>\n\n\n\n<p>Br\u00fajula Roja (Iztapalapa, Ciudad de M\u00e9xico) [podcast]https:\/\/radiozapatista.org\/wp-content\/uploads\/2025\/08\/dia12-16.mp3[\/podcast]<\/p>\n\n\n\n<p>Nos Roban el Agua (Cuxtitali, San Crist\u00f3bal, Chiapas) [podcast]https:\/\/radiozapatista.org\/wp-content\/uploads\/2025\/08\/dia12-17.mp3[\/podcast]<\/p>\n\n\n\n<p>Grupo M\u00e9xico del Foro Internacional de Dinamarca [podcast]https:\/\/radiozapatista.org\/wp-content\/uploads\/2025\/08\/dia12-18.mp3[\/podcast]<\/p>\n\n\n\n<p>Armadilla del Sur (son jarocho) [podcast]https:\/\/radiozapatista.org\/wp-content\/uploads\/2025\/08\/dia12-19.mp3[\/podcast]<\/p>\n\n\n\n<p>Luchar Juntes (Alemania) [podcast]https:\/\/radiozapatista.org\/wp-content\/uploads\/2025\/08\/dia12-20.mp3[\/podcast]<\/p>\n\n\n\n<p>Movimiento Salud en Manos del Pueblo [podcast]https:\/\/radiozapatista.org\/wp-content\/uploads\/2025\/08\/dia12-21.mp3[\/podcast]<\/p>\n\n\n\n<p>Sindicato SUD \u00c9ducation, Union Syndicale Solidaires (Francia) [podcast]https:\/\/radiozapatista.org\/wp-content\/uploads\/2025\/08\/dia12-22.mp3[\/podcast]<\/p>\n\n\n\n<p>Foto de portada: Radio Pozol<\/p>\n","protected":false},"excerpt":{"rendered":"<p>Son ya doce d\u00edas de compartici\u00f3n de testimonios de luchas alrededor del mundo en este Encuentro de Resistencias y Rebeld\u00edas &#8220;Algunas partes del todo&#8221;, que este s\u00e1bado llega a su fin, o a su comienzo, pues a\u00fan est\u00e1 por verse lo que florecer\u00e1 de este sembrar semillas en el Semillero Comandanta Ramona a lo largo [&hellip;]<\/p>\n","protected":false},"author":1,"featured_media":51874,"comment_status":"open","ping_status":"closed","sticky":false,"template":"","format":"standard","meta":{"footnotes":""},"categories":[1,957,6,955,954,961,953,1327,190],"tags":[79,1502,1495,56,926,153,148,27,657],"class_list":["post-51801","post","type-post","status-publish","format-standard","has-post-thumbnail","hentry","category-audio","category-autonomia","category-chiapas","category-ezln-temas","category-mexico","category-mujeres","category-mundo","category-palestina","category-radiozapatista","tag-autonomia","tag-caracoles-zapatistas","tag-el-dia-despues","tag-encuentros","tag-ezln","tag-morelia","tag-resistencia","tag-solidaridad","tag-subcomandante-moises"],"_links":{"self":[{"href":"https:\/\/radiozapatista.org\/index.php?rest_route=\/wp\/v2\/posts\/51801","targetHints":{"allow":["GET"]}}],"collection":[{"href":"https:\/\/radiozapatista.org\/index.php?rest_route=\/wp\/v2\/posts"}],"about":[{"href":"https:\/\/radiozapatista.org\/index.php?rest_route=\/wp\/v2\/types\/post"}],"author":[{"embeddable":true,"href":"https:\/\/radiozapatista.org\/index.php?rest_route=\/wp\/v2\/users\/1"}],"replies":[{"embeddable":true,"href":"https:\/\/radiozapatista.org\/index.php?rest_route=%2Fwp%2Fv2%2Fcomments&post=51801"}],"version-history":[{"count":13,"href":"https:\/\/radiozapatista.org\/index.php?rest_route=\/wp\/v2\/posts\/51801\/revisions"}],"predecessor-version":[{"id":51884,"href":"https:\/\/radiozapatista.org\/index.php?rest_route=\/wp\/v2\/posts\/51801\/revisions\/51884"}],"wp:featuredmedia":[{"embeddable":true,"href":"https:\/\/radiozapatista.org\/index.php?rest_route=\/wp\/v2\/media\/51874"}],"wp:attachment":[{"href":"https:\/\/radiozapatista.org\/index.php?rest_route=%2Fwp%2Fv2%2Fmedia&parent=51801"}],"wp:term":[{"taxonomy":"category","embeddable":true,"href":"https:\/\/radiozapatista.org\/index.php?rest_route=%2Fwp%2Fv2%2Fcategories&post=51801"},{"taxonomy":"post_tag","embeddable":true,"href":"https:\/\/radiozapatista.org\/index.php?rest_route=%2Fwp%2Fv2%2Ftags&post=51801"}],"curies":[{"name":"wp","href":"https:\/\/api.w.org\/{rel}","templated":true}]}}